{"id":5912,"date":"2022-10-13T14:53:00","date_gmt":"2022-10-13T12:53:00","guid":{"rendered":"https:\/\/www.uni.lu\/de\/?post_type=news&#038;p=5912"},"modified":"2025-02-19T10:03:18","modified_gmt":"2025-02-19T09:03:18","slug":"einladung-zur-podiumsdiskussion","status":"publish","type":"news","link":"https:\/\/www.uni.lu\/de\/news\/einladung-zur-podiumsdiskussion\/","title":{"rendered":"Einladung zur Podiumsdiskussion"},"content":{"rendered":"\n<section class=\"wp-block-unilux-blocks-free-section section\"><div class=\"container xl:max-w-screen-xl\">\n<p>Einladung zur Podiumsdiskussion zum Thema &#8218;Eng aner Mobilit\u00e9it fir m\u00e9i liewensw\u00e4ert Stied&#8216;<\/p>\n\n\n\n<p>Die deutsche Autorin Katja Diehl stellt ihr Buch &#8222;Autokorrektur &#8211; Mobilit\u00e4t f\u00fcr eine lebenswerte Welt&#8220; vor, mit einer anschliessenden Podiumsdiskussion zum Thema &#8222;Eng aner Mobilit\u00e9it fir m\u00e9i liewensw\u00e4ert Stied&#8220;.<\/p>\n\n\n\n<ul class=\"ulux-list\">\n<li class=\"ulux-list-item\">Wann? <strong>18. Oktober um 18:30 Uhr<\/strong><\/li>\n\n\n\n<li class=\"ulux-list-item\">Wo? Cercle Cit\u00e9 (Eingang Cit\u00e9 Biblioth\u00e8que), 3, Rue Genistre, L-1623 Luxemburg<\/li>\n<\/ul>\n\n\n\n<p>Teilnehmer:<\/p>\n\n\n\n<ul class=\"ulux-list\">\n<li class=\"ulux-list-item\">Fran\u00e7ois Bausch, Vizepremierminister, Minister f\u00fcr Mobilit\u00e4t und \u00f6ffentliche Arbeiten<\/li>\n\n\n\n<li class=\"ulux-list-item\">Katja Diehl, deutsche Schriftstellerin des Buches &#8222;Autokorrektur \u2013 Mobilit\u00e4t f\u00fcr eine lebenswerte Welt&#8220; und Expertin f\u00fcr inklusive und nachhaltige Mobilit\u00e4t<\/li>\n\n\n\n<li class=\"ulux-list-item\">Monique Goldschmit, Pr\u00e4sidentin des Vereins ProVelo<\/li>\n\n\n\n<li class=\"ulux-list-item\">Florian Hertweck, Architekt und Professor f\u00fcr Architektur an der Universit\u00e4t Luxemburg<\/li>\n<\/ul>\n\n\n\n<p>Die Veranstaltung wird vom <i>Minist\u00e8re de la Mobilit\u00e9 et des Travaux publics <\/i>organisiert.<\/p>\n\n\n\n<p><a href=\"https:\/\/gouvernement.lu\/fr\/actualites\/agenda.gouvernement%2Bde%2Bactualites%2Bagenda%2B2022%2B10-octobre%2B18-bausch-mobiliteit-autokorrektur.html\" target=\"_self\" title=\"\" rel=\"noopener\">Weitere Informationen<\/a><\/p>\n\n\n<figure class=\"wp-block-dev4-reusable-blocks-image  object-fit--contain\">\n    \n<img decoding=\"async\" class=\"wp-block-image unilux-custom-image-block\"\n                alt=\"\"\n            src=\"https:\/\/www.uni.lu\/wp-content\/uploads\/sites\/11\/2023\/07\/photo_2e_post_fb.jpg\"\n                    style=\"object-position: 50.00% 50.00%; font-family: &quot;object-fit: contain; object-position: 50.00% 50.00%;&quot;; aspect-ratio: 3\/4; object-fit: contain; width: 100%;\"\n        loading=\"lazy\"\n\/>    <\/figure><\/div><\/section>\n","protected":false},"excerpt":{"rendered":"<p>Einladung zur Podiumsdiskussion zum Thema &#8218;Eng aner Mobilit\u00e9it fir m\u00e9i liewensw\u00e4ert Stied&#8216;<\/p>\n","protected":false},"author":335,"featured_media":2308,"template":"","format":"standard","meta":{"featured_image_focal_point":[],"show_featured_caption":false,"ulux_newsletter_groups":"","uluxPostTitle":"","uluxPrePostTitle":"","_trash_the_other_posts":false,"_price":"","_stock":"","_tribe_ticket_header":"","_tribe_default_ticket_provider":"","_tribe_ticket_capacity":"0","_ticket_start_date":"","_ticket_end_date":"","_tribe_ticket_show_description":"","_tribe_ticket_show_not_going":false,"_tribe_ticket_use_global_stock":"","_tribe_ticket_global_stock_level":"","_global_stock_mode":"","_global_stock_cap":"","_tribe_rsvp_for_event":"","_tribe_ticket_going_count":"","_tribe_ticket_not_going_count":"","_tribe_tickets_list":"[]","_tribe_ticket_has_attendee_info_fields":false},"news-category":[4],"news-topic":[15],"organisation":[149,147],"authorship":[335,44],"acf":[],"yoast_head":"<!-- This site is optimized with the Yoast SEO Premium plugin v22.3 (Yoast SEO v22.3) - https:\/\/yoast.com\/wordpress\/plugins\/seo\/ -->\n<title>Einladung zur Podiumsdiskussion - Universit\u00e4t Luxemburg<\/title>\n<meta name=\"description\" content=\"Einladung zur Podiumsdiskussion zum Thema &#039;Eng aner Mobilit\u00e9it fir m\u00e9i liewensw\u00e4ert Stied&#039;\" \/>\n<meta name=\"robots\" content=\"index, follow, max-snippet:-1, max-image-preview:large, max-video-preview:-1\" \/>\n<link rel=\"canonical\" href=\"https:\/\/www.uni.lu\/de\/news\/einladung-zur-podiumsdiskussion\/\" \/>\n<meta property=\"og:locale\" content=\"de_DE\" \/>\n<meta property=\"og:type\" content=\"article\" \/>\n<meta property=\"og:title\" content=\"Einladung zur Podiumsdiskussion\" \/>\n<meta property=\"og:description\" content=\"Einladung zur Podiumsdiskussion zum Thema &#039;Eng aner Mobilit\u00e9it fir m\u00e9i liewensw\u00e4ert Stied&#039;\" \/>\n<meta property=\"og:url\" content=\"https:\/\/www.uni.lu\/de\/news\/einladung-zur-podiumsdiskussion\/\" \/>\n<meta property=\"og:site_name\" content=\"UNI DE\" \/>\n<meta property=\"article:publisher\" content=\"https:\/\/www.facebook.com\/uni.lu\" \/>\n<meta property=\"article:modified_time\" content=\"2025-02-19T09:03:18+00:00\" \/>\n<meta property=\"og:image\" content=\"https:\/\/www.uni.lu\/wp-content\/uploads\/sites\/10\/2023\/11\/Placeholder_news.png\" \/>\n\t<meta property=\"og:image:width\" content=\"1500\" \/>\n\t<meta property=\"og:image:height\" content=\"1125\" \/>\n\t<meta property=\"og:image:type\" content=\"image\/png\" \/>\n<meta name=\"twitter:card\" content=\"summary_large_image\" \/>\n<meta name=\"twitter:label1\" content=\"Gesch\u00e4tzte Lesezeit\" \/>\n\t<meta name=\"twitter:data1\" content=\"1 Minute\" \/>\n<script type=\"application\/ld+json\" class=\"yoast-schema-graph\">{\"@context\":\"https:\/\/schema.org\",\"@graph\":[{\"@type\":\"NewsArticle\",\"@id\":\"https:\/\/www.uni.lu\/de\/news\/einladung-zur-podiumsdiskussion\/#article\",\"isPartOf\":{\"@id\":\"https:\/\/www.uni.lu\/de\/news\/einladung-zur-podiumsdiskussion\/\"},\"author\":{\"name\":\"valentinadelgaudio\",\"@id\":\"https:\/\/www.uni.lu\/de\/#\/schema\/person\/0d4d61892313f40f3b9bb798f407531b\"},\"headline\":\"Einladung zur Podiumsdiskussion\",\"datePublished\":\"2022-10-13T12:53:00+00:00\",\"dateModified\":\"2025-02-19T09:03:18+00:00\",\"mainEntityOfPage\":{\"@id\":\"https:\/\/www.uni.lu\/de\/news\/einladung-zur-podiumsdiskussion\/\"},\"wordCount\":139,\"publisher\":{\"@id\":\"https:\/\/www.uni.lu\/de\/#organization\"},\"image\":{\"@id\":\"https:\/\/www.uni.lu\/de\/news\/einladung-zur-podiumsdiskussion\/#primaryimage\"},\"thumbnailUrl\":\"https:\/\/www.uni.lu\/wp-content\/uploads\/sites\/10\/2023\/11\/Placeholder_news.png\",\"inLanguage\":\"de-DE\"},{\"@type\":\"WebPage\",\"@id\":\"https:\/\/www.uni.lu\/de\/news\/einladung-zur-podiumsdiskussion\/\",\"url\":\"https:\/\/www.uni.lu\/de\/news\/einladung-zur-podiumsdiskussion\/\",\"name\":\"Einladung zur Podiumsdiskussion - Universit\u00e4t Luxemburg\",\"isPartOf\":{\"@id\":\"https:\/\/www.uni.lu\/de\/#website\"},\"primaryImageOfPage\":{\"@id\":\"https:\/\/www.uni.lu\/de\/news\/einladung-zur-podiumsdiskussion\/#primaryimage\"},\"image\":{\"@id\":\"https:\/\/www.uni.lu\/de\/news\/einladung-zur-podiumsdiskussion\/#primaryimage\"},\"thumbnailUrl\":\"https:\/\/www.uni.lu\/wp-content\/uploads\/sites\/10\/2023\/11\/Placeholder_news.png\",\"datePublished\":\"2022-10-13T12:53:00+00:00\",\"dateModified\":\"2025-02-19T09:03:18+00:00\",\"description\":\"Einladung zur Podiumsdiskussion zum Thema 'Eng aner Mobilit\u00e9it fir m\u00e9i liewensw\u00e4ert Stied'\",\"breadcrumb\":{\"@id\":\"https:\/\/www.uni.lu\/de\/news\/einladung-zur-podiumsdiskussion\/#breadcrumb\"},\"inLanguage\":\"de-DE\",\"potentialAction\":[{\"@type\":\"ReadAction\",\"target\":[\"https:\/\/www.uni.lu\/de\/news\/einladung-zur-podiumsdiskussion\/\"]}]},{\"@type\":\"ImageObject\",\"inLanguage\":\"de-DE\",\"@id\":\"https:\/\/www.uni.lu\/de\/news\/einladung-zur-podiumsdiskussion\/#primaryimage\",\"url\":\"https:\/\/www.uni.lu\/wp-content\/uploads\/sites\/10\/2023\/11\/Placeholder_news.png\",\"contentUrl\":\"https:\/\/www.uni.lu\/wp-content\/uploads\/sites\/10\/2023\/11\/Placeholder_news.png\",\"width\":1500,\"height\":1125},{\"@type\":\"BreadcrumbList\",\"@id\":\"https:\/\/www.uni.lu\/de\/news\/einladung-zur-podiumsdiskussion\/#breadcrumb\",\"itemListElement\":[{\"@type\":\"ListItem\",\"position\":1,\"name\":\"Home\",\"item\":\"https:\/\/www.uni.lu\/de\/\"},{\"@type\":\"ListItem\",\"position\":2,\"name\":\"News\",\"item\":\"https:\/\/www.uni.lu\/de\/news\/\"},{\"@type\":\"ListItem\",\"position\":3,\"name\":\"Einladung zur Podiumsdiskussion\"}]},{\"@type\":\"WebSite\",\"@id\":\"https:\/\/www.uni.lu\/de\/#website\",\"url\":\"https:\/\/www.uni.lu\/de\/\",\"name\":\"Uni.lu\",\"description\":\"Universit\u00e4t Luxemburg\",\"publisher\":{\"@id\":\"https:\/\/www.uni.lu\/de\/#organization\"},\"alternateName\":\"Universit\u00e4t Luxemburg\",\"potentialAction\":[{\"@type\":\"SearchAction\",\"target\":{\"@type\":\"EntryPoint\",\"urlTemplate\":\"https:\/\/www.uni.lu\/de\/?s={search_term_string}\"},\"query-input\":\"required name=search_term_string\"}],\"inLanguage\":\"de-DE\"},{\"@type\":\"Organization\",\"@id\":\"https:\/\/www.uni.lu\/de\/#organization\",\"name\":\"Universit\u00e4t Luxemburg\",\"alternateName\":\"Uni.lu\",\"url\":\"https:\/\/www.uni.lu\/de\/\",\"logo\":{\"@type\":\"ImageObject\",\"inLanguage\":\"de-DE\",\"@id\":\"https:\/\/www.uni.lu\/de\/#\/schema\/logo\/image\/\",\"url\":\"https:\/\/www.uni.lu\/wp-content\/uploads\/sites\/10\/2026\/03\/03120000\/UNIV_SM-Profile_1600x1600px-scaled.jpg\",\"contentUrl\":\"https:\/\/www.uni.lu\/wp-content\/uploads\/sites\/10\/2026\/03\/03120000\/UNIV_SM-Profile_1600x1600px-scaled.jpg\",\"width\":2560,\"height\":2560,\"caption\":\"Universit\u00e4t Luxemburg\"},\"image\":\"https:\/\/www.uni.lu\/wp-content\/uploads\/sites\/10\/2026\/04\/24144329\/20200609-Belval-Campus_Henri-Goergen-23.jpg\",\"sameAs\":[\"https:\/\/www.facebook.com\/uni.lu\",\"https:\/\/www.linkedin.com\/school\/university-of-luxembourg\/\",\"https:\/\/www.instagram.com\/uni.lu\",\"https:\/\/www.youtube.com\/@uni_lu\",\"https:\/\/en.wikipedia.org\/wiki\/University_of_Luxembourg\"],\"email\":\"communication@uni.lu\",\"telephone\":\"+3524666441\",\"address\":{\"@type\":\"PostalAddress\",\"streetAddress\":\"2, place de l\u2019Universit\u00e9\",\"addressLocality\":\"Esch-sur-Alzette\",\"postalCode\":\"4365\",\"addressCountry\":\"LU\"},\"description\":\"Universit\u00e4t Luxemburg\"},{\"@type\":\"Person\",\"@id\":\"https:\/\/www.uni.lu\/de\/#\/schema\/person\/0d4d61892313f40f3b9bb798f407531b\",\"name\":\"valentinadelgaudio\",\"image\":{\"@type\":\"ImageObject\",\"inLanguage\":\"de-DE\",\"@id\":\"https:\/\/www.uni.lu\/de\/#\/schema\/person\/image\/\",\"url\":\"https:\/\/secure.gravatar.com\/avatar\/be0650afbd68aa0abc872863d8291dc1?s=96&d=mm&r=g\",\"contentUrl\":\"https:\/\/secure.gravatar.com\/avatar\/be0650afbd68aa0abc872863d8291dc1?s=96&d=mm&r=g\",\"caption\":\"valentinadelgaudio\"}}]}<\/script>\n<!-- \/ Yoast SEO Premium plugin. -->","yoast_head_json":{"title":"Einladung zur Podiumsdiskussion - Universit\u00e4t Luxemburg","description":"Einladung zur Podiumsdiskussion zum Thema 'Eng aner Mobilit\u00e9it fir m\u00e9i liewensw\u00e4ert Stied'","robots":{"index":"index","follow":"follow","max-snippet":"max-snippet:-1","max-image-preview":"max-image-preview:large","max-video-preview":"max-video-preview:-1"},"canonical":"https:\/\/www.uni.lu\/de\/news\/einladung-zur-podiumsdiskussion\/","og_locale":"de_DE","og_type":"article","og_title":"Einladung zur Podiumsdiskussion","og_description":"Einladung zur Podiumsdiskussion zum Thema 'Eng aner Mobilit\u00e9it fir m\u00e9i liewensw\u00e4ert Stied'","og_url":"https:\/\/www.uni.lu\/de\/news\/einladung-zur-podiumsdiskussion\/","og_site_name":"UNI DE","article_publisher":"https:\/\/www.facebook.com\/uni.lu","article_modified_time":"2025-02-19T09:03:18+00:00","og_image":[{"width":1500,"height":1125,"url":"https:\/\/www.uni.lu\/wp-content\/uploads\/sites\/10\/2023\/11\/Placeholder_news.png","type":"image\/png"}],"twitter_card":"summary_large_image","twitter_misc":{"Gesch\u00e4tzte Lesezeit":"1 Minute"},"schema":{"@context":"https:\/\/schema.org","@graph":[{"@type":"NewsArticle","@id":"https:\/\/www.uni.lu\/de\/news\/einladung-zur-podiumsdiskussion\/#article","isPartOf":{"@id":"https:\/\/www.uni.lu\/de\/news\/einladung-zur-podiumsdiskussion\/"},"author":{"name":"valentinadelgaudio","@id":"https:\/\/www.uni.lu\/de\/#\/schema\/person\/0d4d61892313f40f3b9bb798f407531b"},"headline":"Einladung zur Podiumsdiskussion","datePublished":"2022-10-13T12:53:00+00:00","dateModified":"2025-02-19T09:03:18+00:00","mainEntityOfPage":{"@id":"https:\/\/www.uni.lu\/de\/news\/einladung-zur-podiumsdiskussion\/"},"wordCount":139,"publisher":{"@id":"https:\/\/www.uni.lu\/de\/#organization"},"image":{"@id":"https:\/\/www.uni.lu\/de\/news\/einladung-zur-podiumsdiskussion\/#primaryimage"},"thumbnailUrl":"https:\/\/www.uni.lu\/wp-content\/uploads\/sites\/10\/2023\/11\/Placeholder_news.png","inLanguage":"de-DE"},{"@type":"WebPage","@id":"https:\/\/www.uni.lu\/de\/news\/einladung-zur-podiumsdiskussion\/","url":"https:\/\/www.uni.lu\/de\/news\/einladung-zur-podiumsdiskussion\/","name":"Einladung zur Podiumsdiskussion - Universit\u00e4t Luxemburg","isPartOf":{"@id":"https:\/\/www.uni.lu\/de\/#website"},"primaryImageOfPage":{"@id":"https:\/\/www.uni.lu\/de\/news\/einladung-zur-podiumsdiskussion\/#primaryimage"},"image":{"@id":"https:\/\/www.uni.lu\/de\/news\/einladung-zur-podiumsdiskussion\/#primaryimage"},"thumbnailUrl":"https:\/\/www.uni.lu\/wp-content\/uploads\/sites\/10\/2023\/11\/Placeholder_news.png","datePublished":"2022-10-13T12:53:00+00:00","dateModified":"2025-02-19T09:03:18+00:00","description":"Einladung zur Podiumsdiskussion zum Thema 'Eng aner Mobilit\u00e9it fir m\u00e9i liewensw\u00e4ert Stied'","breadcrumb":{"@id":"https:\/\/www.uni.lu\/de\/news\/einladung-zur-podiumsdiskussion\/#breadcrumb"},"inLanguage":"de-DE","potentialAction":[{"@type":"ReadAction","target":["https:\/\/www.uni.lu\/de\/news\/einladung-zur-podiumsdiskussion\/"]}]},{"@type":"ImageObject","inLanguage":"de-DE","@id":"https:\/\/www.uni.lu\/de\/news\/einladung-zur-podiumsdiskussion\/#primaryimage","url":"https:\/\/www.uni.lu\/wp-content\/uploads\/sites\/10\/2023\/11\/Placeholder_news.png","contentUrl":"https:\/\/www.uni.lu\/wp-content\/uploads\/sites\/10\/2023\/11\/Placeholder_news.png","width":1500,"height":1125},{"@type":"BreadcrumbList","@id":"https:\/\/www.uni.lu\/de\/news\/einladung-zur-podiumsdiskussion\/#breadcrumb","itemListElement":[{"@type":"ListItem","position":1,"name":"Home","item":"https:\/\/www.uni.lu\/de\/"},{"@type":"ListItem","position":2,"name":"News","item":"https:\/\/www.uni.lu\/de\/news\/"},{"@type":"ListItem","position":3,"name":"Einladung zur Podiumsdiskussion"}]},{"@type":"WebSite","@id":"https:\/\/www.uni.lu\/de\/#website","url":"https:\/\/www.uni.lu\/de\/","name":"Uni.lu","description":"Universit\u00e4t Luxemburg","publisher":{"@id":"https:\/\/www.uni.lu\/de\/#organization"},"alternateName":"Universit\u00e4t Luxemburg","potentialAction":[{"@type":"SearchAction","target":{"@type":"EntryPoint","urlTemplate":"https:\/\/www.uni.lu\/de\/?s={search_term_string}"},"query-input":"required name=search_term_string"}],"inLanguage":"de-DE"},{"@type":"Organization","@id":"https:\/\/www.uni.lu\/de\/#organization","name":"Universit\u00e4t Luxemburg","alternateName":"Uni.lu","url":"https:\/\/www.uni.lu\/de\/","logo":{"@type":"ImageObject","inLanguage":"de-DE","@id":"https:\/\/www.uni.lu\/de\/#\/schema\/logo\/image\/","url":"https:\/\/www.uni.lu\/wp-content\/uploads\/sites\/10\/2026\/03\/03120000\/UNIV_SM-Profile_1600x1600px-scaled.jpg","contentUrl":"https:\/\/www.uni.lu\/wp-content\/uploads\/sites\/10\/2026\/03\/03120000\/UNIV_SM-Profile_1600x1600px-scaled.jpg","width":2560,"height":2560,"caption":"Universit\u00e4t Luxemburg"},"image":"https:\/\/www.uni.lu\/wp-content\/uploads\/sites\/10\/2026\/04\/24144329\/20200609-Belval-Campus_Henri-Goergen-23.jpg","sameAs":["https:\/\/www.facebook.com\/uni.lu","https:\/\/www.linkedin.com\/school\/university-of-luxembourg\/","https:\/\/www.instagram.com\/uni.lu","https:\/\/www.youtube.com\/@uni_lu","https:\/\/en.wikipedia.org\/wiki\/University_of_Luxembourg"],"email":"communication@uni.lu","telephone":"+3524666441","address":{"@type":"PostalAddress","streetAddress":"2, place de l\u2019Universit\u00e9","addressLocality":"Esch-sur-Alzette","postalCode":"4365","addressCountry":"LU"},"description":"Universit\u00e4t Luxemburg"},{"@type":"Person","@id":"https:\/\/www.uni.lu\/de\/#\/schema\/person\/0d4d61892313f40f3b9bb798f407531b","name":"valentinadelgaudio","image":{"@type":"ImageObject","inLanguage":"de-DE","@id":"https:\/\/www.uni.lu\/de\/#\/schema\/person\/image\/","url":"https:\/\/secure.gravatar.com\/avatar\/be0650afbd68aa0abc872863d8291dc1?s=96&d=mm&r=g","contentUrl":"https:\/\/secure.gravatar.com\/avatar\/be0650afbd68aa0abc872863d8291dc1?s=96&d=mm&r=g","caption":"valentinadelgaudio"}}]}},"blog_id":10,"_links":{"self":[{"href":"https:\/\/www.uni.lu\/de\/wp-json\/wp\/v2\/news\/5912"}],"collection":[{"href":"https:\/\/www.uni.lu\/de\/wp-json\/wp\/v2\/news"}],"about":[{"href":"https:\/\/www.uni.lu\/de\/wp-json\/wp\/v2\/types\/news"}],"author":[{"embeddable":true,"href":"https:\/\/www.uni.lu\/de\/wp-json\/wp\/v2\/users\/335"}],"version-history":[{"count":1,"href":"https:\/\/www.uni.lu\/de\/wp-json\/wp\/v2\/news\/5912\/revisions"}],"predecessor-version":[{"id":5915,"href":"https:\/\/www.uni.lu\/de\/wp-json\/wp\/v2\/news\/5912\/revisions\/5915"}],"wp:authorship":[{"embeddable":true,"href":"https:\/\/www.uni.lu\/de\/wp-json\/wp\/v2\/users\/335"},{"embeddable":true,"href":"https:\/\/www.uni.lu\/de\/wp-json\/wp\/v2\/users\/44"}],"wp:featuredmedia":[{"embeddable":true,"href":"https:\/\/www.uni.lu\/de\/wp-json\/wp\/v2\/media\/2308"}],"wp:attachment":[{"href":"https:\/\/www.uni.lu\/de\/wp-json\/wp\/v2\/media?parent=5912"}],"wp:term":[{"taxonomy":"news-category","embeddable":true,"href":"https:\/\/www.uni.lu\/de\/wp-json\/wp\/v2\/news-category?post=5912"},{"taxonomy":"news-topic","embeddable":true,"href":"https:\/\/www.uni.lu\/de\/wp-json\/wp\/v2\/news-topic?post=5912"},{"taxonomy":"organisation","embeddable":true,"href":"https:\/\/www.uni.lu\/de\/wp-json\/wp\/v2\/organisation?post=5912"}],"curies":[{"name":"wp","href":"https:\/\/api.w.org\/{rel}","templated":true}]}}