{"id":5721,"date":"2025-01-15T11:45:43","date_gmt":"2025-01-15T10:45:43","guid":{"rendered":"https:\/\/www.uni.lu\/de\/?post_type=news&#038;p=5721"},"modified":"2025-01-16T15:05:43","modified_gmt":"2025-01-16T14:05:43","slug":"erster-satellit-der-universitaet-luxemburg-erfolgreich-mit-spacex-falcon-9-gestartet","status":"publish","type":"news","link":"https:\/\/www.uni.lu\/de\/news\/erster-satellit-der-universitaet-luxemburg-erfolgreich-mit-spacex-falcon-9-gestartet\/","title":{"rendered":"Erster Satellit der Universit\u00e4t Luxemburg erfolgreich mit SpaceX Falcon 9 gestartet"},"content":{"rendered":"\n<section class=\"wp-block-unilux-blocks-free-section section\"><div class=\"container xl:max-w-screen-xl\">\n<p>Der erste Miniatursatellit der Universit\u00e4t Luxemburg, POQUITO (PocketQube for In-Orbit Technology Operations), wurde am 14. Januar um 11:09 Uhr Ortszeit von der Vandenberg Space Force Base in Kalifornien erfolgreich ins All gebracht. Der Satellit hob an Bord einer SpaceX Falcon 9 Rakete im Rahmen der Transporter-12 Rideshare-Mission ab.<\/p>\n\n\n\n<p>Mit einer Gr\u00f6\u00dfe von 5 x 5 x 5 cm, was in etwa der Gr\u00f6\u00dfe eines Rubik&#8217;s Cubeentspricht, wird POQUITO \u00fcber die Rideshare-Dienste von Alba Orbital mit Hilfe eines AlbaPod PocketQube in eine sonnensynchrone Umlaufbahn in 525 km H\u00f6he gebracht. &nbsp;<\/p>\n\n\n\n<p>POQUITO wurde vom <a href=\"https:\/\/www.uni.lu\/snt-en\/research-groups\/spasys\/\">Space Systems Engineering<\/a> (SpaSys)-Team des Interdisziplin\u00e4ren Zentrums f\u00fcr Sicherheit, Zuverl\u00e4ssigkeit und Vertrauen (SnT) entwickelt und ist ein bedeutender Meilenstein, da er der erste Satellit ist, den die Universit\u00e4t Luxemburg vollst\u00e4ndig besitzt. Das Projekt, das von Forschern und Studenten der Universit\u00e4t entworfen, gebaut und betrieben wird, soll ultra-miniaturisierte Technologien im Weltraum demonstrieren.<\/p>\n\n\n\n<p>POQUITO beherbergt einen 5x5x0,2 cm gro\u00dfen ChipSat, eine autonom operierende Nutzlast aus Leiterplatten. Die Mission besteht darin, die optische Kommunikation zwischen dem Satelliten und dem ChipSat mit Hilfe von miniaturisierten LEDs (Leuchtdioden) zu testen und den Satelliten \u00fcber das Magnetfeld der Erde zu steuern. Dieses Experiment ist ein wichtiger Schritt auf dem Weg zur Miniaturisierung von Satelliten, einer wichtigen technologischen Entwicklung, um Kosten zu senken und den Weltraum besser zug\u00e4nglich zu machen.&nbsp;<\/p>\n\n\n\n<section class=\"wp-block-unilux-blocks-quote-people\">\n    <div class=\"quote-people\" role=\"group\">\n        <figure class=\"quote-people__body\">\n            <blockquote class=\"quote-people__blockquote\">\n    <span class=\"quote-people__quote\">\u201f<\/span>\n    Dies ist ein Meilenstein f\u00fcr die Universit\u00e4t Luxemburg. Mit diesem Start bauen wir strategische F\u00e4higkeiten f\u00fcr Luxemburg auf und legen den Grundstein f\u00fcr zuk\u00fcnftige Weltraummissionen.\u201d\n<\/blockquote>\n<div class=\"wp-block-unilux-blocks-wrapper quote-people__visual\"><figure class=\"wp-block-dev4-reusable-blocks-image  object-fit--cover\">\n    \n<img decoding=\"async\" class=\"wp-block-image unilux-custom-image-block\"\n                alt=\"Portrait of Jan Kreisel, rector of the Uni.lu\"\n            src=\"https:\/\/www.uni.lu\/wp-content\/uploads\/sites\/9\/2025\/01\/kreisel-scaled.jpg\"\n                    style=\"object-position: 50.00% 50.00%; font-family: &quot;object-fit: cover; object-position: 50.00% 50.00%;&quot;; aspect-ratio: 1\/1; object-fit: cover; width: 100%;\"\n        loading=\"lazy\"\n\/>    <\/figure><\/div>\n\n<div class=\"wp-block-unilux-blocks-wrapper quote-people__figcaption\">\n<p class=\"quote-people__author wp-block-unilux-blocks-plain-text\">Prof. Jens Kreisel<\/p>\n\n\n<p class=\"quote-people__position wp-block-unilux-blocks-plain-text\">Rektor<\/p>\n\n<div class=\"wp-block-unilux-blocks-simple-cta\">\n    <a\n        href=\"https:\/\/www.uni.lu\/fstm-en\/people\/jens-kreisel\/\"\n        title=\"View Profile\"\n        class=\"link-text link-text--icon quote-people__link\"\n        target=\"\"\n    >\n        <span class=\"link-text__body\">\n            <span class=\"link-text__name\">Profil ansehen<\/span>\n        <\/span>\n        <svg aria-hidden=\"true\" focusable=\"false\" class=\"icon icon-outline icon--arrow-right \"><use xlink:href=\"https:\/\/www.uni.lu\/wp-content\/themes\/unilux-theme\/assets\/images\/icons\/icons-outline.svg#icon--arrow-right\"><\/use><\/svg>    <\/a>\n<\/div>\n<\/div>\n        <\/figure>\n    <\/div>\n<\/section>\n\n\n<p><em>&nbsp;\u201eZum ersten Mal haben wir alle Aspekte einer Weltraummission gemanagt, vom Design und den Tests bis hin zur Lizenzierung und Sicherung eines Starttr\u00e4gers\u201c, sagte Prof. Dr. Andreas Hein, Leiter des SpaSys-Teams bei SnT. \u201eWir werden diese Erfahrung nutzen, um k\u00fcnftige Raumfahrtprojekte voranzutreiben und die Grenzen der Miniaturisierung von Satelliten zu erweitern.\u201c<\/em><\/p>\n\n\n\n<p>Der Satellit wird bis zu drei Jahre lang in Betrieb sein und \u00fcber UHF-Frequenzen (Ultra High Frequencies) mit der Bodenstation von SnT auf dem Kirchberg in Luxemburg kommunizieren. Er wird einen offenen Zugang zu Telemetrie- und Kommunikationstests bieten und damit wertvolle Erkenntnisse f\u00fcr die Entwicklung k\u00fcnftiger miniaturisierter Raumfahrttechnologien liefern.<\/p>\n\n\n<div class=\"wp-block-unilux-blocks-spacer is-spacer-size-md\"><\/div>\n\n\n<section class=\"alignfull wp-block-unilux-blocks-gallery-carousel\">\n    <div class=\"swiper swiper-gallery\" aria-roledescription=\"carousel\" aria-label=\"A gallery of images\">\n        <!-- Swiper button Next & Prev -->\n        <div class=\"swiper-nav\">\n            <div class=\"swiper-nav__container\">\n                <div class=\"swiper-nav__grid\">\n                    <button type=\"button\" class=\"swiper-button-next\">\n                        <svg aria-hidden=\"true\" focusable=\"false\" class=\"icon icon-outline icon--arrow-right \"><use xlink:href=\"https:\/\/www.uni.lu\/wp-content\/themes\/unilux-theme\/assets\/images\/icons\/icons-outline.svg#icon--arrow-right\"><\/use><\/svg>                    <\/button>\n                    <button type=\"button\" class=\"swiper-button-prev\">\n                        <svg aria-hidden=\"true\" focusable=\"false\" class=\"icon icon-outline icon--arrow-left \"><use xlink:href=\"https:\/\/www.uni.lu\/wp-content\/themes\/unilux-theme\/assets\/images\/icons\/icons-outline.svg#icon--arrow-left\"><\/use><\/svg>                    <\/button>\n                <\/div>\n            <\/div>\n        <\/div>\n\n        <!-- swiper slides -->\n        <ul class=\"swiper-wrapper\">\n            \n<li class=\"swiper-slide\" aria-roledescription=\"slide\">\n    <figure class=\"wp-block-dev4-reusable-blocks-image swiper-slide__bg object-fit--cover\">\n    \n<img decoding=\"async\" class=\"wp-block-image unilux-custom-image-block\"\n                alt=\"Poquito satellite\"\n            src=\"https:\/\/www.uni.lu\/wp-content\/uploads\/sites\/9\/2025\/01\/01-Poquito-scaled.jpg\"\n                    style=\"object-position: 50.00% 50.00%; font-family: &quot;object-fit: cover; object-position: 50.00% 50.00%;&quot;; aspect-ratio: 16\/9; object-fit: cover; width: 100%;\"\n        loading=\"lazy\"\n\/>            <p class=\"wp-block-dev4-reusable-blocks-image-caption\">\n            POQUITO, der erste Miniatursatellit der Universit\u00e4t Luxemburg        <\/p>\n    <\/figure><\/li>\n<li class=\"swiper-slide\" aria-roledescription=\"slide\">\n    <figure class=\"wp-block-dev4-reusable-blocks-image swiper-slide__bg object-fit--cover\">\n    \n<img decoding=\"async\" class=\"wp-block-image unilux-custom-image-block\"\n                alt=\"\"\n            src=\"https:\/\/www.uni.lu\/wp-content\/uploads\/sites\/9\/2025\/01\/02-Poquito-Team-SnT-scaled.jpg\"\n                    style=\"object-position: 50.00% 50.00%; font-family: &quot;object-fit: cover; object-position: 50.00% 50.00%;&quot;; aspect-ratio: 16\/9; object-fit: cover; width: 100%;\"\n        loading=\"lazy\"\n\/>            <p class=\"wp-block-dev4-reusable-blocks-image-caption\">\n            Das SpaSys-Team bei der SnT        <\/p>\n    <\/figure><\/li>\n<li class=\"swiper-slide\" aria-roledescription=\"slide\">\n    <figure class=\"wp-block-dev4-reusable-blocks-image swiper-slide__bg object-fit--cover\">\n    \n<img decoding=\"async\" class=\"wp-block-image unilux-custom-image-block\"\n                alt=\"\"\n            src=\"https:\/\/www.uni.lu\/wp-content\/uploads\/sites\/9\/2025\/01\/03-Vittorio-Franzese-scaled.jpg\"\n                    style=\"object-position: 50.00% 50.00%; font-family: &quot;object-fit: cover; object-position: 50.00% 50.00%;&quot;; aspect-ratio: 16\/9; object-fit: cover; width: 100%;\"\n        loading=\"lazy\"\n\/>            <p class=\"wp-block-dev4-reusable-blocks-image-caption\">\n            Vittorio Franzese, Postdoc-Forscher bei SnT SpaSys        <\/p>\n    <\/figure><\/li>\n<li class=\"swiper-slide\" aria-roledescription=\"slide\">\n    <figure class=\"wp-block-dev4-reusable-blocks-image swiper-slide__bg object-fit--cover\">\n    \n<img decoding=\"async\" class=\"wp-block-image unilux-custom-image-block\"\n                alt=\"\"\n            src=\"https:\/\/www.uni.lu\/wp-content\/uploads\/sites\/9\/2025\/01\/04-Andreas-Hein-scaled.jpg\"\n                    style=\"object-position: 50.00% 50.00%; font-family: &quot;object-fit: cover; object-position: 50.00% 50.00%;&quot;; aspect-ratio: 16\/9; object-fit: cover; width: 100%;\"\n        loading=\"lazy\"\n\/>            <p class=\"wp-block-dev4-reusable-blocks-image-caption\">\n            Andreas Hein, Leiter des SpaSys-Teams bei SnT        <\/p>\n    <\/figure><\/li>        <\/ul>\n\n        <!-- Swiper pagination -->\n        <div class=\"swiper-pagination\">\n            <div class=\"swiper-pagination__bullets\"><\/div>\n        <\/div>\n    <\/div>\n<\/section>\n\n<div class=\"wp-block-unilux-blocks-spacer is-spacer-size-md\"><\/div>\n\n\n<h2 class=\"has-text-align-left wp-block-unilux-blocks-heading\"        id=\"poquito-satellite-in-den-medien\"\n    >\nPOQUITO Satellite in den Medien<\/h2>\n\n\n\n<div class=\"wp-block-unilux-blocks-guidebook-list-wrapper guidebook\">\n<header class=\"wp-block-unilux-blocks-wrapper guidebook__header\">\n<h3 class=\"guidebook__title has-text-align-left wp-block-unilux-blocks-heading\"        id=\"links-auf-luxemburgisch\"\n    >\nLinks auf Luxemburgisch<\/h3>\n\n\n\n<p><\/p>\n<\/header>\n\n\n<ul class=\"guidebook__listing  wp-block-unilux-blocks-guidebook-list\">\n    <li class=\"guidebook__item  wp-block-unilux-blocks-guidebook-list-item\">\n        <a\n        href=\"https:\/\/www.100komma7.lu\/news\/Haut-ass-e-bedeitenden-Dag-fir-d-Letzebuerger-Participatioun-u-Weltallmissiounen?pd=radio\"\n        class=\"quick-link\"\n        target=\"_blank\"\n    >\n            \n<div class=\"wp-block-unilux-blocks-wrapper guidebook__visual\"><figure class=\"wp-block-dev4-reusable-blocks-image w-full object-fit--cover\">\n        <\/figure><\/div>\n\n<div class=\"wp-block-unilux-blocks-wrapper guidebook__body\">\n<h4 class=\"guidebook__name has-text-align-left wp-block-unilux-blocks-heading\"        id=\"e-bedeitenden-dag-fir-dletzebuerger-participatioun-u-weltallmissiounen\"\n    >\nE bedeitenden Dag fir d\u2018L\u00ebtzebuerger Participatioun u Weltallmissiounen<\/h4>\n\n\n\n<cite class=\"wp-block-unilux-blocks-plain-text\">100komma7.lu<\/cite><\/div>\n        <\/a>\n    <\/li><li class=\"guidebook__item  wp-block-unilux-blocks-guidebook-list-item\">\n        <a\n        href=\"https:\/\/www.rtl.lu\/news\/national\/a\/2267109.html\"\n        class=\"quick-link\"\n        target=\"_blank\"\n    >\n            \n<div class=\"wp-block-unilux-blocks-wrapper guidebook__visual\"><figure class=\"wp-block-dev4-reusable-blocks-image w-full object-fit--cover\">\n        <\/figure><\/div>\n\n<div class=\"wp-block-unilux-blocks-wrapper guidebook__body\">\n<h4 class=\"guidebook__name has-text-align-left wp-block-unilux-blocks-heading\"        id=\"satellit-vun-uni-lu-um-wee-an-den-all-lancement-vu-mound-rover-um-mettwochmoien\"\n    >\nSatellit vun Uni.lu um Wee an den All, Lancement vu Mound-Rover um M\u00ebttwochmoien<\/h4>\n\n\n\n<cite class=\"wp-block-unilux-blocks-plain-text\">RTL L\u00ebtzebuerg<\/cite><\/div>\n        <\/a>\n    <\/li><li class=\"guidebook__item  wp-block-unilux-blocks-guidebook-list-item\">\n        <a\n        href=\"https:\/\/www.rtl.lu\/news\/national\/a\/2265700.html\"\n        class=\"quick-link\"\n        target=\"_blank\"\n    >\n            \n<div class=\"wp-block-unilux-blocks-wrapper guidebook__visual\"><figure class=\"wp-block-dev4-reusable-blocks-image w-full object-fit--cover\">\n        <\/figure><\/div>\n\n<div class=\"wp-block-unilux-blocks-wrapper guidebook__body\">\n<h4 class=\"guidebook__name has-text-align-left wp-block-unilux-blocks-heading\"        id=\"de-poquito-e-miniatur-satellit-made-in-luxembourg\"\n    >\nDe &#8222;Poquito&#8220;, e Miniatur-Satellit made in Luxembourg<\/h4>\n\n\n\n<cite class=\"wp-block-unilux-blocks-plain-text\">RTL L\u00ebtzebuerg<\/cite><\/div>\n        <\/a>\n    <\/li><\/ul><\/div>\n\n\n\n<div class=\"wp-block-unilux-blocks-guidebook-list-wrapper guidebook\">\n<header class=\"wp-block-unilux-blocks-wrapper guidebook__header\">\n<h3 class=\"guidebook__title has-text-align-left wp-block-unilux-blocks-heading\"        id=\"links-auf-deutsch\"\n    >\nLinks auf Deutsch<\/h3>\n\n\n\n<p><\/p>\n<\/header>\n\n\n<ul class=\"guidebook__listing  wp-block-unilux-blocks-guidebook-list\">\n    <li class=\"guidebook__item  wp-block-unilux-blocks-guidebook-list-item\">\n        <a\n        href=\"https:\/\/www.volksfreund.de\/region\/luxemburg\/universitaet-luxemburg-schickt-ersten-satelliten-in-den-orbit_aid-123093677\"\n        class=\"quick-link\"\n        target=\"_blank\"\n    >\n            \n<div class=\"wp-block-unilux-blocks-wrapper guidebook__visual\"><figure class=\"wp-block-dev4-reusable-blocks-image w-full object-fit--cover\">\n        <\/figure><\/div>\n\n<div class=\"wp-block-unilux-blocks-wrapper guidebook__body\">\n<h4 class=\"guidebook__name has-text-align-left wp-block-unilux-blocks-heading\"        id=\"universitaet-luxemburg-schickt-ersten-satelliten-in-den-orbit\"\n    >\nUniversit\u00e4t Luxemburg schickt ersten Satelliten in den Orbit<\/h4>\n\n\n\n<cite class=\"wp-block-unilux-blocks-plain-text\">Volksfreund<\/cite><\/div>\n        <\/a>\n    <\/li><li class=\"guidebook__item  wp-block-unilux-blocks-guidebook-list-item\">\n        <a\n        href=\"https:\/\/www.wort.lu\/panorama\/universitaet-luxemburg-schickt-erstmals-eigenen-satelliten-ins-all\/34454835.html\"\n        class=\"quick-link\"\n        target=\"_blank\"\n    >\n            \n<div class=\"wp-block-unilux-blocks-wrapper guidebook__visual\"><figure class=\"wp-block-dev4-reusable-blocks-image w-full object-fit--cover\">\n        <\/figure><\/div>\n\n<div class=\"wp-block-unilux-blocks-wrapper guidebook__body\">\n<h4 class=\"guidebook__name has-text-align-left wp-block-unilux-blocks-heading\"        id=\"universitaet-luxemburg-schickt-erstmals-eigenen-satelliten-ins-all\"\n    >\nUniversit\u00e4t Luxemburg schickt erstmals eigenen Satelliten ins All<\/h4>\n\n\n\n<cite class=\"wp-block-unilux-blocks-plain-text\">Wort<\/cite><\/div>\n        <\/a>\n    <\/li><li class=\"guidebook__item  wp-block-unilux-blocks-guidebook-list-item\">\n        <a\n        href=\"https:\/\/www.lessentiel.lu\/de\/story\/spacex-rakete-luxemburgs-mini-satellit-poquito-ist-auf-grosser-mission-103257993\"\n        class=\"quick-link\"\n        target=\"_blank\"\n    >\n            \n<div class=\"wp-block-unilux-blocks-wrapper guidebook__visual\"><figure class=\"wp-block-dev4-reusable-blocks-image w-full object-fit--cover\">\n        <\/figure><\/div>\n\n<div class=\"wp-block-unilux-blocks-wrapper guidebook__body\">\n<h4 class=\"guidebook__name has-text-align-left wp-block-unilux-blocks-heading\"        id=\"luxemburgs-mini-satellit-poquito-ist-auf-grosser-mission\"\n    >\nLuxemburgs Mini-Satellit Poquito ist auf gro\u00dfer Mission<\/h4>\n\n\n\n<cite class=\"wp-block-unilux-blocks-plain-text\">L&#8217;Essentiel<\/cite><\/div>\n        <\/a>\n    <\/li><li class=\"guidebook__item  wp-block-unilux-blocks-guidebook-list-item\">\n        <a\n        href=\"https:\/\/science.lu\/de\/ein-satellit-made-luxembourg\/der-erste-satellit-der-universitaet-luxemburg-hebt-ab\"\n        class=\"quick-link\"\n        target=\"_blank\"\n    >\n            \n<div class=\"wp-block-unilux-blocks-wrapper guidebook__visual\"><figure class=\"wp-block-dev4-reusable-blocks-image w-full object-fit--cover\">\n        <\/figure><\/div>\n\n<div class=\"wp-block-unilux-blocks-wrapper guidebook__body\">\n<h4 class=\"guidebook__name has-text-align-left wp-block-unilux-blocks-heading\"        id=\"der-erste-satellit-der-universitaet-luxemburg-hebt-ab\"\n    >\nDer erste Satellit der Universit\u00e4t Luxemburg hebt ab<\/h4>\n\n\n\n<cite class=\"wp-block-unilux-blocks-plain-text\">Science.lu<\/cite><\/div>\n        <\/a>\n    <\/li><li class=\"guidebook__item  wp-block-unilux-blocks-guidebook-list-item\">\n        <a\n        href=\"https:\/\/www.tageblatt.lu\/headlines\/ein-wuerfel-als-eintrittsticket-universitaet-luxemburg-schickt-ersten-satelliten-in-den-orbit\/\"\n        class=\"quick-link\"\n        target=\"_blank\"\n    >\n            \n<div class=\"wp-block-unilux-blocks-wrapper guidebook__visual\"><figure class=\"wp-block-dev4-reusable-blocks-image w-full object-fit--cover\">\n        <\/figure><\/div>\n\n<div class=\"wp-block-unilux-blocks-wrapper guidebook__body\">\n<h4 class=\"guidebook__name has-text-align-left wp-block-unilux-blocks-heading\"        id=\"ein-wuerfel-als-eintrittsticket-universitaet-luxemburg-schickt-ersten-satelliten-in-den-orbit\"\n    >\nEin W\u00fcrfel als Eintrittsticket:\u00a0Universit\u00e4t Luxemburg schickt ersten Satelliten in den Orbit<\/h4>\n\n\n\n<cite class=\"wp-block-unilux-blocks-plain-text\">Tageblatt<\/cite><\/div>\n        <\/a>\n    <\/li><li class=\"guidebook__item  wp-block-unilux-blocks-guidebook-list-item\">\n        <a\n        href=\"https:\/\/www.diegrenzgaenger.lu\/gesellschaft\/kleiner-satellit-will-hoch-hinaus\/\"\n        class=\"quick-link\"\n        target=\"_blank\"\n    >\n            \n<div class=\"wp-block-unilux-blocks-wrapper guidebook__visual\"><figure class=\"wp-block-dev4-reusable-blocks-image w-full object-fit--cover\">\n        <\/figure><\/div>\n\n<div class=\"wp-block-unilux-blocks-wrapper guidebook__body\">\n<h4 class=\"guidebook__name has-text-align-left wp-block-unilux-blocks-heading\"        id=\"kleiner-satellit-will-hoch-hinaus\"\n    >\nKleiner Satellit will hoch hinaus<\/h4>\n\n\n\n<cite class=\"wp-block-unilux-blocks-plain-text\">Die Grenzgaenger<\/cite><\/div>\n        <\/a>\n    <\/li><\/ul><\/div>\n\n\n\n<div class=\"wp-block-unilux-blocks-guidebook-list-wrapper guidebook\">\n<header class=\"wp-block-unilux-blocks-wrapper guidebook__header\">\n<h3 class=\"guidebook__title has-text-align-left wp-block-unilux-blocks-heading\"        id=\"links-auf-englisch\"\n    >\nLinks auf Englisch<\/h3>\n\n\n\n<p><\/p>\n<\/header>\n\n\n<ul class=\"guidebook__listing  wp-block-unilux-blocks-guidebook-list\">\n    <li class=\"guidebook__item  wp-block-unilux-blocks-guidebook-list-item\">\n        <a\n        href=\"https:\/\/today.rtl.lu\/news\/luxembourg\/a\/2265405.html\"\n        class=\"quick-link\"\n        target=\"_blank\"\n    >\n            \n<div class=\"wp-block-unilux-blocks-wrapper guidebook__visual\"><figure class=\"wp-block-dev4-reusable-blocks-image w-full object-fit--cover\">\n        <\/figure><\/div>\n\n<div class=\"wp-block-unilux-blocks-wrapper guidebook__body\">\n<h4 class=\"guidebook__name has-text-align-left wp-block-unilux-blocks-heading\"        id=\"university-of-luxembourg-to-launch-first-satellite-into-orbit\"\n    >\nUniversity of Luxembourg to launch first satellite into orbit<\/h4>\n\n\n\n<cite class=\"wp-block-unilux-blocks-plain-text\">RTL Today<\/cite><\/div>\n        <\/a>\n    <\/li><li class=\"guidebook__item  wp-block-unilux-blocks-guidebook-list-item\">\n        <a\n        href=\"https:\/\/delano.lu\/article\/university-of-luxembourg-first-satellite-successfully-launched-by-spacex\"\n        class=\"quick-link\"\n        target=\"\"\n    >\n            \n<div class=\"wp-block-unilux-blocks-wrapper guidebook__visual\"><figure class=\"wp-block-dev4-reusable-blocks-image w-full object-fit--cover\">\n        <\/figure><\/div>\n\n<div class=\"wp-block-unilux-blocks-wrapper guidebook__body\">\n<h4 class=\"guidebook__name has-text-align-left wp-block-unilux-blocks-heading\"        id=\"universitys-first-satellite-successfully-launched-by-spacex\"\n    >\nUniversity\u2019s first satellite successfully launched by SpaceX<\/h4>\n\n\n\n<cite class=\"wp-block-unilux-blocks-plain-text\">Delano<\/cite><\/div>\n        <\/a>\n    <\/li><li class=\"guidebook__item  wp-block-unilux-blocks-guidebook-list-item\">\n        <a\n        href=\"https:\/\/delano.lu\/article\/university-of-luxembourg-first-satellite-successfully-launched-by-spacex\"\n        class=\"quick-link\"\n        target=\"_blank\"\n    >\n            \n<div class=\"wp-block-unilux-blocks-wrapper guidebook__visual\"><figure class=\"wp-block-dev4-reusable-blocks-image w-full object-fit--cover\">\n        <\/figure><\/div>\n\n<div class=\"wp-block-unilux-blocks-wrapper guidebook__body\">\n<h4 class=\"guidebook__name has-text-align-left wp-block-unilux-blocks-heading\"        id=\"universitys-first-satellite-successfully-launched-by-spacex\"\n    >\nUniversity\u2019s first satellite successfully launched by SpaceX<\/h4>\n\n\n\n<cite class=\"wp-block-unilux-blocks-plain-text\">Delano<\/cite><\/div>\n        <\/a>\n    <\/li><li class=\"guidebook__item  wp-block-unilux-blocks-guidebook-list-item\">\n        <a\n        href=\"https:\/\/www.siliconluxembourg.lu\/tiny-satellite-big-mission-poquito-takes-flight\/\"\n        class=\"quick-link\"\n        target=\"_blank\"\n    >\n            \n<div class=\"wp-block-unilux-blocks-wrapper guidebook__visual\"><figure class=\"wp-block-dev4-reusable-blocks-image w-full object-fit--cover\">\n        <\/figure><\/div>\n\n<div class=\"wp-block-unilux-blocks-wrapper guidebook__body\">\n<h4 class=\"guidebook__name has-text-align-left wp-block-unilux-blocks-heading\"        id=\"tiny-satellite-big-mission-poquito-takes-flight\"\n    >\nTiny Satellite, Big Mission: POQUITO Takes Flight<\/h4>\n\n\n\n<cite class=\"wp-block-unilux-blocks-plain-text\">Silicon Luxembourg<\/cite><\/div>\n        <\/a>\n    <\/li><li class=\"guidebook__item  wp-block-unilux-blocks-guidebook-list-item\">\n        <a\n        href=\"https:\/\/chronicle.lu\/category\/satellite\/52965-uni-lu-to-launch-its-1st-satellite-on-tuesday-evening\"\n        class=\"quick-link\"\n        target=\"_blank\"\n    >\n            \n<div class=\"wp-block-unilux-blocks-wrapper guidebook__visual\"><figure class=\"wp-block-dev4-reusable-blocks-image w-full object-fit--cover\">\n        <\/figure><\/div>\n\n<div class=\"wp-block-unilux-blocks-wrapper guidebook__body\">\n<h4 class=\"guidebook__name has-text-align-left wp-block-unilux-blocks-heading\"        id=\"uni-lu-to-launch-its-1st-satellite-on-tuesday-evening\"\n    >\nUni.lu to Launch its 1st Satellite on Tuesday Evening<\/h4>\n\n\n\n<cite class=\"wp-block-unilux-blocks-plain-text\">Chronicle<\/cite><\/div>\n        <\/a>\n    <\/li><\/ul><\/div>\n\n\n\n<div class=\"wp-block-unilux-blocks-guidebook-list-wrapper guidebook\">\n<header class=\"wp-block-unilux-blocks-wrapper guidebook__header\">\n<h3 class=\"guidebook__title has-text-align-left wp-block-unilux-blocks-heading\"        id=\"links-auf-franzoesisch\"\n    >\nLinks auf Franz\u00f6sisch<\/h3>\n\n\n\n<p><\/p>\n<\/header>\n\n\n<ul class=\"guidebook__listing  wp-block-unilux-blocks-guidebook-list\">\n    <li class=\"guidebook__item  wp-block-unilux-blocks-guidebook-list-item\">\n        <a\n        href=\"https:\/\/lequotidien.lu\/a-la-une\/decollage-reussi-pour-le-satellite-luxembourgeois-poquito\/\"\n        class=\"quick-link\"\n        target=\"_blank\"\n    >\n            \n<div class=\"wp-block-unilux-blocks-wrapper guidebook__visual\"><figure class=\"wp-block-dev4-reusable-blocks-image w-full object-fit--cover\">\n        <\/figure><\/div>\n\n<div class=\"wp-block-unilux-blocks-wrapper guidebook__body\">\n<h4 class=\"guidebook__name has-text-align-left wp-block-unilux-blocks-heading\"        id=\"decollage-reussi-pour-le-satellite-luxembourgeois-poquito\"\n    >\nD\u00e9collage r\u00e9ussi pour le satellite luxembourgeois Poquito<\/h4>\n\n\n\n<cite class=\"wp-block-unilux-blocks-plain-text\">Le Quotidien<\/cite><\/div>\n        <\/a>\n    <\/li><li class=\"guidebook__item  wp-block-unilux-blocks-guidebook-list-item\">\n        <a\n        href=\"https:\/\/www.virgule.lu\/luxembourg\/l-universite-du-luxembourg-se-lance-dans-la-course-a-l-espace-avec-son-premier-satellite\/34463062.html\"\n        class=\"quick-link\"\n        target=\"_blank\"\n    >\n            \n<div class=\"wp-block-unilux-blocks-wrapper guidebook__visual\"><figure class=\"wp-block-dev4-reusable-blocks-image w-full object-fit--cover\">\n        <\/figure><\/div>\n\n<div class=\"wp-block-unilux-blocks-wrapper guidebook__body\">\n<h4 class=\"guidebook__name has-text-align-left wp-block-unilux-blocks-heading\"        id=\"luniversite-du-luxembourg-se-lance-dans-la-course-a-lespace-avec-son-premier-satellite\"\n    >\nL\u2019Universit\u00e9 du Luxembourg se lance dans la course \u00e0 l\u2019espace avec son premier satellite<\/h4>\n\n\n\n<cite class=\"wp-block-unilux-blocks-plain-text\">Virgule<\/cite><\/div>\n        <\/a>\n    <\/li><li class=\"guidebook__item  wp-block-unilux-blocks-guidebook-list-item\">\n        <a\n        href=\"https:\/\/paperjam.lu\/article\/le-premier-satellite-de-luniversite-lance-avec-succes-par-space-x\"\n        class=\"quick-link\"\n        target=\"_blank\"\n    >\n            \n<div class=\"wp-block-unilux-blocks-wrapper guidebook__visual\"><figure class=\"wp-block-dev4-reusable-blocks-image w-full object-fit--cover\">\n        <\/figure><\/div>\n\n<div class=\"wp-block-unilux-blocks-wrapper guidebook__body\">\n<h4 class=\"guidebook__name has-text-align-left wp-block-unilux-blocks-heading\"        id=\"le-premier-satellite-de-luniversite-lance-avec-succes-par-spacex\"\n    >\nLe premier satellite de l\u2019Universit\u00e9 lanc\u00e9 avec succ\u00e8s par SpaceX<\/h4>\n\n\n\n<cite class=\"wp-block-unilux-blocks-plain-text\">Paperjam<\/cite><\/div>\n        <\/a>\n    <\/li><li class=\"guidebook__item  wp-block-unilux-blocks-guidebook-list-item\">\n        <a\n        href=\"https:\/\/www.lessentiel.lu\/fr\/story\/spacex-le-satellite-luxembourgeois-poquito-a-pris-son-envol-103258255\"\n        class=\"quick-link\"\n        target=\"_blank\"\n    >\n            \n<div class=\"wp-block-unilux-blocks-wrapper guidebook__visual\"><figure class=\"wp-block-dev4-reusable-blocks-image w-full object-fit--cover\">\n        <\/figure><\/div>\n\n<div class=\"wp-block-unilux-blocks-wrapper guidebook__body\">\n<h4 class=\"guidebook__name has-text-align-left wp-block-unilux-blocks-heading\"        id=\"le-satellite-luxembourgeois-poquito-a-pris-son-envol\"\n    >\nLe satellite luxembourgeois Poquito a pris son envol<\/h4>\n\n\n\n<cite class=\"wp-block-unilux-blocks-plain-text\">L&#8217;Essentiel<\/cite><\/div>\n        <\/a>\n    <\/li><li class=\"guidebook__item  wp-block-unilux-blocks-guidebook-list-item\">\n        <a\n        href=\"https:\/\/www.forbes.lu\/poquito-un-petit-satellite-pour-de-grandes-ambitions-spatiales\/\"\n        class=\"quick-link\"\n        target=\"_blank\"\n    >\n            \n<div class=\"wp-block-unilux-blocks-wrapper guidebook__visual\"><figure class=\"wp-block-dev4-reusable-blocks-image w-full object-fit--cover\">\n        <\/figure><\/div>\n\n<div class=\"wp-block-unilux-blocks-wrapper guidebook__body\">\n<h4 class=\"guidebook__name has-text-align-left wp-block-unilux-blocks-heading\"        id=\"poquito-un-petit-satellite-pour-de-grandes-ambitions-spatiales\"\n    >\nPOQUITO : un petit satellite pour de grandes ambitions spatiales<\/h4>\n\n\n\n<cite class=\"wp-block-unilux-blocks-plain-text\">Forbes Luxembourg<\/cite><\/div>\n        <\/a>\n    <\/li><li class=\"guidebook__item  wp-block-unilux-blocks-guidebook-list-item\">\n        <a\n        href=\"https:\/\/lequotidien.lu\/a-la-une\/luniversite-lance-un-satellite-de-cinq-centimetres-en-orbite\/\"\n        class=\"quick-link\"\n        target=\"_blank\"\n    >\n            \n<div class=\"wp-block-unilux-blocks-wrapper guidebook__visual\"><figure class=\"wp-block-dev4-reusable-blocks-image w-full object-fit--cover\">\n        <\/figure><\/div>\n\n<div class=\"wp-block-unilux-blocks-wrapper guidebook__body\">\n<h4 class=\"guidebook__name has-text-align-left wp-block-unilux-blocks-heading\"        id=\"luniversite-lance-un-satellite-de-cinq-centimetres-en-orbite\"\n    >\nL\u2019Universit\u00e9 lance un satellite de cinq centim\u00e8tres en orbite<\/h4>\n\n\n\n<cite class=\"wp-block-unilux-blocks-plain-text\">Le Quotidien<\/cite><\/div>\n        <\/a>\n    <\/li><li class=\"guidebook__item  wp-block-unilux-blocks-guidebook-list-item\">\n        <a\n        href=\"https:\/\/www.siliconluxembourg.lu\/tiny-satellite-big-mission-poquito-takes-flight\/\"\n        class=\"quick-link\"\n        target=\"_blank\"\n    >\n            \n<div class=\"wp-block-unilux-blocks-wrapper guidebook__visual\"><figure class=\"wp-block-dev4-reusable-blocks-image w-full object-fit--cover\">\n        <\/figure><\/div>\n\n<div class=\"wp-block-unilux-blocks-wrapper guidebook__body\">\n<h4 class=\"guidebook__name has-text-align-left wp-block-unilux-blocks-heading\"        id=\"luniversite-envoie-en-orbite-son-premier-mini-satellite\"\n    >\n<br>L\u2019Universit\u00e9 envoie en orbite son premier mini satellite<\/h4>\n\n\n\n<cite class=\"wp-block-unilux-blocks-plain-text\">Woxx<\/cite><\/div>\n        <\/a>\n    <\/li><li class=\"guidebook__item  wp-block-unilux-blocks-guidebook-list-item\">\n        <a\n        href=\"https:\/\/science.lu\/fr\/un-satellite-made-luxembourg\/le-premier-satellite-luniversite-du-luxembourg-prend-son-envol\"\n        class=\"quick-link\"\n        target=\"_blank\"\n    >\n            \n<div class=\"wp-block-unilux-blocks-wrapper guidebook__visual\"><figure class=\"wp-block-dev4-reusable-blocks-image w-full object-fit--cover\">\n        <\/figure><\/div>\n\n<div class=\"wp-block-unilux-blocks-wrapper guidebook__body\">\n<h4 class=\"guidebook__name has-text-align-left wp-block-unilux-blocks-heading\"        id=\"le-premier-satellite-de-luniversite-du-luxembourg-prend-son-envol\"\n    >\nLe premier satellite de l\u2019Universit\u00e9 du Luxembourg prend son envol<\/h4>\n\n\n\n<cite class=\"wp-block-unilux-blocks-plain-text\">Science.lu<\/cite><\/div>\n        <\/a>\n    <\/li><li class=\"guidebook__item  wp-block-unilux-blocks-guidebook-list-item\">\n        <a\n        href=\"https:\/\/www.lesfrontaliers.lu\/societe\/poquito-le-satellite-de-poche-luxembourgeois-qui-vise-haut\/\"\n        class=\"quick-link\"\n        target=\"_blank\"\n    >\n            \n<div class=\"wp-block-unilux-blocks-wrapper guidebook__visual\"><figure class=\"wp-block-dev4-reusable-blocks-image w-full object-fit--cover\">\n        <\/figure><\/div>\n\n<div class=\"wp-block-unilux-blocks-wrapper guidebook__body\">\n<h4 class=\"guidebook__name has-text-align-left wp-block-unilux-blocks-heading\"        id=\"poquito-le-satellite-de-poche-luxembourgeois-qui-vise-haut\"\n    >\nPoquito : le satellite de poche luxembourgeois qui vise haut<\/h4>\n\n\n\n<cite class=\"wp-block-unilux-blocks-plain-text\">Les Frontaliers<\/cite><\/div>\n        <\/a>\n    <\/li><\/ul><\/div>\n<\/div><\/section>\n","protected":false},"excerpt":{"rendered":"","protected":false},"author":341,"featured_media":5723,"template":"","format":"standard","meta":{"featured_image_focal_point":[],"show_featured_caption":false,"ulux_newsletter_groups":"","uluxPostTitle":"","uluxPrePostTitle":"","_trash_the_other_posts":false,"_price":"","_stock":"","_tribe_ticket_header":"","_tribe_default_ticket_provider":"","_tribe_ticket_capacity":"0","_ticket_start_date":"","_ticket_end_date":"","_tribe_ticket_show_description":"","_tribe_ticket_show_not_going":false,"_tribe_ticket_use_global_stock":"","_tribe_ticket_global_stock_level":"","_global_stock_mode":"","_global_stock_cap":"","_tribe_rsvp_for_event":"","_tribe_ticket_going_count":"","_tribe_ticket_not_going_count":"","_tribe_tickets_list":"[]","_tribe_ticket_has_attendee_info_fields":false},"news-category":[9],"news-topic":[24],"organisation":[184,200],"authorship":[341],"acf":[],"yoast_head":"<!-- This site is optimized with the Yoast SEO Premium plugin v22.3 (Yoast SEO v22.3) - https:\/\/yoast.com\/wordpress\/plugins\/seo\/ -->\n<title>Erster Satellit der Universit\u00e4t Luxemburg erfolgreich mit SpaceX Falcon 9 gestartet - Universit\u00e4t Luxemburg<\/title>\n<meta name=\"description\" content=\"Der erste Miniatursatellit der Universit\u00e4t Luxemburg, POQUITO (PocketQube for In-Orbit Technology Operations), wurde am 14. Januar um 11:09 Uhr Ortszeit\" \/>\n<meta name=\"robots\" content=\"index, follow, max-snippet:-1, max-image-preview:large, max-video-preview:-1\" \/>\n<link rel=\"canonical\" href=\"https:\/\/www.uni.lu\/de\/news\/erster-satellit-der-universitaet-luxemburg-erfolgreich-mit-spacex-falcon-9-gestartet\/\" \/>\n<meta property=\"og:locale\" content=\"de_DE\" \/>\n<meta property=\"og:type\" content=\"article\" \/>\n<meta property=\"og:title\" content=\"Erster Satellit der Universit\u00e4t Luxemburg erfolgreich mit SpaceX Falcon 9 gestartet\" \/>\n<meta property=\"og:description\" content=\"Der erste Miniatursatellit der Universit\u00e4t Luxemburg, POQUITO (PocketQube for In-Orbit Technology Operations), wurde am 14. Januar um 11:09 Uhr Ortszeit\" \/>\n<meta property=\"og:url\" content=\"https:\/\/www.uni.lu\/de\/news\/erster-satellit-der-universitaet-luxemburg-erfolgreich-mit-spacex-falcon-9-gestartet\/\" \/>\n<meta property=\"og:site_name\" content=\"UNI DE\" \/>\n<meta property=\"article:publisher\" content=\"https:\/\/www.facebook.com\/uni.lu\" \/>\n<meta property=\"article:modified_time\" content=\"2025-01-16T14:05:43+00:00\" \/>\n<meta property=\"og:image\" content=\"https:\/\/www.uni.lu\/wp-content\/uploads\/sites\/10\/2025\/01\/05-Poquito-Team-at-work1-scaled.jpg\" \/>\n\t<meta property=\"og:image:width\" content=\"2560\" \/>\n\t<meta property=\"og:image:height\" content=\"1704\" \/>\n\t<meta property=\"og:image:type\" content=\"image\/jpeg\" \/>\n<meta name=\"twitter:card\" content=\"summary_large_image\" \/>\n<meta name=\"twitter:label1\" content=\"Gesch\u00e4tzte Lesezeit\" \/>\n\t<meta name=\"twitter:data1\" content=\"2 Minuten\" \/>\n<script type=\"application\/ld+json\" class=\"yoast-schema-graph\">{\"@context\":\"https:\/\/schema.org\",\"@graph\":[{\"@type\":\"NewsArticle\",\"@id\":\"https:\/\/www.uni.lu\/de\/news\/erster-satellit-der-universitaet-luxemburg-erfolgreich-mit-spacex-falcon-9-gestartet\/#article\",\"isPartOf\":{\"@id\":\"https:\/\/www.uni.lu\/de\/news\/erster-satellit-der-universitaet-luxemburg-erfolgreich-mit-spacex-falcon-9-gestartet\/\"},\"author\":{\"name\":\"Catherine Clesse\",\"@id\":\"https:\/\/www.uni.lu\/de\/#\/schema\/person\/67d3defa53981502bf9cddb74a850c08\"},\"headline\":\"Erster Satellit der Universit\u00e4t Luxemburg erfolgreich mit SpaceX Falcon 9 gestartet\",\"datePublished\":\"2025-01-15T10:45:43+00:00\",\"dateModified\":\"2025-01-16T14:05:43+00:00\",\"mainEntityOfPage\":{\"@id\":\"https:\/\/www.uni.lu\/de\/news\/erster-satellit-der-universitaet-luxemburg-erfolgreich-mit-spacex-falcon-9-gestartet\/\"},\"wordCount\":340,\"publisher\":{\"@id\":\"https:\/\/www.uni.lu\/de\/#organization\"},\"image\":{\"@id\":\"https:\/\/www.uni.lu\/de\/news\/erster-satellit-der-universitaet-luxemburg-erfolgreich-mit-spacex-falcon-9-gestartet\/#primaryimage\"},\"thumbnailUrl\":\"https:\/\/www.uni.lu\/wp-content\/uploads\/sites\/10\/2025\/01\/05-Poquito-Team-at-work1-scaled.jpg\",\"inLanguage\":\"de-DE\"},{\"@type\":\"WebPage\",\"@id\":\"https:\/\/www.uni.lu\/de\/news\/erster-satellit-der-universitaet-luxemburg-erfolgreich-mit-spacex-falcon-9-gestartet\/\",\"url\":\"https:\/\/www.uni.lu\/de\/news\/erster-satellit-der-universitaet-luxemburg-erfolgreich-mit-spacex-falcon-9-gestartet\/\",\"name\":\"Erster Satellit der Universit\u00e4t Luxemburg erfolgreich mit SpaceX Falcon 9 gestartet - Universit\u00e4t Luxemburg\",\"isPartOf\":{\"@id\":\"https:\/\/www.uni.lu\/de\/#website\"},\"primaryImageOfPage\":{\"@id\":\"https:\/\/www.uni.lu\/de\/news\/erster-satellit-der-universitaet-luxemburg-erfolgreich-mit-spacex-falcon-9-gestartet\/#primaryimage\"},\"image\":{\"@id\":\"https:\/\/www.uni.lu\/de\/news\/erster-satellit-der-universitaet-luxemburg-erfolgreich-mit-spacex-falcon-9-gestartet\/#primaryimage\"},\"thumbnailUrl\":\"https:\/\/www.uni.lu\/wp-content\/uploads\/sites\/10\/2025\/01\/05-Poquito-Team-at-work1-scaled.jpg\",\"datePublished\":\"2025-01-15T10:45:43+00:00\",\"dateModified\":\"2025-01-16T14:05:43+00:00\",\"description\":\"Der erste Miniatursatellit der Universit\u00e4t Luxemburg, POQUITO (PocketQube for In-Orbit Technology Operations), wurde am 14. Januar um 11:09 Uhr Ortszeit\",\"breadcrumb\":{\"@id\":\"https:\/\/www.uni.lu\/de\/news\/erster-satellit-der-universitaet-luxemburg-erfolgreich-mit-spacex-falcon-9-gestartet\/#breadcrumb\"},\"inLanguage\":\"de-DE\",\"potentialAction\":[{\"@type\":\"ReadAction\",\"target\":[\"https:\/\/www.uni.lu\/de\/news\/erster-satellit-der-universitaet-luxemburg-erfolgreich-mit-spacex-falcon-9-gestartet\/\"]}]},{\"@type\":\"ImageObject\",\"inLanguage\":\"de-DE\",\"@id\":\"https:\/\/www.uni.lu\/de\/news\/erster-satellit-der-universitaet-luxemburg-erfolgreich-mit-spacex-falcon-9-gestartet\/#primaryimage\",\"url\":\"https:\/\/www.uni.lu\/wp-content\/uploads\/sites\/10\/2025\/01\/05-Poquito-Team-at-work1-scaled.jpg\",\"contentUrl\":\"https:\/\/www.uni.lu\/wp-content\/uploads\/sites\/10\/2025\/01\/05-Poquito-Team-at-work1-scaled.jpg\",\"width\":2560,\"height\":1704},{\"@type\":\"BreadcrumbList\",\"@id\":\"https:\/\/www.uni.lu\/de\/news\/erster-satellit-der-universitaet-luxemburg-erfolgreich-mit-spacex-falcon-9-gestartet\/#breadcrumb\",\"itemListElement\":[{\"@type\":\"ListItem\",\"position\":1,\"name\":\"Home\",\"item\":\"https:\/\/www.uni.lu\/de\/\"},{\"@type\":\"ListItem\",\"position\":2,\"name\":\"News\",\"item\":\"https:\/\/www.uni.lu\/de\/news\/\"},{\"@type\":\"ListItem\",\"position\":3,\"name\":\"Erster Satellit der Universit\u00e4t Luxemburg erfolgreich mit SpaceX Falcon 9 gestartet\"}]},{\"@type\":\"WebSite\",\"@id\":\"https:\/\/www.uni.lu\/de\/#website\",\"url\":\"https:\/\/www.uni.lu\/de\/\",\"name\":\"Uni.lu\",\"description\":\"Universit\u00e4t Luxemburg\",\"publisher\":{\"@id\":\"https:\/\/www.uni.lu\/de\/#organization\"},\"alternateName\":\"Universit\u00e4t Luxemburg\",\"potentialAction\":[{\"@type\":\"SearchAction\",\"target\":{\"@type\":\"EntryPoint\",\"urlTemplate\":\"https:\/\/www.uni.lu\/de\/?s={search_term_string}\"},\"query-input\":\"required name=search_term_string\"}],\"inLanguage\":\"de-DE\"},{\"@type\":\"Organization\",\"@id\":\"https:\/\/www.uni.lu\/de\/#organization\",\"name\":\"Universit\u00e4t Luxemburg\",\"alternateName\":\"Uni.lu\",\"url\":\"https:\/\/www.uni.lu\/de\/\",\"logo\":{\"@type\":\"ImageObject\",\"inLanguage\":\"de-DE\",\"@id\":\"https:\/\/www.uni.lu\/de\/#\/schema\/logo\/image\/\",\"url\":\"https:\/\/www.uni.lu\/wp-content\/uploads\/sites\/10\/2026\/03\/03120000\/UNIV_SM-Profile_1600x1600px-scaled.jpg\",\"contentUrl\":\"https:\/\/www.uni.lu\/wp-content\/uploads\/sites\/10\/2026\/03\/03120000\/UNIV_SM-Profile_1600x1600px-scaled.jpg\",\"width\":2560,\"height\":2560,\"caption\":\"Universit\u00e4t Luxemburg\"},\"image\":\"https:\/\/www.uni.lu\/wp-content\/uploads\/sites\/10\/2026\/04\/24144329\/20200609-Belval-Campus_Henri-Goergen-23.jpg\",\"sameAs\":[\"https:\/\/www.facebook.com\/uni.lu\",\"https:\/\/www.linkedin.com\/school\/university-of-luxembourg\/\",\"https:\/\/www.instagram.com\/uni.lu\",\"https:\/\/www.youtube.com\/@uni_lu\",\"https:\/\/en.wikipedia.org\/wiki\/University_of_Luxembourg\"],\"email\":\"communication@uni.lu\",\"telephone\":\"+3524666441\",\"address\":{\"@type\":\"PostalAddress\",\"streetAddress\":\"2, place de l\u2019Universit\u00e9\",\"addressLocality\":\"Esch-sur-Alzette\",\"postalCode\":\"4365\",\"addressCountry\":\"LU\"},\"description\":\"Universit\u00e4t Luxemburg\"},{\"@type\":\"Person\",\"@id\":\"https:\/\/www.uni.lu\/de\/#\/schema\/person\/67d3defa53981502bf9cddb74a850c08\",\"name\":\"Catherine Clesse\",\"image\":{\"@type\":\"ImageObject\",\"inLanguage\":\"de-DE\",\"@id\":\"https:\/\/www.uni.lu\/de\/#\/schema\/person\/image\/\",\"url\":\"https:\/\/secure.gravatar.com\/avatar\/6a2e15a24f9036a6aee8753304e46c2d?s=96&d=mm&r=g\",\"contentUrl\":\"https:\/\/secure.gravatar.com\/avatar\/6a2e15a24f9036a6aee8753304e46c2d?s=96&d=mm&r=g\",\"caption\":\"Catherine Clesse\"}}]}<\/script>\n<!-- \/ Yoast SEO Premium plugin. -->","yoast_head_json":{"title":"Erster Satellit der Universit\u00e4t Luxemburg erfolgreich mit SpaceX Falcon 9 gestartet - Universit\u00e4t Luxemburg","description":"Der erste Miniatursatellit der Universit\u00e4t Luxemburg, POQUITO (PocketQube for In-Orbit Technology Operations), wurde am 14. Januar um 11:09 Uhr Ortszeit","robots":{"index":"index","follow":"follow","max-snippet":"max-snippet:-1","max-image-preview":"max-image-preview:large","max-video-preview":"max-video-preview:-1"},"canonical":"https:\/\/www.uni.lu\/de\/news\/erster-satellit-der-universitaet-luxemburg-erfolgreich-mit-spacex-falcon-9-gestartet\/","og_locale":"de_DE","og_type":"article","og_title":"Erster Satellit der Universit\u00e4t Luxemburg erfolgreich mit SpaceX Falcon 9 gestartet","og_description":"Der erste Miniatursatellit der Universit\u00e4t Luxemburg, POQUITO (PocketQube for In-Orbit Technology Operations), wurde am 14. Januar um 11:09 Uhr Ortszeit","og_url":"https:\/\/www.uni.lu\/de\/news\/erster-satellit-der-universitaet-luxemburg-erfolgreich-mit-spacex-falcon-9-gestartet\/","og_site_name":"UNI DE","article_publisher":"https:\/\/www.facebook.com\/uni.lu","article_modified_time":"2025-01-16T14:05:43+00:00","og_image":[{"width":2560,"height":1704,"url":"https:\/\/www.uni.lu\/wp-content\/uploads\/sites\/10\/2025\/01\/05-Poquito-Team-at-work1-scaled.jpg","type":"image\/jpeg"}],"twitter_card":"summary_large_image","twitter_misc":{"Gesch\u00e4tzte Lesezeit":"2 Minuten"},"schema":{"@context":"https:\/\/schema.org","@graph":[{"@type":"NewsArticle","@id":"https:\/\/www.uni.lu\/de\/news\/erster-satellit-der-universitaet-luxemburg-erfolgreich-mit-spacex-falcon-9-gestartet\/#article","isPartOf":{"@id":"https:\/\/www.uni.lu\/de\/news\/erster-satellit-der-universitaet-luxemburg-erfolgreich-mit-spacex-falcon-9-gestartet\/"},"author":{"name":"Catherine Clesse","@id":"https:\/\/www.uni.lu\/de\/#\/schema\/person\/67d3defa53981502bf9cddb74a850c08"},"headline":"Erster Satellit der Universit\u00e4t Luxemburg erfolgreich mit SpaceX Falcon 9 gestartet","datePublished":"2025-01-15T10:45:43+00:00","dateModified":"2025-01-16T14:05:43+00:00","mainEntityOfPage":{"@id":"https:\/\/www.uni.lu\/de\/news\/erster-satellit-der-universitaet-luxemburg-erfolgreich-mit-spacex-falcon-9-gestartet\/"},"wordCount":340,"publisher":{"@id":"https:\/\/www.uni.lu\/de\/#organization"},"image":{"@id":"https:\/\/www.uni.lu\/de\/news\/erster-satellit-der-universitaet-luxemburg-erfolgreich-mit-spacex-falcon-9-gestartet\/#primaryimage"},"thumbnailUrl":"https:\/\/www.uni.lu\/wp-content\/uploads\/sites\/10\/2025\/01\/05-Poquito-Team-at-work1-scaled.jpg","inLanguage":"de-DE"},{"@type":"WebPage","@id":"https:\/\/www.uni.lu\/de\/news\/erster-satellit-der-universitaet-luxemburg-erfolgreich-mit-spacex-falcon-9-gestartet\/","url":"https:\/\/www.uni.lu\/de\/news\/erster-satellit-der-universitaet-luxemburg-erfolgreich-mit-spacex-falcon-9-gestartet\/","name":"Erster Satellit der Universit\u00e4t Luxemburg erfolgreich mit SpaceX Falcon 9 gestartet - Universit\u00e4t Luxemburg","isPartOf":{"@id":"https:\/\/www.uni.lu\/de\/#website"},"primaryImageOfPage":{"@id":"https:\/\/www.uni.lu\/de\/news\/erster-satellit-der-universitaet-luxemburg-erfolgreich-mit-spacex-falcon-9-gestartet\/#primaryimage"},"image":{"@id":"https:\/\/www.uni.lu\/de\/news\/erster-satellit-der-universitaet-luxemburg-erfolgreich-mit-spacex-falcon-9-gestartet\/#primaryimage"},"thumbnailUrl":"https:\/\/www.uni.lu\/wp-content\/uploads\/sites\/10\/2025\/01\/05-Poquito-Team-at-work1-scaled.jpg","datePublished":"2025-01-15T10:45:43+00:00","dateModified":"2025-01-16T14:05:43+00:00","description":"Der erste Miniatursatellit der Universit\u00e4t Luxemburg, POQUITO (PocketQube for In-Orbit Technology Operations), wurde am 14. Januar um 11:09 Uhr Ortszeit","breadcrumb":{"@id":"https:\/\/www.uni.lu\/de\/news\/erster-satellit-der-universitaet-luxemburg-erfolgreich-mit-spacex-falcon-9-gestartet\/#breadcrumb"},"inLanguage":"de-DE","potentialAction":[{"@type":"ReadAction","target":["https:\/\/www.uni.lu\/de\/news\/erster-satellit-der-universitaet-luxemburg-erfolgreich-mit-spacex-falcon-9-gestartet\/"]}]},{"@type":"ImageObject","inLanguage":"de-DE","@id":"https:\/\/www.uni.lu\/de\/news\/erster-satellit-der-universitaet-luxemburg-erfolgreich-mit-spacex-falcon-9-gestartet\/#primaryimage","url":"https:\/\/www.uni.lu\/wp-content\/uploads\/sites\/10\/2025\/01\/05-Poquito-Team-at-work1-scaled.jpg","contentUrl":"https:\/\/www.uni.lu\/wp-content\/uploads\/sites\/10\/2025\/01\/05-Poquito-Team-at-work1-scaled.jpg","width":2560,"height":1704},{"@type":"BreadcrumbList","@id":"https:\/\/www.uni.lu\/de\/news\/erster-satellit-der-universitaet-luxemburg-erfolgreich-mit-spacex-falcon-9-gestartet\/#breadcrumb","itemListElement":[{"@type":"ListItem","position":1,"name":"Home","item":"https:\/\/www.uni.lu\/de\/"},{"@type":"ListItem","position":2,"name":"News","item":"https:\/\/www.uni.lu\/de\/news\/"},{"@type":"ListItem","position":3,"name":"Erster Satellit der Universit\u00e4t Luxemburg erfolgreich mit SpaceX Falcon 9 gestartet"}]},{"@type":"WebSite","@id":"https:\/\/www.uni.lu\/de\/#website","url":"https:\/\/www.uni.lu\/de\/","name":"Uni.lu","description":"Universit\u00e4t Luxemburg","publisher":{"@id":"https:\/\/www.uni.lu\/de\/#organization"},"alternateName":"Universit\u00e4t Luxemburg","potentialAction":[{"@type":"SearchAction","target":{"@type":"EntryPoint","urlTemplate":"https:\/\/www.uni.lu\/de\/?s={search_term_string}"},"query-input":"required name=search_term_string"}],"inLanguage":"de-DE"},{"@type":"Organization","@id":"https:\/\/www.uni.lu\/de\/#organization","name":"Universit\u00e4t Luxemburg","alternateName":"Uni.lu","url":"https:\/\/www.uni.lu\/de\/","logo":{"@type":"ImageObject","inLanguage":"de-DE","@id":"https:\/\/www.uni.lu\/de\/#\/schema\/logo\/image\/","url":"https:\/\/www.uni.lu\/wp-content\/uploads\/sites\/10\/2026\/03\/03120000\/UNIV_SM-Profile_1600x1600px-scaled.jpg","contentUrl":"https:\/\/www.uni.lu\/wp-content\/uploads\/sites\/10\/2026\/03\/03120000\/UNIV_SM-Profile_1600x1600px-scaled.jpg","width":2560,"height":2560,"caption":"Universit\u00e4t Luxemburg"},"image":"https:\/\/www.uni.lu\/wp-content\/uploads\/sites\/10\/2026\/04\/24144329\/20200609-Belval-Campus_Henri-Goergen-23.jpg","sameAs":["https:\/\/www.facebook.com\/uni.lu","https:\/\/www.linkedin.com\/school\/university-of-luxembourg\/","https:\/\/www.instagram.com\/uni.lu","https:\/\/www.youtube.com\/@uni_lu","https:\/\/en.wikipedia.org\/wiki\/University_of_Luxembourg"],"email":"communication@uni.lu","telephone":"+3524666441","address":{"@type":"PostalAddress","streetAddress":"2, place de l\u2019Universit\u00e9","addressLocality":"Esch-sur-Alzette","postalCode":"4365","addressCountry":"LU"},"description":"Universit\u00e4t Luxemburg"},{"@type":"Person","@id":"https:\/\/www.uni.lu\/de\/#\/schema\/person\/67d3defa53981502bf9cddb74a850c08","name":"Catherine Clesse","image":{"@type":"ImageObject","inLanguage":"de-DE","@id":"https:\/\/www.uni.lu\/de\/#\/schema\/person\/image\/","url":"https:\/\/secure.gravatar.com\/avatar\/6a2e15a24f9036a6aee8753304e46c2d?s=96&d=mm&r=g","contentUrl":"https:\/\/secure.gravatar.com\/avatar\/6a2e15a24f9036a6aee8753304e46c2d?s=96&d=mm&r=g","caption":"Catherine Clesse"}}]}},"blog_id":10,"_links":{"self":[{"href":"https:\/\/www.uni.lu\/de\/wp-json\/wp\/v2\/news\/5721"}],"collection":[{"href":"https:\/\/www.uni.lu\/de\/wp-json\/wp\/v2\/news"}],"about":[{"href":"https:\/\/www.uni.lu\/de\/wp-json\/wp\/v2\/types\/news"}],"author":[{"embeddable":true,"href":"https:\/\/www.uni.lu\/de\/wp-json\/wp\/v2\/users\/341"}],"version-history":[{"count":4,"href":"https:\/\/www.uni.lu\/de\/wp-json\/wp\/v2\/news\/5721\/revisions"}],"predecessor-version":[{"id":5754,"href":"https:\/\/www.uni.lu\/de\/wp-json\/wp\/v2\/news\/5721\/revisions\/5754"}],"wp:authorship":[{"embeddable":true,"href":"https:\/\/www.uni.lu\/de\/wp-json\/wp\/v2\/users\/341"}],"wp:featuredmedia":[{"embeddable":true,"href":"https:\/\/www.uni.lu\/de\/wp-json\/wp\/v2\/media\/5723"}],"wp:attachment":[{"href":"https:\/\/www.uni.lu\/de\/wp-json\/wp\/v2\/media?parent=5721"}],"wp:term":[{"taxonomy":"news-category","embeddable":true,"href":"https:\/\/www.uni.lu\/de\/wp-json\/wp\/v2\/news-category?post=5721"},{"taxonomy":"news-topic","embeddable":true,"href":"https:\/\/www.uni.lu\/de\/wp-json\/wp\/v2\/news-topic?post=5721"},{"taxonomy":"organisation","embeddable":true,"href":"https:\/\/www.uni.lu\/de\/wp-json\/wp\/v2\/organisation?post=5721"}],"curies":[{"name":"wp","href":"https:\/\/api.w.org\/{rel}","templated":true}]}}