{"id":5694,"date":"2025-01-07T13:28:29","date_gmt":"2025-01-07T12:28:29","guid":{"rendered":"https:\/\/www.uni.lu\/de\/?post_type=news&#038;p=5694"},"modified":"2025-01-07T14:37:29","modified_gmt":"2025-01-07T13:37:29","slug":"uni-lu-in-den-medien-warum-digitale-ethik-zaehlt","status":"publish","type":"news","link":"https:\/\/www.uni.lu\/de\/news\/uni-lu-in-den-medien-warum-digitale-ethik-zaehlt\/","title":{"rendered":"Uni.lu in den Medien: Warum digitale Ethik z\u00e4hlt"},"content":{"rendered":"\n<section class=\"wp-block-unilux-blocks-free-section section\"><div class=\"container xl:max-w-screen-xl\">\n<p><a href=\"https:\/\/www.uni.lu\/fhse-en\/people\/georg-mein\/\">Prof. Georg Mein<\/a> stellte das Institut f\u00fcr digitale Ethik der Universit\u00e4t Luxemburg im Radio 100komma7 vor. Dieses interdisziplin\u00e4re Institut wird Forschern, politischen Entscheidungstr\u00e4gern oder Organisationen sowohl wissenschaftlich fundierte Expertise wie Ausbildungen anbieten k\u00f6nnen. Die Aktivit\u00e4ten starteten am 1. Januar 2025. &nbsp;<\/p>\n\n\n\n<p>W\u00e4hrend Luxemburg sich anschickt, eine Vorreiterrolle in der Digitalisierung einzunehmen, ben\u00f6tigen \u00f6ffentliche und private Organisationen verl\u00e4ssliche digitale und ethische Standards. Das neue Institut bietet \u00f6ffentlichen und privaten Organisationen an, sich mit praxisorientierten Experten auszutauschen und gemeinsam an Studien zu arbeiten. &nbsp;<\/p>\n\n\n\n<p>Erfahren Sie, warum digitale Ethik heute wichtiger denn je ist, wie digitale Ethik definiert wird und welche ersten Schritte das Institut unternimmt. &nbsp;<\/p>\n\n\n\n<ul class=\"wp-block-unilux-blocks-button-list-v2\">\n<li class=\"wp-block-unilux-blocks-button-list-item-v2\"><a class=\"quick-link\" href=\"https:\/\/www.100komma7.lu\/news\/Invite-e-vum-Dag-Georg-Mein?pd=radio\" target=\"_blank\" role=\"link\" rel=\"noopener\" tabindex=\"0\"><span class=\"quick-link__container\">\n<div class=\"wp-block-unilux-blocks-block-inserter quick-link__img\"><\/div>\n\n\n\n<span class=\"quick-link__name wp-block-unilux-blocks-plain-text\">Das Interview mit Georg Mein auf 100komma7<\/span>\n\n<svg aria-hidden=\"true\" focusable=\"false\" class=\"icon icon-outline icon--external-link \"><use xlink:href=\"https:\/\/www.uni.lu\/wp-content\/themes\/unilux-theme\/assets\/images\/icons\/icons-outline.svg#icon--external-link\"><\/use><\/svg><\/span><\/a><\/li>\n<\/ul>\n\n\n<section class=\"section section wp-block-unilux-blocks-quick-link-discover-section\">\n    <div class=\"container xl:max-w-screen-xl\">\n        \n<h2 class=\"has-text-align-left wp-block-unilux-blocks-heading\"        id=\"mehr-erfahren\"\n    >\nMehr erfahren<\/h2>\n\n<ul class=\"wp-block-unilux-blocks-quick-link-discover quick-link-list\">\n<li class=\"wp-block-unilux-blocks-quick-link-discover-item\">\n    <a\n                    href=\"https:\/\/www.uni.lu\/de\/news\/ein-neues-institut-fuer-digitale-ethik-zur-bewaeltigung-der-herausforderungen-von-heute\/\"\n                    class=\"quick-link\"\n            target=\"\"\n    >\n            <span class=\"quick-link__container\">\n                <span class=\"quick-link__text\">\n                    Die Pressemitteilung \u00fcber ULIDE                <\/span>\n                <svg aria-hidden=\"true\" focusable=\"false\" class=\"icon icon-outline icon--arrow-right \"><use xlink:href=\"https:\/\/www.uni.lu\/wp-content\/themes\/unilux-theme\/assets\/images\/icons\/icons-outline.svg#icon--arrow-right\"><\/use><\/svg>            <\/span>\n    <\/a>\n<\/li>\n\n\n\n<li class=\"wp-block-unilux-blocks-quick-link-discover-item\">\n    <a\n                    href=\"https:\/\/www.uni.lu\/en\/university-of-luxembourg-institute-of-digital-ethics-ulide\/\"\n                    class=\"quick-link\"\n            target=\"\"\n    >\n            <span class=\"quick-link__container\">\n                <span class=\"quick-link__text\">\n                    Mehr \u00fcber ULIDE (EN)                <\/span>\n                <svg aria-hidden=\"true\" focusable=\"false\" class=\"icon icon-outline icon--arrow-right \"><use xlink:href=\"https:\/\/www.uni.lu\/wp-content\/themes\/unilux-theme\/assets\/images\/icons\/icons-outline.svg#icon--arrow-right\"><\/use><\/svg>            <\/span>\n    <\/a>\n<\/li>\n<\/ul>\n    <\/div>\n<\/section><\/div><\/section>\n","protected":false},"excerpt":{"rendered":"<p>Erfahren Sie im Interview mit Professor Georg Mein, warum digitale Ethik wichtiger denn je ist.<\/p>\n","protected":false},"author":341,"featured_media":5695,"template":"","format":"standard","meta":{"featured_image_focal_point":[],"show_featured_caption":false,"ulux_newsletter_groups":"","uluxPostTitle":"","uluxPrePostTitle":"","_trash_the_other_posts":false,"_price":"","_stock":"","_tribe_ticket_header":"","_tribe_default_ticket_provider":"","_tribe_ticket_capacity":"0","_ticket_start_date":"","_ticket_end_date":"","_tribe_ticket_show_description":"","_tribe_ticket_show_not_going":false,"_tribe_ticket_use_global_stock":"","_tribe_ticket_global_stock_level":"","_global_stock_mode":"","_global_stock_cap":"","_tribe_rsvp_for_event":"","_tribe_ticket_going_count":"","_tribe_ticket_not_going_count":"","_tribe_tickets_list":"[]","_tribe_ticket_has_attendee_info_fields":false},"news-category":[3],"news-topic":[400],"organisation":[],"authorship":[341],"acf":[],"yoast_head":"<!-- This site is optimized with the Yoast SEO Premium plugin v22.3 (Yoast SEO v22.3) - https:\/\/yoast.com\/wordpress\/plugins\/seo\/ -->\n<title>Uni.lu in den Medien: Warum digitale Ethik z\u00e4hlt - Universit\u00e4t Luxemburg<\/title>\n<meta name=\"description\" content=\"Erfahren Sie im Interview mit Professor Georg Mein, warum digitale Ethik wichtiger denn je ist.\" \/>\n<meta name=\"robots\" content=\"index, follow, max-snippet:-1, max-image-preview:large, max-video-preview:-1\" \/>\n<link rel=\"canonical\" href=\"https:\/\/www.uni.lu\/de\/news\/uni-lu-in-den-medien-warum-digitale-ethik-zaehlt\/\" \/>\n<meta property=\"og:locale\" content=\"de_DE\" \/>\n<meta property=\"og:type\" content=\"article\" \/>\n<meta property=\"og:title\" content=\"Uni.lu in den Medien: Warum digitale Ethik z\u00e4hlt\" \/>\n<meta property=\"og:description\" content=\"Erfahren Sie im Interview mit Professor Georg Mein, warum digitale Ethik wichtiger denn je ist.\" \/>\n<meta property=\"og:url\" content=\"https:\/\/www.uni.lu\/de\/news\/uni-lu-in-den-medien-warum-digitale-ethik-zaehlt\/\" \/>\n<meta property=\"og:site_name\" content=\"UNI DE\" \/>\n<meta property=\"article:publisher\" content=\"https:\/\/www.facebook.com\/uni.lu\" \/>\n<meta property=\"article:modified_time\" content=\"2025-01-07T13:37:29+00:00\" \/>\n<meta property=\"og:image\" content=\"https:\/\/www.uni.lu\/wp-content\/uploads\/sites\/10\/2025\/01\/GeorgMein-100komma7.jpg\" \/>\n\t<meta property=\"og:image:width\" content=\"1600\" \/>\n\t<meta property=\"og:image:height\" content=\"800\" \/>\n\t<meta property=\"og:image:type\" content=\"image\/jpeg\" \/>\n<meta name=\"twitter:card\" content=\"summary_large_image\" \/>\n<meta name=\"twitter:label1\" content=\"Gesch\u00e4tzte Lesezeit\" \/>\n\t<meta name=\"twitter:data1\" content=\"1 Minute\" \/>\n<script type=\"application\/ld+json\" class=\"yoast-schema-graph\">{\"@context\":\"https:\/\/schema.org\",\"@graph\":[{\"@type\":\"NewsArticle\",\"@id\":\"https:\/\/www.uni.lu\/de\/news\/uni-lu-in-den-medien-warum-digitale-ethik-zaehlt\/#article\",\"isPartOf\":{\"@id\":\"https:\/\/www.uni.lu\/de\/news\/uni-lu-in-den-medien-warum-digitale-ethik-zaehlt\/\"},\"author\":{\"name\":\"Catherine Clesse\",\"@id\":\"https:\/\/www.uni.lu\/de\/#\/schema\/person\/67d3defa53981502bf9cddb74a850c08\"},\"headline\":\"Uni.lu in den Medien: Warum digitale Ethik z\u00e4hlt\",\"datePublished\":\"2025-01-07T12:28:29+00:00\",\"dateModified\":\"2025-01-07T13:37:29+00:00\",\"mainEntityOfPage\":{\"@id\":\"https:\/\/www.uni.lu\/de\/news\/uni-lu-in-den-medien-warum-digitale-ethik-zaehlt\/\"},\"wordCount\":122,\"publisher\":{\"@id\":\"https:\/\/www.uni.lu\/de\/#organization\"},\"image\":{\"@id\":\"https:\/\/www.uni.lu\/de\/news\/uni-lu-in-den-medien-warum-digitale-ethik-zaehlt\/#primaryimage\"},\"thumbnailUrl\":\"https:\/\/www.uni.lu\/wp-content\/uploads\/sites\/10\/2025\/01\/GeorgMein-100komma7.jpg\",\"inLanguage\":\"de-DE\"},{\"@type\":\"WebPage\",\"@id\":\"https:\/\/www.uni.lu\/de\/news\/uni-lu-in-den-medien-warum-digitale-ethik-zaehlt\/\",\"url\":\"https:\/\/www.uni.lu\/de\/news\/uni-lu-in-den-medien-warum-digitale-ethik-zaehlt\/\",\"name\":\"Uni.lu in den Medien: Warum digitale Ethik z\u00e4hlt - Universit\u00e4t Luxemburg\",\"isPartOf\":{\"@id\":\"https:\/\/www.uni.lu\/de\/#website\"},\"primaryImageOfPage\":{\"@id\":\"https:\/\/www.uni.lu\/de\/news\/uni-lu-in-den-medien-warum-digitale-ethik-zaehlt\/#primaryimage\"},\"image\":{\"@id\":\"https:\/\/www.uni.lu\/de\/news\/uni-lu-in-den-medien-warum-digitale-ethik-zaehlt\/#primaryimage\"},\"thumbnailUrl\":\"https:\/\/www.uni.lu\/wp-content\/uploads\/sites\/10\/2025\/01\/GeorgMein-100komma7.jpg\",\"datePublished\":\"2025-01-07T12:28:29+00:00\",\"dateModified\":\"2025-01-07T13:37:29+00:00\",\"description\":\"Erfahren Sie im Interview mit Professor Georg Mein, warum digitale Ethik wichtiger denn je ist.\",\"breadcrumb\":{\"@id\":\"https:\/\/www.uni.lu\/de\/news\/uni-lu-in-den-medien-warum-digitale-ethik-zaehlt\/#breadcrumb\"},\"inLanguage\":\"de-DE\",\"potentialAction\":[{\"@type\":\"ReadAction\",\"target\":[\"https:\/\/www.uni.lu\/de\/news\/uni-lu-in-den-medien-warum-digitale-ethik-zaehlt\/\"]}]},{\"@type\":\"ImageObject\",\"inLanguage\":\"de-DE\",\"@id\":\"https:\/\/www.uni.lu\/de\/news\/uni-lu-in-den-medien-warum-digitale-ethik-zaehlt\/#primaryimage\",\"url\":\"https:\/\/www.uni.lu\/wp-content\/uploads\/sites\/10\/2025\/01\/GeorgMein-100komma7.jpg\",\"contentUrl\":\"https:\/\/www.uni.lu\/wp-content\/uploads\/sites\/10\/2025\/01\/GeorgMein-100komma7.jpg\",\"width\":1600,\"height\":800,\"caption\":\"Georg Mein, Interview mit 100,7, Foto: Chris Zeien\"},{\"@type\":\"BreadcrumbList\",\"@id\":\"https:\/\/www.uni.lu\/de\/news\/uni-lu-in-den-medien-warum-digitale-ethik-zaehlt\/#breadcrumb\",\"itemListElement\":[{\"@type\":\"ListItem\",\"position\":1,\"name\":\"Home\",\"item\":\"https:\/\/www.uni.lu\/de\/\"},{\"@type\":\"ListItem\",\"position\":2,\"name\":\"News\",\"item\":\"https:\/\/www.uni.lu\/de\/news\/\"},{\"@type\":\"ListItem\",\"position\":3,\"name\":\"Uni.lu in den Medien: Warum digitale Ethik z\u00e4hlt\"}]},{\"@type\":\"WebSite\",\"@id\":\"https:\/\/www.uni.lu\/de\/#website\",\"url\":\"https:\/\/www.uni.lu\/de\/\",\"name\":\"Uni.lu\",\"description\":\"Universit\u00e4t Luxemburg\",\"publisher\":{\"@id\":\"https:\/\/www.uni.lu\/de\/#organization\"},\"alternateName\":\"Universit\u00e4t Luxemburg\",\"potentialAction\":[{\"@type\":\"SearchAction\",\"target\":{\"@type\":\"EntryPoint\",\"urlTemplate\":\"https:\/\/www.uni.lu\/de\/?s={search_term_string}\"},\"query-input\":\"required name=search_term_string\"}],\"inLanguage\":\"de-DE\"},{\"@type\":\"Organization\",\"@id\":\"https:\/\/www.uni.lu\/de\/#organization\",\"name\":\"Universit\u00e4t Luxemburg\",\"alternateName\":\"Uni.lu\",\"url\":\"https:\/\/www.uni.lu\/de\/\",\"logo\":{\"@type\":\"ImageObject\",\"inLanguage\":\"de-DE\",\"@id\":\"https:\/\/www.uni.lu\/de\/#\/schema\/logo\/image\/\",\"url\":\"https:\/\/www.uni.lu\/wp-content\/uploads\/sites\/10\/2026\/03\/03120000\/UNIV_SM-Profile_1600x1600px-scaled.jpg\",\"contentUrl\":\"https:\/\/www.uni.lu\/wp-content\/uploads\/sites\/10\/2026\/03\/03120000\/UNIV_SM-Profile_1600x1600px-scaled.jpg\",\"width\":2560,\"height\":2560,\"caption\":\"Universit\u00e4t Luxemburg\"},\"image\":\"https:\/\/www.uni.lu\/wp-content\/uploads\/sites\/10\/2026\/04\/24144329\/20200609-Belval-Campus_Henri-Goergen-23.jpg\",\"sameAs\":[\"https:\/\/www.facebook.com\/uni.lu\",\"https:\/\/www.linkedin.com\/school\/university-of-luxembourg\/\",\"https:\/\/www.instagram.com\/uni.lu\",\"https:\/\/www.youtube.com\/@uni_lu\",\"https:\/\/en.wikipedia.org\/wiki\/University_of_Luxembourg\"],\"email\":\"communication@uni.lu\",\"telephone\":\"+3524666441\",\"address\":{\"@type\":\"PostalAddress\",\"streetAddress\":\"2, place de l\u2019Universit\u00e9\",\"addressLocality\":\"Esch-sur-Alzette\",\"postalCode\":\"4365\",\"addressCountry\":\"LU\"},\"description\":\"Universit\u00e4t Luxemburg\"},{\"@type\":\"Person\",\"@id\":\"https:\/\/www.uni.lu\/de\/#\/schema\/person\/67d3defa53981502bf9cddb74a850c08\",\"name\":\"Catherine Clesse\",\"image\":{\"@type\":\"ImageObject\",\"inLanguage\":\"de-DE\",\"@id\":\"https:\/\/www.uni.lu\/de\/#\/schema\/person\/image\/\",\"url\":\"https:\/\/secure.gravatar.com\/avatar\/6a2e15a24f9036a6aee8753304e46c2d?s=96&d=mm&r=g\",\"contentUrl\":\"https:\/\/secure.gravatar.com\/avatar\/6a2e15a24f9036a6aee8753304e46c2d?s=96&d=mm&r=g\",\"caption\":\"Catherine Clesse\"}}]}<\/script>\n<!-- \/ Yoast SEO Premium plugin. -->","yoast_head_json":{"title":"Uni.lu in den Medien: Warum digitale Ethik z\u00e4hlt - Universit\u00e4t Luxemburg","description":"Erfahren Sie im Interview mit Professor Georg Mein, warum digitale Ethik wichtiger denn je ist.","robots":{"index":"index","follow":"follow","max-snippet":"max-snippet:-1","max-image-preview":"max-image-preview:large","max-video-preview":"max-video-preview:-1"},"canonical":"https:\/\/www.uni.lu\/de\/news\/uni-lu-in-den-medien-warum-digitale-ethik-zaehlt\/","og_locale":"de_DE","og_type":"article","og_title":"Uni.lu in den Medien: Warum digitale Ethik z\u00e4hlt","og_description":"Erfahren Sie im Interview mit Professor Georg Mein, warum digitale Ethik wichtiger denn je ist.","og_url":"https:\/\/www.uni.lu\/de\/news\/uni-lu-in-den-medien-warum-digitale-ethik-zaehlt\/","og_site_name":"UNI DE","article_publisher":"https:\/\/www.facebook.com\/uni.lu","article_modified_time":"2025-01-07T13:37:29+00:00","og_image":[{"width":1600,"height":800,"url":"https:\/\/www.uni.lu\/wp-content\/uploads\/sites\/10\/2025\/01\/GeorgMein-100komma7.jpg","type":"image\/jpeg"}],"twitter_card":"summary_large_image","twitter_misc":{"Gesch\u00e4tzte Lesezeit":"1 Minute"},"schema":{"@context":"https:\/\/schema.org","@graph":[{"@type":"NewsArticle","@id":"https:\/\/www.uni.lu\/de\/news\/uni-lu-in-den-medien-warum-digitale-ethik-zaehlt\/#article","isPartOf":{"@id":"https:\/\/www.uni.lu\/de\/news\/uni-lu-in-den-medien-warum-digitale-ethik-zaehlt\/"},"author":{"name":"Catherine Clesse","@id":"https:\/\/www.uni.lu\/de\/#\/schema\/person\/67d3defa53981502bf9cddb74a850c08"},"headline":"Uni.lu in den Medien: Warum digitale Ethik z\u00e4hlt","datePublished":"2025-01-07T12:28:29+00:00","dateModified":"2025-01-07T13:37:29+00:00","mainEntityOfPage":{"@id":"https:\/\/www.uni.lu\/de\/news\/uni-lu-in-den-medien-warum-digitale-ethik-zaehlt\/"},"wordCount":122,"publisher":{"@id":"https:\/\/www.uni.lu\/de\/#organization"},"image":{"@id":"https:\/\/www.uni.lu\/de\/news\/uni-lu-in-den-medien-warum-digitale-ethik-zaehlt\/#primaryimage"},"thumbnailUrl":"https:\/\/www.uni.lu\/wp-content\/uploads\/sites\/10\/2025\/01\/GeorgMein-100komma7.jpg","inLanguage":"de-DE"},{"@type":"WebPage","@id":"https:\/\/www.uni.lu\/de\/news\/uni-lu-in-den-medien-warum-digitale-ethik-zaehlt\/","url":"https:\/\/www.uni.lu\/de\/news\/uni-lu-in-den-medien-warum-digitale-ethik-zaehlt\/","name":"Uni.lu in den Medien: Warum digitale Ethik z\u00e4hlt - Universit\u00e4t Luxemburg","isPartOf":{"@id":"https:\/\/www.uni.lu\/de\/#website"},"primaryImageOfPage":{"@id":"https:\/\/www.uni.lu\/de\/news\/uni-lu-in-den-medien-warum-digitale-ethik-zaehlt\/#primaryimage"},"image":{"@id":"https:\/\/www.uni.lu\/de\/news\/uni-lu-in-den-medien-warum-digitale-ethik-zaehlt\/#primaryimage"},"thumbnailUrl":"https:\/\/www.uni.lu\/wp-content\/uploads\/sites\/10\/2025\/01\/GeorgMein-100komma7.jpg","datePublished":"2025-01-07T12:28:29+00:00","dateModified":"2025-01-07T13:37:29+00:00","description":"Erfahren Sie im Interview mit Professor Georg Mein, warum digitale Ethik wichtiger denn je ist.","breadcrumb":{"@id":"https:\/\/www.uni.lu\/de\/news\/uni-lu-in-den-medien-warum-digitale-ethik-zaehlt\/#breadcrumb"},"inLanguage":"de-DE","potentialAction":[{"@type":"ReadAction","target":["https:\/\/www.uni.lu\/de\/news\/uni-lu-in-den-medien-warum-digitale-ethik-zaehlt\/"]}]},{"@type":"ImageObject","inLanguage":"de-DE","@id":"https:\/\/www.uni.lu\/de\/news\/uni-lu-in-den-medien-warum-digitale-ethik-zaehlt\/#primaryimage","url":"https:\/\/www.uni.lu\/wp-content\/uploads\/sites\/10\/2025\/01\/GeorgMein-100komma7.jpg","contentUrl":"https:\/\/www.uni.lu\/wp-content\/uploads\/sites\/10\/2025\/01\/GeorgMein-100komma7.jpg","width":1600,"height":800,"caption":"Georg Mein, Interview mit 100,7, Foto: Chris Zeien"},{"@type":"BreadcrumbList","@id":"https:\/\/www.uni.lu\/de\/news\/uni-lu-in-den-medien-warum-digitale-ethik-zaehlt\/#breadcrumb","itemListElement":[{"@type":"ListItem","position":1,"name":"Home","item":"https:\/\/www.uni.lu\/de\/"},{"@type":"ListItem","position":2,"name":"News","item":"https:\/\/www.uni.lu\/de\/news\/"},{"@type":"ListItem","position":3,"name":"Uni.lu in den Medien: Warum digitale Ethik z\u00e4hlt"}]},{"@type":"WebSite","@id":"https:\/\/www.uni.lu\/de\/#website","url":"https:\/\/www.uni.lu\/de\/","name":"Uni.lu","description":"Universit\u00e4t Luxemburg","publisher":{"@id":"https:\/\/www.uni.lu\/de\/#organization"},"alternateName":"Universit\u00e4t Luxemburg","potentialAction":[{"@type":"SearchAction","target":{"@type":"EntryPoint","urlTemplate":"https:\/\/www.uni.lu\/de\/?s={search_term_string}"},"query-input":"required name=search_term_string"}],"inLanguage":"de-DE"},{"@type":"Organization","@id":"https:\/\/www.uni.lu\/de\/#organization","name":"Universit\u00e4t Luxemburg","alternateName":"Uni.lu","url":"https:\/\/www.uni.lu\/de\/","logo":{"@type":"ImageObject","inLanguage":"de-DE","@id":"https:\/\/www.uni.lu\/de\/#\/schema\/logo\/image\/","url":"https:\/\/www.uni.lu\/wp-content\/uploads\/sites\/10\/2026\/03\/03120000\/UNIV_SM-Profile_1600x1600px-scaled.jpg","contentUrl":"https:\/\/www.uni.lu\/wp-content\/uploads\/sites\/10\/2026\/03\/03120000\/UNIV_SM-Profile_1600x1600px-scaled.jpg","width":2560,"height":2560,"caption":"Universit\u00e4t Luxemburg"},"image":"https:\/\/www.uni.lu\/wp-content\/uploads\/sites\/10\/2026\/04\/24144329\/20200609-Belval-Campus_Henri-Goergen-23.jpg","sameAs":["https:\/\/www.facebook.com\/uni.lu","https:\/\/www.linkedin.com\/school\/university-of-luxembourg\/","https:\/\/www.instagram.com\/uni.lu","https:\/\/www.youtube.com\/@uni_lu","https:\/\/en.wikipedia.org\/wiki\/University_of_Luxembourg"],"email":"communication@uni.lu","telephone":"+3524666441","address":{"@type":"PostalAddress","streetAddress":"2, place de l\u2019Universit\u00e9","addressLocality":"Esch-sur-Alzette","postalCode":"4365","addressCountry":"LU"},"description":"Universit\u00e4t Luxemburg"},{"@type":"Person","@id":"https:\/\/www.uni.lu\/de\/#\/schema\/person\/67d3defa53981502bf9cddb74a850c08","name":"Catherine Clesse","image":{"@type":"ImageObject","inLanguage":"de-DE","@id":"https:\/\/www.uni.lu\/de\/#\/schema\/person\/image\/","url":"https:\/\/secure.gravatar.com\/avatar\/6a2e15a24f9036a6aee8753304e46c2d?s=96&d=mm&r=g","contentUrl":"https:\/\/secure.gravatar.com\/avatar\/6a2e15a24f9036a6aee8753304e46c2d?s=96&d=mm&r=g","caption":"Catherine Clesse"}}]}},"blog_id":10,"_links":{"self":[{"href":"https:\/\/www.uni.lu\/de\/wp-json\/wp\/v2\/news\/5694"}],"collection":[{"href":"https:\/\/www.uni.lu\/de\/wp-json\/wp\/v2\/news"}],"about":[{"href":"https:\/\/www.uni.lu\/de\/wp-json\/wp\/v2\/types\/news"}],"author":[{"embeddable":true,"href":"https:\/\/www.uni.lu\/de\/wp-json\/wp\/v2\/users\/341"}],"version-history":[{"count":4,"href":"https:\/\/www.uni.lu\/de\/wp-json\/wp\/v2\/news\/5694\/revisions"}],"predecessor-version":[{"id":5701,"href":"https:\/\/www.uni.lu\/de\/wp-json\/wp\/v2\/news\/5694\/revisions\/5701"}],"wp:authorship":[{"embeddable":true,"href":"https:\/\/www.uni.lu\/de\/wp-json\/wp\/v2\/users\/341"}],"wp:featuredmedia":[{"embeddable":true,"href":"https:\/\/www.uni.lu\/de\/wp-json\/wp\/v2\/media\/5695"}],"wp:attachment":[{"href":"https:\/\/www.uni.lu\/de\/wp-json\/wp\/v2\/media?parent=5694"}],"wp:term":[{"taxonomy":"news-category","embeddable":true,"href":"https:\/\/www.uni.lu\/de\/wp-json\/wp\/v2\/news-category?post=5694"},{"taxonomy":"news-topic","embeddable":true,"href":"https:\/\/www.uni.lu\/de\/wp-json\/wp\/v2\/news-topic?post=5694"},{"taxonomy":"organisation","embeddable":true,"href":"https:\/\/www.uni.lu\/de\/wp-json\/wp\/v2\/organisation?post=5694"}],"curies":[{"name":"wp","href":"https:\/\/api.w.org\/{rel}","templated":true}]}}