{"id":5485,"date":"2024-12-05T14:12:23","date_gmt":"2024-12-05T13:12:23","guid":{"rendered":"https:\/\/www.uni.lu\/de\/?post_type=news&#038;p=5485"},"modified":"2024-12-11T15:21:49","modified_gmt":"2024-12-11T14:21:49","slug":"ein-neues-institut-fuer-digitale-ethik-zur-bewaeltigung-der-herausforderungen-von-heute","status":"publish","type":"news","link":"https:\/\/www.uni.lu\/de\/news\/ein-neues-institut-fuer-digitale-ethik-zur-bewaeltigung-der-herausforderungen-von-heute\/","title":{"rendered":"Universit\u00e4t gr\u00fcndet Institut f\u00fcr digitale Ethik"},"content":{"rendered":"\n<section class=\"wp-block-unilux-blocks-free-section section\"><div class=\"container xl:max-w-screen-xl\">\n<p>Die Universit\u00e4t Luxemburg freut sich, die Gr\u00fcndung des <em>University of Luxembourg Institute for Digital Ethics (ULIDE)<\/em> bekanntzugeben. Diese interdisziplin\u00e4re Einrichtung wird Forschern und Interessengruppen, zum Beispiel politischen Entscheidungstr\u00e4gern oder Unternehmen, forschungsbasierte Expertise, Beratung und Weiterbildungen anbieten. Das Institute for Digital Ethics (ULIDE) wird seine T\u00e4tigkeit am 1. Januar 2025 aufnehmen. &nbsp;<\/p>\n\n\n\n<p>ULIDE widmet sich den ethischen, sozialen und gesellschaftlichen Fragen, die durch die digitale Transformation entstehen. Ziel ist es, nationale Leitlinien zu den ethischen und gesellschaftlichen Auswirkungen der Digitalisierung zu entwickeln, praxisorientierte Forschung und Lehre zu f\u00f6rdern sowie durch \u00d6ffentlichkeitsarbeit, Wissenstransfer und strategische politische Empfehlungen einen positiven Beitrag zu leisten.&nbsp;<\/p>\n\n\n\n<p>Das Institut unterstreicht das Engagement der Universit\u00e4t f\u00fcr einen interdisziplin\u00e4ren Ansatz, sozial verantwortliche Innovationen und nachhaltige Entwicklung. Die bestehende Expertise an den Fakult\u00e4ten und Forschungszentren der Universit\u00e4t wird ULIDE leiten und den Weg f\u00fcr Kooperationen auf nationaler und internationaler Ebene ebnen. Langfristig soll das Institut eine zentrale Anlaufstelle f\u00fcr Wissenschaftler, politische Entscheidungstr\u00e4ger sowie \u00f6ffentliche und private Interessengruppen werden.&nbsp;<\/p>\n\n\n\n<h2 class=\"has-text-align-left wp-block-unilux-blocks-heading\"        id=\"thematische-saeulen-und-interdisziplinaritaet\"\n    >\n<strong>Thematische S\u00e4ulen und Interdisziplinarit\u00e4t<\/strong>\u00a0\u00a0<\/h2>\n\n\n\n<p>Big Data, k\u00fcnstliche Intelligenz, maschinelles Lernen. Conversational Agents, Large Language Models, Blockchain, Augmented oder Virtual Reality. Obwohl sie enorme Vorteile mit sich bringen, wirken sich neue Technologien auf unsere Gesellschaft, Wirtschaft und Kultur auf tiefgreifend umst\u00fcrzende Weise aus. Zu den Herausforderungen geh\u00f6ren eine digitale Kluft, die Aush\u00f6hlung der Privatsph\u00e4re, die Ver\u00e4nderung des \u00f6ffentlichen Raums, Herausforderungen der digitalen Kompetenz, verbundene Gesundheitsprobleme, sowie Fragen der Transparenz, Rechenschaftspflicht und Nachhaltigkeit von KI und rechtliche Rahmenbedingungen.&nbsp;&nbsp;<\/p>\n\n\n\n<p>Als interdisziplin\u00e4res Institut wird ULIDE Forschung zu Themen wie digitaler Demokratie, Recht, Gesundheit und Nachhaltigkeit erm\u00f6glichen, w\u00e4hrend es sich gleichzeitig mit kritischen Fragestellungen wie der Verantwortung von KI, Datenschutz und digitaler Kompetenz befasst.&nbsp;<\/p>\n\n\n\n<h2 class=\"has-text-align-left wp-block-unilux-blocks-heading\"        id=\"die-anlaufphase-der-ersten-entwicklung\"\n    >\n<strong>Die Anlaufphase der ersten Entwicklung<\/strong><\/h2>\n\n\n\n<div class=\"wp-block-columns is-layout-flex wp-block-columns-is-layout-flex\">\n<div class=\"wp-block-column is-layout-flow wp-block-column-is-layout-flow\" style=\"flex-basis:35%\"><figure class=\"wp-block-dev4-reusable-blocks-image  object-fit--cover\">\n    \n<img decoding=\"async\" class=\"wp-block-image unilux-custom-image-block\"\n                alt=\"Prof Georg Mein\"\n            src=\"https:\/\/www.uni.lu\/wp-content\/uploads\/sites\/9\/2024\/12\/georg-mein-ulide-scaled.jpg\"\n                    style=\"object-position: 50.00% 50.00%; font-family: &quot;object-fit: cover; object-position: 50.00% 50.00%;&quot;; aspect-ratio: 1\/1; object-fit: cover; width: 100%;\"\n        loading=\"lazy\"\n\/>            <p class=\"wp-block-dev4-reusable-blocks-image-caption\">\n            Prof Georg Mein hat das Projekt seit Anfang an entwickelt.        <\/p>\n    <\/figure><\/div>\n\n\n\n<div class=\"wp-block-column is-layout-flow wp-block-column-is-layout-flow\" style=\"flex-basis:65%\">\n<p>ULIDE wird seine Aktivit\u00e4ten offiziell am 1. Januar 2025 aufnehmen. Die Rekrutierung von Experten, darunter Doktoranden und leitende Forscher, wird ein zentraler Bestandteil der Anfangsphase sein, um Forschung, Dialog und politische Debatten voranzutreiben.&nbsp;<\/p>\n\n\n\n<p>\u201eAngesichts der konkreten Notwendigkeit, sich mit den ethischen Herausforderungen neuer Technologien auseinanderzusetzen, ist der Moment f\u00fcr Luxemburg gekommen, ein Institut f\u00fcr digitale Ethik zu gr\u00fcnden\u201c, erkl\u00e4rt Prof. Georg Mein, ehemaliger Dekan der Fakult\u00e4t f\u00fcr Geisteswissenschaften, Erziehungswissenschaften und Sozialwissenschaften und treibende Kraft hinter dem Projekt. \u201cMit der Zeit wird das Institut dazu beitragen, Luxemburg an die Spitze der ethischen digitalen Transformation zu bringen.\u201c&nbsp;&nbsp;<\/p>\n<\/div>\n<\/div>\n\n\n\n<p>\u201eDigitalisierung und Interdisziplinarit\u00e4t stehen im Mittelpunkt der \u00dcberlegungen der Universit\u00e4t und ihrer Forschungs- und Entwicklungsaussichten\u201c, sagt Prof. Jens Kreisel, Rektor der Universit\u00e4t Luxemburg. \u201cWir sind perfekt positioniert, um Luxemburg dabei zu unterst\u00fctzen, die ethische Landschaft des digitalen Wandels zu lenken, w\u00e4hrend wir gleichzeitig nachhaltige Innovationen vorantreiben und den akademischen Diskurs f\u00f6rdern.\u201d&nbsp;<\/p>\n\n\n\n<p>Die offizielle Er\u00f6ffnung des Instituts findet im Juni 2025 statt. Zu diesem Anlass werden zahlreiche Interessenvertreter eingeladen, um die wichtigsten Priorit\u00e4ten f\u00fcr die digitale Ethik in Luxemburg zu er\u00f6rtern.&nbsp;&nbsp;<\/p>\n\n\n<section class=\"section section wp-block-unilux-blocks-quick-link-discover-section\">\n    <div class=\"container xl:max-w-screen-xl\">\n        \n<h2 class=\"has-text-align-left wp-block-unilux-blocks-heading\"        id=\"mehr-ueber-ulide-erfahren\"\n    >\nMehr \u00fcber ULIDE erfahren<\/h2>\n\n<ul class=\"wp-block-unilux-blocks-quick-link-discover quick-link-list\">\n<li class=\"wp-block-unilux-blocks-quick-link-discover-item\">\n    <a\n                    href=\"https:\/\/www.uni.lu\/en\/university-of-luxembourg-institute-of-digital-ethics-ulide\/\"\n                    class=\"quick-link\"\n            target=\"\"\n    >\n            <span class=\"quick-link__container\">\n                <span class=\"quick-link__text\">\n                    University of Luxembourg Institute of Digital Ethics (EN)                <\/span>\n                <svg aria-hidden=\"true\" focusable=\"false\" class=\"icon icon-outline icon--arrow-right \"><use xlink:href=\"https:\/\/www.uni.lu\/wp-content\/themes\/unilux-theme\/assets\/images\/icons\/icons-outline.svg#icon--arrow-right\"><\/use><\/svg>            <\/span>\n    <\/a>\n<\/li>\n<\/ul>\n    <\/div>\n<\/section><\/div><\/section>\n","protected":false},"excerpt":{"rendered":"<p>Die Universit\u00e4t Luxemburg ist stolz darauf, die Er\u00f6ffnung des University of Luxembourg Institute for Digital Ethics bekannt zu geben. Diese interdisziplin\u00e4re Einrichtung wird Forschern und Interessengruppen, zum Beispiel politischen Entscheidungstr\u00e4gern oder Unternehmen, forschungsbasierte Expertise, Beratung und Weiterbildungen anbieten.<\/p>\n","protected":false},"author":341,"featured_media":5491,"template":"","format":"standard","meta":{"featured_image_focal_point":[],"show_featured_caption":false,"ulux_newsletter_groups":"","uluxPostTitle":"","uluxPrePostTitle":"","_trash_the_other_posts":false,"_price":"","_stock":"","_tribe_ticket_header":"","_tribe_default_ticket_provider":"","_tribe_ticket_capacity":"0","_ticket_start_date":"","_ticket_end_date":"","_tribe_ticket_show_description":"","_tribe_ticket_show_not_going":false,"_tribe_ticket_use_global_stock":"","_tribe_ticket_global_stock_level":"","_global_stock_mode":"","_global_stock_cap":"","_tribe_rsvp_for_event":"","_tribe_ticket_going_count":"","_tribe_ticket_not_going_count":"","_tribe_tickets_list":"[]","_tribe_ticket_has_attendee_info_fields":false},"news-category":[9,3],"news-topic":[400],"organisation":[226],"authorship":[341],"acf":[],"yoast_head":"<!-- This site is optimized with the Yoast SEO Premium plugin v22.3 (Yoast SEO v22.3) - https:\/\/yoast.com\/wordpress\/plugins\/seo\/ -->\n<title>Universit\u00e4t gr\u00fcndet Institut f\u00fcr digitale Ethik - Universit\u00e4t Luxemburg<\/title>\n<meta name=\"description\" content=\"Die Universit\u00e4t Luxemburg ist stolz darauf, die Er\u00f6ffnung des University of Luxembourg Institute for Digital Ethics bekannt zu geben. Diese interdisziplin\u00e4re Einrichtung wird Forschern und Interessengruppen, zum Beispiel politischen Entscheidungstr\u00e4gern oder Unternehmen, forschungsbasierte Expertise, Beratung und Weiterbildungen anbieten.\" \/>\n<meta name=\"robots\" content=\"noindex, follow\" \/>\n<meta property=\"og:locale\" content=\"de_DE\" \/>\n<meta property=\"og:type\" content=\"article\" \/>\n<meta property=\"og:title\" content=\"Universit\u00e4t gr\u00fcndet Institut f\u00fcr digitale Ethik\" \/>\n<meta property=\"og:description\" content=\"Die Universit\u00e4t Luxemburg ist stolz darauf, die Er\u00f6ffnung des University of Luxembourg Institute for Digital Ethics bekannt zu geben. Diese interdisziplin\u00e4re Einrichtung wird Forschern und Interessengruppen, zum Beispiel politischen Entscheidungstr\u00e4gern oder Unternehmen, forschungsbasierte Expertise, Beratung und Weiterbildungen anbieten.\" \/>\n<meta property=\"og:url\" content=\"https:\/\/www.uni.lu\/de\/news\/ein-neues-institut-fuer-digitale-ethik-zur-bewaeltigung-der-herausforderungen-von-heute\/\" \/>\n<meta property=\"og:site_name\" content=\"UNI DE\" \/>\n<meta property=\"article:publisher\" content=\"https:\/\/www.facebook.com\/uni.lu\" \/>\n<meta property=\"article:modified_time\" content=\"2024-12-11T14:21:49+00:00\" \/>\n<meta property=\"og:image\" content=\"https:\/\/www.uni.lu\/wp-content\/uploads\/sites\/10\/2024\/12\/AdobeStock_955641456-1-scaled.jpeg\" \/>\n\t<meta property=\"og:image:width\" content=\"2560\" \/>\n\t<meta property=\"og:image:height\" content=\"1435\" \/>\n\t<meta property=\"og:image:type\" content=\"image\/jpeg\" \/>\n<meta name=\"twitter:card\" content=\"summary_large_image\" \/>\n<meta name=\"twitter:label1\" content=\"Gesch\u00e4tzte Lesezeit\" \/>\n\t<meta name=\"twitter:data1\" content=\"3 Minuten\" \/>\n<script type=\"application\/ld+json\" class=\"yoast-schema-graph\">{\"@context\":\"https:\/\/schema.org\",\"@graph\":[{\"@type\":\"NewsArticle\",\"@id\":\"https:\/\/www.uni.lu\/de\/news\/ein-neues-institut-fuer-digitale-ethik-zur-bewaeltigung-der-herausforderungen-von-heute\/#article\",\"isPartOf\":{\"@id\":\"https:\/\/www.uni.lu\/de\/news\/ein-neues-institut-fuer-digitale-ethik-zur-bewaeltigung-der-herausforderungen-von-heute\/\"},\"author\":{\"name\":\"Catherine Clesse\",\"@id\":\"https:\/\/www.uni.lu\/de\/#\/schema\/person\/67d3defa53981502bf9cddb74a850c08\"},\"headline\":\"Universit\u00e4t gr\u00fcndet Institut f\u00fcr digitale Ethik\",\"datePublished\":\"2024-12-05T13:12:23+00:00\",\"dateModified\":\"2024-12-11T14:21:49+00:00\",\"mainEntityOfPage\":{\"@id\":\"https:\/\/www.uni.lu\/de\/news\/ein-neues-institut-fuer-digitale-ethik-zur-bewaeltigung-der-herausforderungen-von-heute\/\"},\"wordCount\":493,\"publisher\":{\"@id\":\"https:\/\/www.uni.lu\/de\/#organization\"},\"image\":{\"@id\":\"https:\/\/www.uni.lu\/de\/news\/ein-neues-institut-fuer-digitale-ethik-zur-bewaeltigung-der-herausforderungen-von-heute\/#primaryimage\"},\"thumbnailUrl\":\"https:\/\/www.uni.lu\/wp-content\/uploads\/sites\/10\/2024\/12\/AdobeStock_955641456-1-scaled.jpeg\",\"inLanguage\":\"de-DE\"},{\"@type\":\"WebPage\",\"@id\":\"https:\/\/www.uni.lu\/de\/news\/ein-neues-institut-fuer-digitale-ethik-zur-bewaeltigung-der-herausforderungen-von-heute\/\",\"url\":\"https:\/\/www.uni.lu\/de\/news\/ein-neues-institut-fuer-digitale-ethik-zur-bewaeltigung-der-herausforderungen-von-heute\/\",\"name\":\"Universit\u00e4t gr\u00fcndet Institut f\u00fcr digitale Ethik - Universit\u00e4t Luxemburg\",\"isPartOf\":{\"@id\":\"https:\/\/www.uni.lu\/de\/#website\"},\"primaryImageOfPage\":{\"@id\":\"https:\/\/www.uni.lu\/de\/news\/ein-neues-institut-fuer-digitale-ethik-zur-bewaeltigung-der-herausforderungen-von-heute\/#primaryimage\"},\"image\":{\"@id\":\"https:\/\/www.uni.lu\/de\/news\/ein-neues-institut-fuer-digitale-ethik-zur-bewaeltigung-der-herausforderungen-von-heute\/#primaryimage\"},\"thumbnailUrl\":\"https:\/\/www.uni.lu\/wp-content\/uploads\/sites\/10\/2024\/12\/AdobeStock_955641456-1-scaled.jpeg\",\"datePublished\":\"2024-12-05T13:12:23+00:00\",\"dateModified\":\"2024-12-11T14:21:49+00:00\",\"description\":\"Die Universit\u00e4t Luxemburg ist stolz darauf, die Er\u00f6ffnung des University of Luxembourg Institute for Digital Ethics bekannt zu geben. Diese interdisziplin\u00e4re Einrichtung wird Forschern und Interessengruppen, zum Beispiel politischen Entscheidungstr\u00e4gern oder Unternehmen, forschungsbasierte Expertise, Beratung und Weiterbildungen anbieten.\",\"breadcrumb\":{\"@id\":\"https:\/\/www.uni.lu\/de\/news\/ein-neues-institut-fuer-digitale-ethik-zur-bewaeltigung-der-herausforderungen-von-heute\/#breadcrumb\"},\"inLanguage\":\"de-DE\",\"potentialAction\":[{\"@type\":\"ReadAction\",\"target\":[\"https:\/\/www.uni.lu\/de\/news\/ein-neues-institut-fuer-digitale-ethik-zur-bewaeltigung-der-herausforderungen-von-heute\/\"]}]},{\"@type\":\"ImageObject\",\"inLanguage\":\"de-DE\",\"@id\":\"https:\/\/www.uni.lu\/de\/news\/ein-neues-institut-fuer-digitale-ethik-zur-bewaeltigung-der-herausforderungen-von-heute\/#primaryimage\",\"url\":\"https:\/\/www.uni.lu\/wp-content\/uploads\/sites\/10\/2024\/12\/AdobeStock_955641456-1-scaled.jpeg\",\"contentUrl\":\"https:\/\/www.uni.lu\/wp-content\/uploads\/sites\/10\/2024\/12\/AdobeStock_955641456-1-scaled.jpeg\",\"width\":2560,\"height\":1435},{\"@type\":\"BreadcrumbList\",\"@id\":\"https:\/\/www.uni.lu\/de\/news\/ein-neues-institut-fuer-digitale-ethik-zur-bewaeltigung-der-herausforderungen-von-heute\/#breadcrumb\",\"itemListElement\":[{\"@type\":\"ListItem\",\"position\":1,\"name\":\"Home\",\"item\":\"https:\/\/www.uni.lu\/de\/\"},{\"@type\":\"ListItem\",\"position\":2,\"name\":\"News\",\"item\":\"https:\/\/www.uni.lu\/de\/news\/\"},{\"@type\":\"ListItem\",\"position\":3,\"name\":\"Universit\u00e4t gr\u00fcndet Institut f\u00fcr digitale Ethik\"}]},{\"@type\":\"WebSite\",\"@id\":\"https:\/\/www.uni.lu\/de\/#website\",\"url\":\"https:\/\/www.uni.lu\/de\/\",\"name\":\"Uni.lu\",\"description\":\"Universit\u00e4t Luxemburg\",\"publisher\":{\"@id\":\"https:\/\/www.uni.lu\/de\/#organization\"},\"alternateName\":\"Universit\u00e4t Luxemburg\",\"potentialAction\":[{\"@type\":\"SearchAction\",\"target\":{\"@type\":\"EntryPoint\",\"urlTemplate\":\"https:\/\/www.uni.lu\/de\/?s={search_term_string}\"},\"query-input\":\"required name=search_term_string\"}],\"inLanguage\":\"de-DE\"},{\"@type\":\"Organization\",\"@id\":\"https:\/\/www.uni.lu\/de\/#organization\",\"name\":\"Universit\u00e4t Luxemburg\",\"alternateName\":\"Uni.lu\",\"url\":\"https:\/\/www.uni.lu\/de\/\",\"logo\":{\"@type\":\"ImageObject\",\"inLanguage\":\"de-DE\",\"@id\":\"https:\/\/www.uni.lu\/de\/#\/schema\/logo\/image\/\",\"url\":\"https:\/\/www.uni.lu\/wp-content\/uploads\/sites\/10\/2026\/03\/03120000\/UNIV_SM-Profile_1600x1600px-scaled.jpg\",\"contentUrl\":\"https:\/\/www.uni.lu\/wp-content\/uploads\/sites\/10\/2026\/03\/03120000\/UNIV_SM-Profile_1600x1600px-scaled.jpg\",\"width\":2560,\"height\":2560,\"caption\":\"Universit\u00e4t Luxemburg\"},\"image\":\"https:\/\/www.uni.lu\/wp-content\/uploads\/sites\/10\/2026\/04\/24144329\/20200609-Belval-Campus_Henri-Goergen-23.jpg\",\"sameAs\":[\"https:\/\/www.facebook.com\/uni.lu\",\"https:\/\/www.linkedin.com\/school\/university-of-luxembourg\/\",\"https:\/\/www.instagram.com\/uni.lu\",\"https:\/\/www.youtube.com\/@uni_lu\",\"https:\/\/en.wikipedia.org\/wiki\/University_of_Luxembourg\"],\"email\":\"communication@uni.lu\",\"telephone\":\"+3524666441\",\"address\":{\"@type\":\"PostalAddress\",\"streetAddress\":\"2, place de l\u2019Universit\u00e9\",\"addressLocality\":\"Esch-sur-Alzette\",\"postalCode\":\"4365\",\"addressCountry\":\"LU\"},\"description\":\"Universit\u00e4t Luxemburg\"},{\"@type\":\"Person\",\"@id\":\"https:\/\/www.uni.lu\/de\/#\/schema\/person\/67d3defa53981502bf9cddb74a850c08\",\"name\":\"Catherine Clesse\",\"image\":{\"@type\":\"ImageObject\",\"inLanguage\":\"de-DE\",\"@id\":\"https:\/\/www.uni.lu\/de\/#\/schema\/person\/image\/\",\"url\":\"https:\/\/secure.gravatar.com\/avatar\/6a2e15a24f9036a6aee8753304e46c2d?s=96&d=mm&r=g\",\"contentUrl\":\"https:\/\/secure.gravatar.com\/avatar\/6a2e15a24f9036a6aee8753304e46c2d?s=96&d=mm&r=g\",\"caption\":\"Catherine Clesse\"}}]}<\/script>\n<!-- \/ Yoast SEO Premium plugin. -->","yoast_head_json":{"title":"Universit\u00e4t gr\u00fcndet Institut f\u00fcr digitale Ethik - Universit\u00e4t Luxemburg","description":"Die Universit\u00e4t Luxemburg ist stolz darauf, die Er\u00f6ffnung des University of Luxembourg Institute for Digital Ethics bekannt zu geben. Diese interdisziplin\u00e4re Einrichtung wird Forschern und Interessengruppen, zum Beispiel politischen Entscheidungstr\u00e4gern oder Unternehmen, forschungsbasierte Expertise, Beratung und Weiterbildungen anbieten.","robots":{"index":"noindex","follow":"follow"},"og_locale":"de_DE","og_type":"article","og_title":"Universit\u00e4t gr\u00fcndet Institut f\u00fcr digitale Ethik","og_description":"Die Universit\u00e4t Luxemburg ist stolz darauf, die Er\u00f6ffnung des University of Luxembourg Institute for Digital Ethics bekannt zu geben. Diese interdisziplin\u00e4re Einrichtung wird Forschern und Interessengruppen, zum Beispiel politischen Entscheidungstr\u00e4gern oder Unternehmen, forschungsbasierte Expertise, Beratung und Weiterbildungen anbieten.","og_url":"https:\/\/www.uni.lu\/de\/news\/ein-neues-institut-fuer-digitale-ethik-zur-bewaeltigung-der-herausforderungen-von-heute\/","og_site_name":"UNI DE","article_publisher":"https:\/\/www.facebook.com\/uni.lu","article_modified_time":"2024-12-11T14:21:49+00:00","og_image":[{"width":2560,"height":1435,"url":"https:\/\/www.uni.lu\/wp-content\/uploads\/sites\/10\/2024\/12\/AdobeStock_955641456-1-scaled.jpeg","type":"image\/jpeg"}],"twitter_card":"summary_large_image","twitter_misc":{"Gesch\u00e4tzte Lesezeit":"3 Minuten"},"schema":{"@context":"https:\/\/schema.org","@graph":[{"@type":"NewsArticle","@id":"https:\/\/www.uni.lu\/de\/news\/ein-neues-institut-fuer-digitale-ethik-zur-bewaeltigung-der-herausforderungen-von-heute\/#article","isPartOf":{"@id":"https:\/\/www.uni.lu\/de\/news\/ein-neues-institut-fuer-digitale-ethik-zur-bewaeltigung-der-herausforderungen-von-heute\/"},"author":{"name":"Catherine Clesse","@id":"https:\/\/www.uni.lu\/de\/#\/schema\/person\/67d3defa53981502bf9cddb74a850c08"},"headline":"Universit\u00e4t gr\u00fcndet Institut f\u00fcr digitale Ethik","datePublished":"2024-12-05T13:12:23+00:00","dateModified":"2024-12-11T14:21:49+00:00","mainEntityOfPage":{"@id":"https:\/\/www.uni.lu\/de\/news\/ein-neues-institut-fuer-digitale-ethik-zur-bewaeltigung-der-herausforderungen-von-heute\/"},"wordCount":493,"publisher":{"@id":"https:\/\/www.uni.lu\/de\/#organization"},"image":{"@id":"https:\/\/www.uni.lu\/de\/news\/ein-neues-institut-fuer-digitale-ethik-zur-bewaeltigung-der-herausforderungen-von-heute\/#primaryimage"},"thumbnailUrl":"https:\/\/www.uni.lu\/wp-content\/uploads\/sites\/10\/2024\/12\/AdobeStock_955641456-1-scaled.jpeg","inLanguage":"de-DE"},{"@type":"WebPage","@id":"https:\/\/www.uni.lu\/de\/news\/ein-neues-institut-fuer-digitale-ethik-zur-bewaeltigung-der-herausforderungen-von-heute\/","url":"https:\/\/www.uni.lu\/de\/news\/ein-neues-institut-fuer-digitale-ethik-zur-bewaeltigung-der-herausforderungen-von-heute\/","name":"Universit\u00e4t gr\u00fcndet Institut f\u00fcr digitale Ethik - Universit\u00e4t Luxemburg","isPartOf":{"@id":"https:\/\/www.uni.lu\/de\/#website"},"primaryImageOfPage":{"@id":"https:\/\/www.uni.lu\/de\/news\/ein-neues-institut-fuer-digitale-ethik-zur-bewaeltigung-der-herausforderungen-von-heute\/#primaryimage"},"image":{"@id":"https:\/\/www.uni.lu\/de\/news\/ein-neues-institut-fuer-digitale-ethik-zur-bewaeltigung-der-herausforderungen-von-heute\/#primaryimage"},"thumbnailUrl":"https:\/\/www.uni.lu\/wp-content\/uploads\/sites\/10\/2024\/12\/AdobeStock_955641456-1-scaled.jpeg","datePublished":"2024-12-05T13:12:23+00:00","dateModified":"2024-12-11T14:21:49+00:00","description":"Die Universit\u00e4t Luxemburg ist stolz darauf, die Er\u00f6ffnung des University of Luxembourg Institute for Digital Ethics bekannt zu geben. Diese interdisziplin\u00e4re Einrichtung wird Forschern und Interessengruppen, zum Beispiel politischen Entscheidungstr\u00e4gern oder Unternehmen, forschungsbasierte Expertise, Beratung und Weiterbildungen anbieten.","breadcrumb":{"@id":"https:\/\/www.uni.lu\/de\/news\/ein-neues-institut-fuer-digitale-ethik-zur-bewaeltigung-der-herausforderungen-von-heute\/#breadcrumb"},"inLanguage":"de-DE","potentialAction":[{"@type":"ReadAction","target":["https:\/\/www.uni.lu\/de\/news\/ein-neues-institut-fuer-digitale-ethik-zur-bewaeltigung-der-herausforderungen-von-heute\/"]}]},{"@type":"ImageObject","inLanguage":"de-DE","@id":"https:\/\/www.uni.lu\/de\/news\/ein-neues-institut-fuer-digitale-ethik-zur-bewaeltigung-der-herausforderungen-von-heute\/#primaryimage","url":"https:\/\/www.uni.lu\/wp-content\/uploads\/sites\/10\/2024\/12\/AdobeStock_955641456-1-scaled.jpeg","contentUrl":"https:\/\/www.uni.lu\/wp-content\/uploads\/sites\/10\/2024\/12\/AdobeStock_955641456-1-scaled.jpeg","width":2560,"height":1435},{"@type":"BreadcrumbList","@id":"https:\/\/www.uni.lu\/de\/news\/ein-neues-institut-fuer-digitale-ethik-zur-bewaeltigung-der-herausforderungen-von-heute\/#breadcrumb","itemListElement":[{"@type":"ListItem","position":1,"name":"Home","item":"https:\/\/www.uni.lu\/de\/"},{"@type":"ListItem","position":2,"name":"News","item":"https:\/\/www.uni.lu\/de\/news\/"},{"@type":"ListItem","position":3,"name":"Universit\u00e4t gr\u00fcndet Institut f\u00fcr digitale Ethik"}]},{"@type":"WebSite","@id":"https:\/\/www.uni.lu\/de\/#website","url":"https:\/\/www.uni.lu\/de\/","name":"Uni.lu","description":"Universit\u00e4t Luxemburg","publisher":{"@id":"https:\/\/www.uni.lu\/de\/#organization"},"alternateName":"Universit\u00e4t Luxemburg","potentialAction":[{"@type":"SearchAction","target":{"@type":"EntryPoint","urlTemplate":"https:\/\/www.uni.lu\/de\/?s={search_term_string}"},"query-input":"required name=search_term_string"}],"inLanguage":"de-DE"},{"@type":"Organization","@id":"https:\/\/www.uni.lu\/de\/#organization","name":"Universit\u00e4t Luxemburg","alternateName":"Uni.lu","url":"https:\/\/www.uni.lu\/de\/","logo":{"@type":"ImageObject","inLanguage":"de-DE","@id":"https:\/\/www.uni.lu\/de\/#\/schema\/logo\/image\/","url":"https:\/\/www.uni.lu\/wp-content\/uploads\/sites\/10\/2026\/03\/03120000\/UNIV_SM-Profile_1600x1600px-scaled.jpg","contentUrl":"https:\/\/www.uni.lu\/wp-content\/uploads\/sites\/10\/2026\/03\/03120000\/UNIV_SM-Profile_1600x1600px-scaled.jpg","width":2560,"height":2560,"caption":"Universit\u00e4t Luxemburg"},"image":"https:\/\/www.uni.lu\/wp-content\/uploads\/sites\/10\/2026\/04\/24144329\/20200609-Belval-Campus_Henri-Goergen-23.jpg","sameAs":["https:\/\/www.facebook.com\/uni.lu","https:\/\/www.linkedin.com\/school\/university-of-luxembourg\/","https:\/\/www.instagram.com\/uni.lu","https:\/\/www.youtube.com\/@uni_lu","https:\/\/en.wikipedia.org\/wiki\/University_of_Luxembourg"],"email":"communication@uni.lu","telephone":"+3524666441","address":{"@type":"PostalAddress","streetAddress":"2, place de l\u2019Universit\u00e9","addressLocality":"Esch-sur-Alzette","postalCode":"4365","addressCountry":"LU"},"description":"Universit\u00e4t Luxemburg"},{"@type":"Person","@id":"https:\/\/www.uni.lu\/de\/#\/schema\/person\/67d3defa53981502bf9cddb74a850c08","name":"Catherine Clesse","image":{"@type":"ImageObject","inLanguage":"de-DE","@id":"https:\/\/www.uni.lu\/de\/#\/schema\/person\/image\/","url":"https:\/\/secure.gravatar.com\/avatar\/6a2e15a24f9036a6aee8753304e46c2d?s=96&d=mm&r=g","contentUrl":"https:\/\/secure.gravatar.com\/avatar\/6a2e15a24f9036a6aee8753304e46c2d?s=96&d=mm&r=g","caption":"Catherine Clesse"}}]}},"blog_id":10,"_links":{"self":[{"href":"https:\/\/www.uni.lu\/de\/wp-json\/wp\/v2\/news\/5485"}],"collection":[{"href":"https:\/\/www.uni.lu\/de\/wp-json\/wp\/v2\/news"}],"about":[{"href":"https:\/\/www.uni.lu\/de\/wp-json\/wp\/v2\/types\/news"}],"author":[{"embeddable":true,"href":"https:\/\/www.uni.lu\/de\/wp-json\/wp\/v2\/users\/341"}],"version-history":[{"count":4,"href":"https:\/\/www.uni.lu\/de\/wp-json\/wp\/v2\/news\/5485\/revisions"}],"predecessor-version":[{"id":5613,"href":"https:\/\/www.uni.lu\/de\/wp-json\/wp\/v2\/news\/5485\/revisions\/5613"}],"wp:authorship":[{"embeddable":true,"href":"https:\/\/www.uni.lu\/de\/wp-json\/wp\/v2\/users\/341"}],"wp:featuredmedia":[{"embeddable":true,"href":"https:\/\/www.uni.lu\/de\/wp-json\/wp\/v2\/media\/5491"}],"wp:attachment":[{"href":"https:\/\/www.uni.lu\/de\/wp-json\/wp\/v2\/media?parent=5485"}],"wp:term":[{"taxonomy":"news-category","embeddable":true,"href":"https:\/\/www.uni.lu\/de\/wp-json\/wp\/v2\/news-category?post=5485"},{"taxonomy":"news-topic","embeddable":true,"href":"https:\/\/www.uni.lu\/de\/wp-json\/wp\/v2\/news-topic?post=5485"},{"taxonomy":"organisation","embeddable":true,"href":"https:\/\/www.uni.lu\/de\/wp-json\/wp\/v2\/organisation?post=5485"}],"curies":[{"name":"wp","href":"https:\/\/api.w.org\/{rel}","templated":true}]}}