{"id":541,"date":"2020-09-25T11:44:05","date_gmt":"2020-09-25T11:44:05","guid":{"rendered":"https:\/\/website.prod.unilu.spikeseed.cloud\/de\/news\/werden-sie-teil-der-geschichte-im-temporary-history-lab\/"},"modified":"2020-09-25T11:44:05","modified_gmt":"2020-09-25T11:44:05","slug":"werden-sie-teil-der-geschichte-im-temporary-history-lab","status":"publish","type":"news","link":"https:\/\/www.uni.lu\/de\/news\/werden-sie-teil-der-geschichte-im-temporary-history-lab\/","title":{"rendered":"Werden Sie Teil der Geschichte im Temporary History Lab"},"content":{"rendered":"<section class=\"wp-block-unilux-blocks-free-section section\"><div class=\"container xl:max-w-screen-xl\"><p>Das Temporary History Lab der Universit\u00e4t Luxemburg l\u00e4dt Besucher der Gro\u00dfregion ein, an der Geschichte vom Minett teilzunehmen. Das Lab wird vom 26. September bis 23. Oktober im Annexe22 in Esch-sur-Alzette diverse Aktivit\u00e4ten rund um die Geschichte und die Bewohner der S\u00fcdregion organisieren.<\/p><p>Das Temporary History Lab ist kostenlos zug\u00e4nglich und Teil des Programms von Esch2022 Europ\u00e4ische Kulturhauptstadt. Erschaffen vom\u00a0<a href=\"https:\/\/wwwde.uni.lu\/c2dh\" target=\"_self\" title=\"\" rel=\"noopener\">Centre for Contemporary and Digital History (C\u00b2DH)<\/a> der Universit\u00e4t Luxemburg, l\u00e4dt es Besucher jeden Alters und Breufs ein, durch ihre Beteiligung an der Geschichte des Minetts teilzunehmen.<\/p><p>Historiker sind an Eindr\u00fccken, Erinnerungen und Erfahrungen der Besucher interessiert, die durch audiovisuelle Aktivit\u00e4ten und Dokumente gesammelt werden. Die Identit\u00e4t der Minett-Bewohner wird durch Ateliers \u00fcber Selbstportr\u00e4ts und Audio-Aufnahmen erkundet.<\/p><p>Begleitend k\u00f6nnen die Besucher die Entwicklung der Region mithilfe der Videoinstallation &#8222;Escher voices&#8220;, in Ausstellungen und bei historischen F\u00fchrungen erkunden.<\/p><p>Das Temporary History Lab befindet sich im Annnexe22, Place de la R\u00e9sistance (Brillplaz), Esch-sur-Alzette, und ist bis zum 23. Oktober von 10 bis 17 Uhr ge\u00f6ffnet.<\/p><p>Pressemappe (PDF)<\/p><figure class=\"wp-block-dev4-reusable-blocks-image  object-fit--contain\">\n    \n<img decoding=\"async\" class=\"wp-block-image unilux-custom-image-block\"\n                alt=\"\"\n            src=\"https:\/\/www.uni.lu\/wp-content\/uploads\/sites\/10\/2023\/07\/annexe_510.jpg\"\n                srcset=\"https:\/\/www.uni.lu\/wp-content\/uploads\/sites\/10\/2023\/07\/annexe_510-300x208.jpg 300w, https:\/\/www.uni.lu\/wp-content\/uploads\/sites\/10\/2023\/07\/annexe_510.jpg 510w\"\n                style=\"object-position: 50.00% 50.00%; font-family: &quot;object-fit: contain; object-position: 50.00% 50.00%;&quot;; aspect-ratio: 3\/2; object-fit: contain; width: 100%;\"\n        loading=\"lazy\"\n\/>    <\/figure><p><\/p><p><strong>Ort<\/strong><\/p><p>Annexe22<\/p><p>Place de la R\u00e9sistance (Brillplaz)<\/p><p>Esch-sur-Alzette<\/p><p><strong>\u00d6ffnungszeiten:<\/strong><\/p><p>Geschichtslabor<\/p><p>Mi-So: 10.00\u201317.00 Uhr<\/p><p>Videoinstallation<\/p><p>Mi-So: 17.00\u201322.00 Uhr<\/p>\n<h3 class=\"has-text-align-left wp-block-unilux-blocks-heading\"        id=\"programm\"\n    >\nProgramm<\/h3>\n<p><strong>30.9.-23.10. Crowdsourcing historischer Dokumente<\/strong><\/p><p>In unserer Geschichtswerkstatt sammeln und digitalisieren wir fortlaufend Ihre Geschichten und Dokumente. Wir sind an Ihren pers\u00f6nlichen Erinnerungen interessiert, die wir im Rahmen unseres Projekts in Form von Oral History-Interviews dokumentieren und untersuchen m\u00f6chten. Auch Ihre pers\u00f6nlichen Dokumente und Fotos (vom Einschulungsfoto bis zum Arbeitsvertrag) k\u00f6nnen interessante Geschichten erz\u00e4hlen. Gerne w\u00fcrden wir diese mit Ihnen gemeinsam anschauen und in unserer Geschichtswerkstatt erfassen und digitalisieren. Ausgew\u00e4hlte Interviews und Dokumente werden wir in unserer wissenschaftlichen Arbeit aufgreifen und in unserer gro\u00dfen Geschichtsausstellung 2022 zeigen. Sprechen Sie uns an!<\/p><p><\/p><p><strong>26.9.-23.10. Video-Installation: Historische Stimmen aus der Minett<\/strong><\/p><p>Unsere Video-Installation erz\u00e4hlt sechs pers\u00f6nliche Kurzgeschichten, die sich mit der Vergangenheit und Gegenwart der Minett befassen. Die Geschichten basieren auf \u00e4lteren und neuen Forschungsarbeiten und wurden von einem Team von Historikerinnen und Anthropologen verfasst. Sie beleuchten verschiedene Aspekte des Lebens in und um Esch-sur-Alzette im Laufe des 20. Jahrhunderts. In der Installation werden zeitlose Themen wie Leiden in Kriegszeiten, Migration, Arbeit, Gesundheit und menschliche Kreativit\u00e4t behandelt. Die gesprochenen Geschichten werden von Bildern begleitet, die aus verschiedenen lokalen Archiven stammen, von denen einige noch nie \u00f6ffentlich gezeigt wurden. Die Installation richtet sich an ein breites Publikum und deckt verschiedene Sprachen ab, die in der Minett gesprochen werden. Kommen Sie abends zum Annexe22 und lassen Sie sich in die Vergangenheit entf\u00fchren!<\/p><p><\/p><p><strong>26.-27.9. Werden Sie Ihr eigener Fotoportr\u00e4tist! &#038; 26.9.-4.10. Ausstellung: Fotografische (Selbst-)Portraits<\/strong><\/p><p>Halten Sie in unserer Geschichtswerkstatt fotografisch fest, wie Sie sich selbst und ihre Familie gerne in Erinnerung behalten m\u00f6chten. Daf\u00fcr wird eine analoge Kamera mit einem Fernausl\u00f6ser installiert. Per Knopfdruck nehmen Sie selbst aktiv Teil an der gemeinsamen Geschichtsarbeit zur Vergangenheit und Gegenwart der Region, Gemeinschaft und Identit\u00e4t.<\/p><p>Die Auto-Portr\u00e4t-Aktion wird von einer Fotoausstellung begleitet, die einen Einblick in die Geschichte des fotografischen Portr\u00e4ts gibt. Bilder von Menschen in riesigen Industriekomplexen werden den Eindr\u00fccken des Alltags in der Minett und der zunehmenden Aufmerksamkeit f\u00fcr &#8222;das Gew\u00f6hnliche&#8220; gegen\u00fcbergestellt.<\/p><p>Die Fotos werden von uns archiviert und somit Teil der Escher Geschichtsschreibung. Ausgew\u00e4hlte Selbst-Portraits werden zudem vom 21.-23.10. im Annexe22 ausgestellt. In dieser Zeit k\u00f6nnen Sie auch einen Abzug Ihres Fotos abholen.<\/p><p><\/p><p><strong>10.-11.10. Escher Tonpostkarten. Seien Sie Teil einer Begegnung zwischen Vergangenheit, Gegenwart und Zukunft &#038; 10.-18.10. Ausstellung: Escher Tonpostkarten<\/strong><\/p><p>W\u00e4hlen Sie aus einer Reihe einzigartiger und bespielbarer Tonpostkarten aus, die bekannte und weniger bekannte Motive aus der Vergangenheit der Minett zeigen! Nehmen Sie mithilfe unserer historischen Cartavox-Maschine von 1957 eine 2-min\u00fctige Nachricht, ein Gedicht oder ein Lied auf einer Postkarte auf. Wir versenden f\u00fcr Sie die Tonpostkarten dann per Post. Ihre Postkarte kann auf einem beliebigen Plattenspieler angeh\u00f6rt werden. Sie k\u00f6nnen auch eine digitale Version Ihrer Nachricht erhalten.<\/p><p>Zwischen dem 10. und 18. Oktober werden die von unseren Besuchern bespielten Tonpostkarten in der Geschichtswerkstatt ausgestellt. H\u00f6ren Sie sich ihre Botschaften und die anderer Besucher an! Vielleicht erkennen Sie ja sogar jemanden?<\/p><p>In diesem Workshop treffen somit aktuelle Aufnahmen \u00fcber die Vergangenheit, Gegenwart und Zukunft der Region aufeinander und verbinden sich mit historischen Bildern und Technologien. Durch ihre digitale Archivierung werden Ihre Nachrichten f\u00fcr zuk\u00fcnftige H\u00f6rerinnen und H\u00f6rer verewigt.<\/p><p><strong>\u00a0<\/strong><\/p><p><strong>10.-11.10. Historische Stadtrundg\u00e4nge<\/strong><\/p><p>Autorinnen und Autoren des \u201eGuide historique et architectural Esch-sur-Alzette\u201c f\u00fchren Sie zu verschiedenen historischen Themen durch die Stadt Esch und deren Umgebung. Dauer der F\u00fchrungen ca. 90 Minuten; die Zahl der Pl\u00e4tze pro F\u00fchrung ist begrenzt; Anmeldung erforderlich: Audrey Sapet, E-Mail: <a href=\"mailto:historylab@uni.lu\" target=\"_self\" title=\"\" rel=\"noopener\">historylab@uni.lu<\/a>; Tel.: +352-46 66 44 9809<\/p><p><\/p><p><strong>21.-23.10. Ausstellung Escher Auto-Portraits<\/strong><\/p><p><strong>Wir zeigen an den letzten drei Tagen der Geschichtswerkstatt eine Auswahl der Fotos von unserer Auto-Portrait-Aktion (26.-27. September) im Annexe22. In dieser Zeit k\u00f6nnen Sie auch einen Abzug Ihres Fotos abholen.<\/strong><\/p><\/div><\/section>","protected":false},"excerpt":{"rendered":"<p>Das Temporary History Lab der Universit\u00e4t Luxemburg l\u00e4dt Besucher der Gro\u00dfregion ein, an der Geschichte vom Minett teilzunehmen. Das Lab wird vom 26. September bis 23. Oktober im Annexe22 in Esch-sur-Alzette diverse Aktivit\u00e4ten rund um die Geschichte und die Bewohner der S\u00fcdregion organisieren.<\/p>\n","protected":false},"author":0,"featured_media":542,"template":"","format":"standard","meta":{"featured_image_focal_point":[],"show_featured_caption":false,"ulux_newsletter_groups":"","uluxPostTitle":"","uluxPrePostTitle":"","_trash_the_other_posts":false,"_price":"","_stock":"","_tribe_ticket_header":"","_tribe_default_ticket_provider":"","_tribe_ticket_capacity":"0","_ticket_start_date":"","_ticket_end_date":"","_tribe_ticket_show_description":"","_tribe_ticket_show_not_going":false,"_tribe_ticket_use_global_stock":"","_tribe_ticket_global_stock_level":"","_global_stock_mode":"","_global_stock_cap":"","_tribe_rsvp_for_event":"","_tribe_ticket_going_count":"","_tribe_ticket_not_going_count":"","_tribe_tickets_list":"[]","_tribe_ticket_has_attendee_info_fields":false},"news-category":[3],"news-topic":[],"organisation":[226],"authorship":[],"acf":[],"yoast_head":"<!-- This site is optimized with the Yoast SEO Premium plugin v22.3 (Yoast SEO v22.3) - https:\/\/yoast.com\/wordpress\/plugins\/seo\/ -->\n<title>Werden Sie Teil der Geschichte im Temporary History Lab - Universit\u00e4t Luxemburg<\/title>\n<meta name=\"description\" content=\"Das Temporary History Lab der Universit\u00e4t Luxemburg l\u00e4dt Besucher der Gro\u00dfregion ein, an der Geschichte vom Minett teilzunehmen. Das Lab wird vom 26. September bis 23. Oktober im Annexe22 in Esch-sur-Alzette diverse Aktivit\u00e4ten rund um die Geschichte und die Bewohner der S\u00fcdregion organisieren.\" \/>\n<meta name=\"robots\" content=\"index, follow, max-snippet:-1, max-image-preview:large, max-video-preview:-1\" \/>\n<link rel=\"canonical\" href=\"https:\/\/www.uni.lu\/de\/news\/\" \/>\n<meta property=\"og:locale\" content=\"de_DE\" \/>\n<meta property=\"og:type\" content=\"article\" \/>\n<meta property=\"og:title\" content=\"Werden Sie Teil der Geschichte im Temporary History Lab\" \/>\n<meta property=\"og:description\" content=\"Das Temporary History Lab der Universit\u00e4t Luxemburg l\u00e4dt Besucher der Gro\u00dfregion ein, an der Geschichte vom Minett teilzunehmen. Das Lab wird vom 26. September bis 23. Oktober im Annexe22 in Esch-sur-Alzette diverse Aktivit\u00e4ten rund um die Geschichte und die Bewohner der S\u00fcdregion organisieren.\" \/>\n<meta property=\"og:url\" content=\"https:\/\/www.uni.lu\/de\/news\/\" \/>\n<meta property=\"og:site_name\" content=\"UNI DE\" \/>\n<meta property=\"article:publisher\" content=\"https:\/\/www.facebook.com\/uni.lu\" \/>\n<meta property=\"og:image\" content=\"https:\/\/www.uni.lu\/wp-content\/uploads\/sites\/10\/2020\/09\/prenez_part_dans_l_histoire_dans_le_temporary_history_lab.jpg\" \/>\n\t<meta property=\"og:image:width\" content=\"800\" \/>\n\t<meta property=\"og:image:height\" content=\"600\" \/>\n\t<meta property=\"og:image:type\" content=\"image\/jpeg\" \/>\n<meta name=\"twitter:card\" content=\"summary_large_image\" \/>\n<meta name=\"twitter:label1\" content=\"Gesch\u00e4tzte Lesezeit\" \/>\n\t<meta name=\"twitter:data1\" content=\"4 Minuten\" \/>\n<script type=\"application\/ld+json\" class=\"yoast-schema-graph\">{\"@context\":\"https:\/\/schema.org\",\"@graph\":[{\"@type\":\"NewsArticle\",\"@id\":\"https:\/\/www.uni.lu\/de\/news\/#article\",\"isPartOf\":{\"@id\":\"https:\/\/www.uni.lu\/de\/news\/\"},\"author\":{\"name\":\"\",\"@id\":\"\"},\"headline\":\"Werden Sie Teil der Geschichte im Temporary History Lab\",\"datePublished\":\"2020-09-25T11:44:05+00:00\",\"dateModified\":\"2020-09-25T11:44:05+00:00\",\"mainEntityOfPage\":{\"@id\":\"https:\/\/www.uni.lu\/de\/news\/\"},\"wordCount\":824,\"publisher\":{\"@id\":\"https:\/\/www.uni.lu\/de\/#organization\"},\"image\":{\"@id\":\"https:\/\/www.uni.lu\/de\/news\/#primaryimage\"},\"thumbnailUrl\":\"https:\/\/www.uni.lu\/wp-content\/uploads\/sites\/10\/2020\/09\/prenez_part_dans_l_histoire_dans_le_temporary_history_lab.jpg\",\"inLanguage\":\"de-DE\"},{\"@type\":\"WebPage\",\"@id\":\"https:\/\/www.uni.lu\/de\/news\/\",\"url\":\"https:\/\/www.uni.lu\/de\/news\/\",\"name\":\"Werden Sie Teil der Geschichte im Temporary History Lab - Universit\u00e4t Luxemburg\",\"isPartOf\":{\"@id\":\"https:\/\/www.uni.lu\/de\/#website\"},\"primaryImageOfPage\":{\"@id\":\"https:\/\/www.uni.lu\/de\/news\/#primaryimage\"},\"image\":{\"@id\":\"https:\/\/www.uni.lu\/de\/news\/#primaryimage\"},\"thumbnailUrl\":\"https:\/\/www.uni.lu\/wp-content\/uploads\/sites\/10\/2020\/09\/prenez_part_dans_l_histoire_dans_le_temporary_history_lab.jpg\",\"datePublished\":\"2020-09-25T11:44:05+00:00\",\"dateModified\":\"2020-09-25T11:44:05+00:00\",\"description\":\"Das Temporary History Lab der Universit\u00e4t Luxemburg l\u00e4dt Besucher der Gro\u00dfregion ein, an der Geschichte vom Minett teilzunehmen. Das Lab wird vom 26. September bis 23. Oktober im Annexe22 in Esch-sur-Alzette diverse Aktivit\u00e4ten rund um die Geschichte und die Bewohner der S\u00fcdregion organisieren.\",\"breadcrumb\":{\"@id\":\"https:\/\/www.uni.lu\/de\/news\/#breadcrumb\"},\"inLanguage\":\"de-DE\",\"potentialAction\":[{\"@type\":\"ReadAction\",\"target\":[\"https:\/\/www.uni.lu\/de\/news\/\"]}]},{\"@type\":\"ImageObject\",\"inLanguage\":\"de-DE\",\"@id\":\"https:\/\/www.uni.lu\/de\/news\/#primaryimage\",\"url\":\"https:\/\/www.uni.lu\/wp-content\/uploads\/sites\/10\/2020\/09\/prenez_part_dans_l_histoire_dans_le_temporary_history_lab.jpg\",\"contentUrl\":\"https:\/\/www.uni.lu\/wp-content\/uploads\/sites\/10\/2020\/09\/prenez_part_dans_l_histoire_dans_le_temporary_history_lab.jpg\",\"width\":800,\"height\":600},{\"@type\":\"BreadcrumbList\",\"@id\":\"https:\/\/www.uni.lu\/de\/news\/#breadcrumb\",\"itemListElement\":[{\"@type\":\"ListItem\",\"position\":1,\"name\":\"Home\",\"item\":\"https:\/\/www.uni.lu\/de\/\"},{\"@type\":\"ListItem\",\"position\":2,\"name\":\"News\",\"item\":\"https:\/\/www.uni.lu\/de\/news\/\"},{\"@type\":\"ListItem\",\"position\":3,\"name\":\"Werden Sie Teil der Geschichte im Temporary History Lab\"}]},{\"@type\":\"WebSite\",\"@id\":\"https:\/\/www.uni.lu\/de\/#website\",\"url\":\"https:\/\/www.uni.lu\/de\/\",\"name\":\"Uni.lu\",\"description\":\"Universit\u00e4t Luxemburg\",\"publisher\":{\"@id\":\"https:\/\/www.uni.lu\/de\/#organization\"},\"alternateName\":\"Universit\u00e4t Luxemburg\",\"potentialAction\":[{\"@type\":\"SearchAction\",\"target\":{\"@type\":\"EntryPoint\",\"urlTemplate\":\"https:\/\/www.uni.lu\/de\/?s={search_term_string}\"},\"query-input\":\"required name=search_term_string\"}],\"inLanguage\":\"de-DE\"},{\"@type\":\"Organization\",\"@id\":\"https:\/\/www.uni.lu\/de\/#organization\",\"name\":\"Universit\u00e4t Luxemburg\",\"alternateName\":\"Uni.lu\",\"url\":\"https:\/\/www.uni.lu\/de\/\",\"logo\":{\"@type\":\"ImageObject\",\"inLanguage\":\"de-DE\",\"@id\":\"https:\/\/www.uni.lu\/de\/#\/schema\/logo\/image\/\",\"url\":\"https:\/\/www.uni.lu\/wp-content\/uploads\/sites\/10\/2026\/03\/03120000\/UNIV_SM-Profile_1600x1600px-scaled.jpg\",\"contentUrl\":\"https:\/\/www.uni.lu\/wp-content\/uploads\/sites\/10\/2026\/03\/03120000\/UNIV_SM-Profile_1600x1600px-scaled.jpg\",\"width\":2560,\"height\":2560,\"caption\":\"Universit\u00e4t Luxemburg\"},\"image\":\"https:\/\/www.uni.lu\/wp-content\/uploads\/sites\/10\/2026\/04\/24144329\/20200609-Belval-Campus_Henri-Goergen-23.jpg\",\"sameAs\":[\"https:\/\/www.facebook.com\/uni.lu\",\"https:\/\/www.linkedin.com\/school\/university-of-luxembourg\/\",\"https:\/\/www.instagram.com\/uni.lu\",\"https:\/\/www.youtube.com\/@uni_lu\",\"https:\/\/en.wikipedia.org\/wiki\/University_of_Luxembourg\"],\"email\":\"communication@uni.lu\",\"telephone\":\"+3524666441\",\"address\":{\"@type\":\"PostalAddress\",\"streetAddress\":\"2, place de l\u2019Universit\u00e9\",\"addressLocality\":\"Esch-sur-Alzette\",\"postalCode\":\"4365\",\"addressCountry\":\"LU\"},\"description\":\"Universit\u00e4t Luxemburg\"}]}<\/script>\n<!-- \/ Yoast SEO Premium plugin. -->","yoast_head_json":{"title":"Werden Sie Teil der Geschichte im Temporary History Lab - Universit\u00e4t Luxemburg","description":"Das Temporary History Lab der Universit\u00e4t Luxemburg l\u00e4dt Besucher der Gro\u00dfregion ein, an der Geschichte vom Minett teilzunehmen. Das Lab wird vom 26. September bis 23. Oktober im Annexe22 in Esch-sur-Alzette diverse Aktivit\u00e4ten rund um die Geschichte und die Bewohner der S\u00fcdregion organisieren.","robots":{"index":"index","follow":"follow","max-snippet":"max-snippet:-1","max-image-preview":"max-image-preview:large","max-video-preview":"max-video-preview:-1"},"canonical":"https:\/\/www.uni.lu\/de\/news\/","og_locale":"de_DE","og_type":"article","og_title":"Werden Sie Teil der Geschichte im Temporary History Lab","og_description":"Das Temporary History Lab der Universit\u00e4t Luxemburg l\u00e4dt Besucher der Gro\u00dfregion ein, an der Geschichte vom Minett teilzunehmen. Das Lab wird vom 26. September bis 23. Oktober im Annexe22 in Esch-sur-Alzette diverse Aktivit\u00e4ten rund um die Geschichte und die Bewohner der S\u00fcdregion organisieren.","og_url":"https:\/\/www.uni.lu\/de\/news\/","og_site_name":"UNI DE","article_publisher":"https:\/\/www.facebook.com\/uni.lu","og_image":[{"width":800,"height":600,"url":"https:\/\/www.uni.lu\/wp-content\/uploads\/sites\/10\/2020\/09\/prenez_part_dans_l_histoire_dans_le_temporary_history_lab.jpg","type":"image\/jpeg"}],"twitter_card":"summary_large_image","twitter_misc":{"Gesch\u00e4tzte Lesezeit":"4 Minuten"},"schema":{"@context":"https:\/\/schema.org","@graph":[{"@type":"NewsArticle","@id":"https:\/\/www.uni.lu\/de\/news\/#article","isPartOf":{"@id":"https:\/\/www.uni.lu\/de\/news\/"},"author":{"name":"","@id":""},"headline":"Werden Sie Teil der Geschichte im Temporary History Lab","datePublished":"2020-09-25T11:44:05+00:00","dateModified":"2020-09-25T11:44:05+00:00","mainEntityOfPage":{"@id":"https:\/\/www.uni.lu\/de\/news\/"},"wordCount":824,"publisher":{"@id":"https:\/\/www.uni.lu\/de\/#organization"},"image":{"@id":"https:\/\/www.uni.lu\/de\/news\/#primaryimage"},"thumbnailUrl":"https:\/\/www.uni.lu\/wp-content\/uploads\/sites\/10\/2020\/09\/prenez_part_dans_l_histoire_dans_le_temporary_history_lab.jpg","inLanguage":"de-DE"},{"@type":"WebPage","@id":"https:\/\/www.uni.lu\/de\/news\/","url":"https:\/\/www.uni.lu\/de\/news\/","name":"Werden Sie Teil der Geschichte im Temporary History Lab - Universit\u00e4t Luxemburg","isPartOf":{"@id":"https:\/\/www.uni.lu\/de\/#website"},"primaryImageOfPage":{"@id":"https:\/\/www.uni.lu\/de\/news\/#primaryimage"},"image":{"@id":"https:\/\/www.uni.lu\/de\/news\/#primaryimage"},"thumbnailUrl":"https:\/\/www.uni.lu\/wp-content\/uploads\/sites\/10\/2020\/09\/prenez_part_dans_l_histoire_dans_le_temporary_history_lab.jpg","datePublished":"2020-09-25T11:44:05+00:00","dateModified":"2020-09-25T11:44:05+00:00","description":"Das Temporary History Lab der Universit\u00e4t Luxemburg l\u00e4dt Besucher der Gro\u00dfregion ein, an der Geschichte vom Minett teilzunehmen. Das Lab wird vom 26. September bis 23. Oktober im Annexe22 in Esch-sur-Alzette diverse Aktivit\u00e4ten rund um die Geschichte und die Bewohner der S\u00fcdregion organisieren.","breadcrumb":{"@id":"https:\/\/www.uni.lu\/de\/news\/#breadcrumb"},"inLanguage":"de-DE","potentialAction":[{"@type":"ReadAction","target":["https:\/\/www.uni.lu\/de\/news\/"]}]},{"@type":"ImageObject","inLanguage":"de-DE","@id":"https:\/\/www.uni.lu\/de\/news\/#primaryimage","url":"https:\/\/www.uni.lu\/wp-content\/uploads\/sites\/10\/2020\/09\/prenez_part_dans_l_histoire_dans_le_temporary_history_lab.jpg","contentUrl":"https:\/\/www.uni.lu\/wp-content\/uploads\/sites\/10\/2020\/09\/prenez_part_dans_l_histoire_dans_le_temporary_history_lab.jpg","width":800,"height":600},{"@type":"BreadcrumbList","@id":"https:\/\/www.uni.lu\/de\/news\/#breadcrumb","itemListElement":[{"@type":"ListItem","position":1,"name":"Home","item":"https:\/\/www.uni.lu\/de\/"},{"@type":"ListItem","position":2,"name":"News","item":"https:\/\/www.uni.lu\/de\/news\/"},{"@type":"ListItem","position":3,"name":"Werden Sie Teil der Geschichte im Temporary History Lab"}]},{"@type":"WebSite","@id":"https:\/\/www.uni.lu\/de\/#website","url":"https:\/\/www.uni.lu\/de\/","name":"Uni.lu","description":"Universit\u00e4t Luxemburg","publisher":{"@id":"https:\/\/www.uni.lu\/de\/#organization"},"alternateName":"Universit\u00e4t Luxemburg","potentialAction":[{"@type":"SearchAction","target":{"@type":"EntryPoint","urlTemplate":"https:\/\/www.uni.lu\/de\/?s={search_term_string}"},"query-input":"required name=search_term_string"}],"inLanguage":"de-DE"},{"@type":"Organization","@id":"https:\/\/www.uni.lu\/de\/#organization","name":"Universit\u00e4t Luxemburg","alternateName":"Uni.lu","url":"https:\/\/www.uni.lu\/de\/","logo":{"@type":"ImageObject","inLanguage":"de-DE","@id":"https:\/\/www.uni.lu\/de\/#\/schema\/logo\/image\/","url":"https:\/\/www.uni.lu\/wp-content\/uploads\/sites\/10\/2026\/03\/03120000\/UNIV_SM-Profile_1600x1600px-scaled.jpg","contentUrl":"https:\/\/www.uni.lu\/wp-content\/uploads\/sites\/10\/2026\/03\/03120000\/UNIV_SM-Profile_1600x1600px-scaled.jpg","width":2560,"height":2560,"caption":"Universit\u00e4t Luxemburg"},"image":"https:\/\/www.uni.lu\/wp-content\/uploads\/sites\/10\/2026\/04\/24144329\/20200609-Belval-Campus_Henri-Goergen-23.jpg","sameAs":["https:\/\/www.facebook.com\/uni.lu","https:\/\/www.linkedin.com\/school\/university-of-luxembourg\/","https:\/\/www.instagram.com\/uni.lu","https:\/\/www.youtube.com\/@uni_lu","https:\/\/en.wikipedia.org\/wiki\/University_of_Luxembourg"],"email":"communication@uni.lu","telephone":"+3524666441","address":{"@type":"PostalAddress","streetAddress":"2, place de l\u2019Universit\u00e9","addressLocality":"Esch-sur-Alzette","postalCode":"4365","addressCountry":"LU"},"description":"Universit\u00e4t Luxemburg"}]}},"blog_id":10,"_links":{"self":[{"href":"https:\/\/www.uni.lu\/de\/wp-json\/wp\/v2\/news\/541"}],"collection":[{"href":"https:\/\/www.uni.lu\/de\/wp-json\/wp\/v2\/news"}],"about":[{"href":"https:\/\/www.uni.lu\/de\/wp-json\/wp\/v2\/types\/news"}],"version-history":[{"count":0,"href":"https:\/\/www.uni.lu\/de\/wp-json\/wp\/v2\/news\/541\/revisions"}],"wp:featuredmedia":[{"embeddable":true,"href":"https:\/\/www.uni.lu\/de\/wp-json\/wp\/v2\/media\/542"}],"wp:attachment":[{"href":"https:\/\/www.uni.lu\/de\/wp-json\/wp\/v2\/media?parent=541"}],"wp:term":[{"taxonomy":"news-category","embeddable":true,"href":"https:\/\/www.uni.lu\/de\/wp-json\/wp\/v2\/news-category?post=541"},{"taxonomy":"news-topic","embeddable":true,"href":"https:\/\/www.uni.lu\/de\/wp-json\/wp\/v2\/news-topic?post=541"},{"taxonomy":"organisation","embeddable":true,"href":"https:\/\/www.uni.lu\/de\/wp-json\/wp\/v2\/organisation?post=541"}],"curies":[{"name":"wp","href":"https:\/\/api.w.org\/{rel}","templated":true}]}}