{"id":5247,"date":"2024-11-04T12:26:04","date_gmt":"2024-11-04T11:26:04","guid":{"rendered":"https:\/\/www.uni.lu\/de\/?post_type=news&#038;p=5247"},"modified":"2024-11-04T12:26:14","modified_gmt":"2024-11-04T11:26:14","slug":"astartelux-jewellery-vom-konzept-zum-zentralen-geschaft-in-4-jahren","status":"publish","type":"news","link":"https:\/\/www.uni.lu\/de\/news\/astartelux-jewellery-vom-konzept-zum-zentralen-geschaft-in-4-jahren\/","title":{"rendered":"Astartelux Jewellery, vom Konzept zum zentralen Gesch\u00e4ft in 4 Jahren"},"content":{"rendered":"\n<section class=\"wp-block-unilux-blocks-free-section section\"><div class=\"container xl:max-w-screen-xl\">\n<p>2020 wagte Yasser Dallal den Schritt ins Unternehmertum und gr\u00fcndete Astartelux Jewellery: ein Startup-Unternehmen f\u00fcr einzigartigen, ethischen und nachhaltigen Schmuck, das heute im Herzen der Stadt Luxemburg ans\u00e4ssig ist. Sein Konzept, ausdrucksvolle St\u00fccke zu kreieren, \u00fcberzeugt und richtet sich gleichzeitig an den zeitgen\u00f6ssischen Herausforderungen aus, denen sich Unternehmer heute stellen m\u00fcssen.<\/p>\n\n\n\n<p>Yasser, der den Master in Entrepreneurship and Innovation absolviert hat, ist Kreativdirektor und Gr\u00fcnder von Astartelux Jewellery. Urspr\u00fcnglich Ingenieur f\u00fcr Schifffahrt, spricht er \u00fcber seine Inspiration bei der Herstellung und dem Design von Schmuck und \u00fcber seine Motivation, ein nachhaltiges Unternehmen zu gr\u00fcnden.<\/p>\n\n\n\n<p>Lesen Sie seine<a href=\"https:\/\/www.uni.lu\/en\/news\/from-idea-to-central-shop-in-4-years-astartelux-jewellery\/\"> Geschichte auf Englisch <\/a>weiter.<\/p>\n\n\n<figure class=\"wp-block-dev4-reusable-blocks-image  object-fit--cover\">\n    \n<img decoding=\"async\" class=\"wp-block-image unilux-custom-image-block\"\n                alt=\"Copyright: AstarteLux\"\n            src=\"https:\/\/www.uni.lu\/wp-content\/uploads\/sites\/9\/2024\/11\/Astarte.jpg\"\n                    style=\"object-position: 50.00% 50.00%; font-family: &quot;object-fit: cover; object-position: 50.00% 50.00%;&quot;; aspect-ratio: 16\/9; object-fit: cover; width: 100%;\"\n        loading=\"lazy\"\n\/>            <p class=\"wp-block-dev4-reusable-blocks-image-caption\">\n            Copyright: AstarteLux        <\/p>\n    <\/figure>\n\n<!-- Template: Resources Section -->\n<section class=\"section section wp-block-unilux-blocks-resources-section\">\n    \n<div class=\"wp-block-unilux-blocks-wrapper max-w-screen-3xl mx-auto bg-gray-100\">\n<div class=\"wp-block-unilux-blocks-wrapper container container-py-xl xl:max-w-screen-xl\">\n<h2 class=\"text-center has-text-align-left wp-block-unilux-blocks-heading\"        id=\"entdeckt-andere-uni-lu-start-ups\"\n    >\nEntdeckt andere Uni.lu start-ups<\/h2>\n\n\n<!-- Template: Resources Section \/ Group -->\n<ul class=\"quick-link-list grid md:grid-cols-2 md:gap-x-32\">\n    <!-- Template: Resources Section \/ Item -->\n<li class=\"quick-link-list__item bg-theme\">\n    <a\n                    href=\"https:\/\/www.uni.lu\/en\/news\/tees-the-luxembourgish-iced-tea-thats-having-a-positive-impact\/\"\n                class=\"quick-link quick-link--theme\"\n                    title=\"T&#039;ees, the sustainable iced tea\"\n    >\n        <span class=\"quick-link__container\">\n                        <span class=\"quick-link__name\">T&#8217;ees, the sustainable iced tea<\/span>\n            <svg aria-hidden=\"true\" focusable=\"false\" class=\"icon icon-outline icon--arrow-right \"><use xlink:href=\"https:\/\/www.uni.lu\/wp-content\/themes\/unilux-theme\/assets\/images\/icons\/icons-outline.svg#icon--arrow-right\"><\/use><\/svg>        <\/span>\n    <\/a>\n<\/li>\n<!-- Template: Resources Section \/ Item -->\n<li class=\"quick-link-list__item bg-theme\">\n    <a\n                    href=\"https:\/\/www.uni.lu\/en\/news\/goldenme-the-start-up-connecting-the-older-generation\/\"\n                class=\"quick-link quick-link--theme\"\n                    title=\"GoldenMe, the start-up that connects generations\"\n    >\n        <span class=\"quick-link__container\">\n                        <span class=\"quick-link__name\">GoldenMe, the start-up that connects generations<\/span>\n            <svg aria-hidden=\"true\" focusable=\"false\" class=\"icon icon-outline icon--arrow-right \"><use xlink:href=\"https:\/\/www.uni.lu\/wp-content\/themes\/unilux-theme\/assets\/images\/icons\/icons-outline.svg#icon--arrow-right\"><\/use><\/svg>        <\/span>\n    <\/a>\n<\/li>\n<!-- Template: Resources Section \/ Item -->\n<li class=\"quick-link-list__item bg-theme\">\n    <a\n                    href=\"https:\/\/www.uni.lu\/en\/news\/never-alone-with-weconnect\/\"\n                class=\"quick-link quick-link--theme\"\n                    title=\"WeConnect, the app for student accommodation\"\n    >\n        <span class=\"quick-link__container\">\n                        <span class=\"quick-link__name\">WeConnect, the app for student accommodation<\/span>\n            <svg aria-hidden=\"true\" focusable=\"false\" class=\"icon icon-outline icon--arrow-right \"><use xlink:href=\"https:\/\/www.uni.lu\/wp-content\/themes\/unilux-theme\/assets\/images\/icons\/icons-outline.svg#icon--arrow-right\"><\/use><\/svg>        <\/span>\n    <\/a>\n<\/li>\n<!-- Template: Resources Section \/ Item -->\n<li class=\"quick-link-list__item bg-theme\">\n    <a\n                    href=\"https:\/\/www.uni.lu\/life-en\/incubator-and-entrepreneurship-programme\/\"\n                class=\"quick-link quick-link--theme\"\n                    title=\"The Incubator and Entrepreneurship Programme\"\n    >\n        <span class=\"quick-link__container\">\n                        <span class=\"quick-link__name\">The Incubator and Entrepreneurship Programme<\/span>\n            <svg aria-hidden=\"true\" focusable=\"false\" class=\"icon icon-outline icon--arrow-right \"><use xlink:href=\"https:\/\/www.uni.lu\/wp-content\/themes\/unilux-theme\/assets\/images\/icons\/icons-outline.svg#icon--arrow-right\"><\/use><\/svg>        <\/span>\n    <\/a>\n<\/li>\n<\/ul>\n\n\n\n<ul class=\"wp-block-unilux-blocks-custom-buttons btn-list justify-center\">\n\n<\/ul>\n<\/div>\n<\/div>\n<\/section>\n<\/div><\/section>\n","protected":false},"excerpt":{"rendered":"<p>Yasser Dalal, Privatfoto<\/p>\n","protected":false},"author":91,"featured_media":5249,"template":"","format":"standard","meta":{"featured_image_focal_point":[],"show_featured_caption":false,"ulux_newsletter_groups":"","uluxPostTitle":"","uluxPrePostTitle":"","_trash_the_other_posts":false,"_price":"","_stock":"","_tribe_ticket_header":"","_tribe_default_ticket_provider":"","_tribe_ticket_capacity":"0","_ticket_start_date":"","_ticket_end_date":"","_tribe_ticket_show_description":"","_tribe_ticket_show_not_going":false,"_tribe_ticket_use_global_stock":"","_tribe_ticket_global_stock_level":"","_global_stock_mode":"","_global_stock_cap":"","_tribe_rsvp_for_event":"","_tribe_ticket_going_count":"","_tribe_ticket_not_going_count":"","_tribe_tickets_list":"[]","_tribe_ticket_has_attendee_info_fields":false},"news-category":[7],"news-topic":[11],"organisation":[],"authorship":[91],"acf":[],"yoast_head":"<!-- This site is optimized with the Yoast SEO Premium plugin v22.3 (Yoast SEO v22.3) - https:\/\/yoast.com\/wordpress\/plugins\/seo\/ -->\n<title>Astartelux Jewellery, vom Konzept zum zentralen Gesch\u00e4ft in 4 Jahren - Universit\u00e4t Luxemburg<\/title>\n<meta name=\"description\" content=\"Yasser Dalal, Privatfoto\" \/>\n<meta name=\"robots\" content=\"index, follow, max-snippet:-1, max-image-preview:large, max-video-preview:-1\" \/>\n<link rel=\"canonical\" href=\"https:\/\/www.uni.lu\/de\/news\/astartelux-jewellery-vom-konzept-zum-zentralen-geschaft-in-4-jahren\/\" \/>\n<meta property=\"og:locale\" content=\"de_DE\" \/>\n<meta property=\"og:type\" content=\"article\" \/>\n<meta property=\"og:title\" content=\"Astartelux Jewellery, vom Konzept zum zentralen Gesch\u00e4ft in 4 Jahren\" \/>\n<meta property=\"og:description\" content=\"Yasser Dalal, Privatfoto\" \/>\n<meta property=\"og:url\" content=\"https:\/\/www.uni.lu\/de\/news\/astartelux-jewellery-vom-konzept-zum-zentralen-geschaft-in-4-jahren\/\" \/>\n<meta property=\"og:site_name\" content=\"UNI DE\" \/>\n<meta property=\"article:publisher\" content=\"https:\/\/www.facebook.com\/uni.lu\" \/>\n<meta property=\"article:modified_time\" content=\"2024-11-04T11:26:14+00:00\" \/>\n<meta property=\"og:image\" content=\"https:\/\/www.uni.lu\/wp-content\/uploads\/sites\/10\/2024\/11\/Yasser-Dalal.jpg\" \/>\n\t<meta property=\"og:image:width\" content=\"480\" \/>\n\t<meta property=\"og:image:height\" content=\"480\" \/>\n\t<meta property=\"og:image:type\" content=\"image\/jpeg\" \/>\n<meta name=\"twitter:card\" content=\"summary_large_image\" \/>\n<meta name=\"twitter:label1\" content=\"Gesch\u00e4tzte Lesezeit\" \/>\n\t<meta name=\"twitter:data1\" content=\"1 Minute\" \/>\n<script type=\"application\/ld+json\" class=\"yoast-schema-graph\">{\"@context\":\"https:\/\/schema.org\",\"@graph\":[{\"@type\":\"NewsArticle\",\"@id\":\"https:\/\/www.uni.lu\/de\/news\/astartelux-jewellery-vom-konzept-zum-zentralen-geschaft-in-4-jahren\/#article\",\"isPartOf\":{\"@id\":\"https:\/\/www.uni.lu\/de\/news\/astartelux-jewellery-vom-konzept-zum-zentralen-geschaft-in-4-jahren\/\"},\"author\":{\"name\":\"lbianchi\",\"@id\":\"https:\/\/www.uni.lu\/de\/#\/schema\/person\/d9b86b7c2e53fc03137bac4835036477\"},\"headline\":\"Astartelux Jewellery, vom Konzept zum zentralen Gesch\u00e4ft in 4 Jahren\",\"datePublished\":\"2024-11-04T11:26:04+00:00\",\"dateModified\":\"2024-11-04T11:26:14+00:00\",\"mainEntityOfPage\":{\"@id\":\"https:\/\/www.uni.lu\/de\/news\/astartelux-jewellery-vom-konzept-zum-zentralen-geschaft-in-4-jahren\/\"},\"wordCount\":120,\"publisher\":{\"@id\":\"https:\/\/www.uni.lu\/de\/#organization\"},\"image\":{\"@id\":\"https:\/\/www.uni.lu\/de\/news\/astartelux-jewellery-vom-konzept-zum-zentralen-geschaft-in-4-jahren\/#primaryimage\"},\"thumbnailUrl\":\"https:\/\/www.uni.lu\/wp-content\/uploads\/sites\/10\/2024\/11\/Yasser-Dalal.jpg\",\"inLanguage\":\"de-DE\"},{\"@type\":\"WebPage\",\"@id\":\"https:\/\/www.uni.lu\/de\/news\/astartelux-jewellery-vom-konzept-zum-zentralen-geschaft-in-4-jahren\/\",\"url\":\"https:\/\/www.uni.lu\/de\/news\/astartelux-jewellery-vom-konzept-zum-zentralen-geschaft-in-4-jahren\/\",\"name\":\"Astartelux Jewellery, vom Konzept zum zentralen Gesch\u00e4ft in 4 Jahren - Universit\u00e4t Luxemburg\",\"isPartOf\":{\"@id\":\"https:\/\/www.uni.lu\/de\/#website\"},\"primaryImageOfPage\":{\"@id\":\"https:\/\/www.uni.lu\/de\/news\/astartelux-jewellery-vom-konzept-zum-zentralen-geschaft-in-4-jahren\/#primaryimage\"},\"image\":{\"@id\":\"https:\/\/www.uni.lu\/de\/news\/astartelux-jewellery-vom-konzept-zum-zentralen-geschaft-in-4-jahren\/#primaryimage\"},\"thumbnailUrl\":\"https:\/\/www.uni.lu\/wp-content\/uploads\/sites\/10\/2024\/11\/Yasser-Dalal.jpg\",\"datePublished\":\"2024-11-04T11:26:04+00:00\",\"dateModified\":\"2024-11-04T11:26:14+00:00\",\"description\":\"Yasser Dalal, Privatfoto\",\"breadcrumb\":{\"@id\":\"https:\/\/www.uni.lu\/de\/news\/astartelux-jewellery-vom-konzept-zum-zentralen-geschaft-in-4-jahren\/#breadcrumb\"},\"inLanguage\":\"de-DE\",\"potentialAction\":[{\"@type\":\"ReadAction\",\"target\":[\"https:\/\/www.uni.lu\/de\/news\/astartelux-jewellery-vom-konzept-zum-zentralen-geschaft-in-4-jahren\/\"]}]},{\"@type\":\"ImageObject\",\"inLanguage\":\"de-DE\",\"@id\":\"https:\/\/www.uni.lu\/de\/news\/astartelux-jewellery-vom-konzept-zum-zentralen-geschaft-in-4-jahren\/#primaryimage\",\"url\":\"https:\/\/www.uni.lu\/wp-content\/uploads\/sites\/10\/2024\/11\/Yasser-Dalal.jpg\",\"contentUrl\":\"https:\/\/www.uni.lu\/wp-content\/uploads\/sites\/10\/2024\/11\/Yasser-Dalal.jpg\",\"width\":480,\"height\":480,\"caption\":\"Yasser Dalal, Privatfoto\"},{\"@type\":\"BreadcrumbList\",\"@id\":\"https:\/\/www.uni.lu\/de\/news\/astartelux-jewellery-vom-konzept-zum-zentralen-geschaft-in-4-jahren\/#breadcrumb\",\"itemListElement\":[{\"@type\":\"ListItem\",\"position\":1,\"name\":\"Home\",\"item\":\"https:\/\/www.uni.lu\/de\/\"},{\"@type\":\"ListItem\",\"position\":2,\"name\":\"News\",\"item\":\"https:\/\/www.uni.lu\/de\/news\/\"},{\"@type\":\"ListItem\",\"position\":3,\"name\":\"Astartelux Jewellery, vom Konzept zum zentralen Gesch\u00e4ft in 4 Jahren\"}]},{\"@type\":\"WebSite\",\"@id\":\"https:\/\/www.uni.lu\/de\/#website\",\"url\":\"https:\/\/www.uni.lu\/de\/\",\"name\":\"Uni.lu\",\"description\":\"Universit\u00e4t Luxemburg\",\"publisher\":{\"@id\":\"https:\/\/www.uni.lu\/de\/#organization\"},\"alternateName\":\"Universit\u00e4t Luxemburg\",\"potentialAction\":[{\"@type\":\"SearchAction\",\"target\":{\"@type\":\"EntryPoint\",\"urlTemplate\":\"https:\/\/www.uni.lu\/de\/?s={search_term_string}\"},\"query-input\":\"required name=search_term_string\"}],\"inLanguage\":\"de-DE\"},{\"@type\":\"Organization\",\"@id\":\"https:\/\/www.uni.lu\/de\/#organization\",\"name\":\"Universit\u00e4t Luxemburg\",\"alternateName\":\"Uni.lu\",\"url\":\"https:\/\/www.uni.lu\/de\/\",\"logo\":{\"@type\":\"ImageObject\",\"inLanguage\":\"de-DE\",\"@id\":\"https:\/\/www.uni.lu\/de\/#\/schema\/logo\/image\/\",\"url\":\"https:\/\/www.uni.lu\/wp-content\/uploads\/sites\/10\/2026\/03\/03120000\/UNIV_SM-Profile_1600x1600px-scaled.jpg\",\"contentUrl\":\"https:\/\/www.uni.lu\/wp-content\/uploads\/sites\/10\/2026\/03\/03120000\/UNIV_SM-Profile_1600x1600px-scaled.jpg\",\"width\":2560,\"height\":2560,\"caption\":\"Universit\u00e4t Luxemburg\"},\"image\":\"https:\/\/www.uni.lu\/wp-content\/uploads\/sites\/10\/2026\/04\/24144329\/20200609-Belval-Campus_Henri-Goergen-23.jpg\",\"sameAs\":[\"https:\/\/www.facebook.com\/uni.lu\",\"https:\/\/www.linkedin.com\/school\/university-of-luxembourg\/\",\"https:\/\/www.instagram.com\/uni.lu\",\"https:\/\/www.youtube.com\/@uni_lu\",\"https:\/\/en.wikipedia.org\/wiki\/University_of_Luxembourg\"],\"email\":\"communication@uni.lu\",\"telephone\":\"+3524666441\",\"address\":{\"@type\":\"PostalAddress\",\"streetAddress\":\"2, place de l\u2019Universit\u00e9\",\"addressLocality\":\"Esch-sur-Alzette\",\"postalCode\":\"4365\",\"addressCountry\":\"LU\"},\"description\":\"Universit\u00e4t Luxemburg\"},{\"@type\":\"Person\",\"@id\":\"https:\/\/www.uni.lu\/de\/#\/schema\/person\/d9b86b7c2e53fc03137bac4835036477\",\"name\":\"lbianchi\",\"image\":{\"@type\":\"ImageObject\",\"inLanguage\":\"de-DE\",\"@id\":\"https:\/\/www.uni.lu\/de\/#\/schema\/person\/image\/\",\"url\":\"https:\/\/secure.gravatar.com\/avatar\/b95af755d0da6e0201fdf3e2f7318021?s=96&d=mm&r=g\",\"contentUrl\":\"https:\/\/secure.gravatar.com\/avatar\/b95af755d0da6e0201fdf3e2f7318021?s=96&d=mm&r=g\",\"caption\":\"lbianchi\"}}]}<\/script>\n<!-- \/ Yoast SEO Premium plugin. -->","yoast_head_json":{"title":"Astartelux Jewellery, vom Konzept zum zentralen Gesch\u00e4ft in 4 Jahren - Universit\u00e4t Luxemburg","description":"Yasser Dalal, Privatfoto","robots":{"index":"index","follow":"follow","max-snippet":"max-snippet:-1","max-image-preview":"max-image-preview:large","max-video-preview":"max-video-preview:-1"},"canonical":"https:\/\/www.uni.lu\/de\/news\/astartelux-jewellery-vom-konzept-zum-zentralen-geschaft-in-4-jahren\/","og_locale":"de_DE","og_type":"article","og_title":"Astartelux Jewellery, vom Konzept zum zentralen Gesch\u00e4ft in 4 Jahren","og_description":"Yasser Dalal, Privatfoto","og_url":"https:\/\/www.uni.lu\/de\/news\/astartelux-jewellery-vom-konzept-zum-zentralen-geschaft-in-4-jahren\/","og_site_name":"UNI DE","article_publisher":"https:\/\/www.facebook.com\/uni.lu","article_modified_time":"2024-11-04T11:26:14+00:00","og_image":[{"width":480,"height":480,"url":"https:\/\/www.uni.lu\/wp-content\/uploads\/sites\/10\/2024\/11\/Yasser-Dalal.jpg","type":"image\/jpeg"}],"twitter_card":"summary_large_image","twitter_misc":{"Gesch\u00e4tzte Lesezeit":"1 Minute"},"schema":{"@context":"https:\/\/schema.org","@graph":[{"@type":"NewsArticle","@id":"https:\/\/www.uni.lu\/de\/news\/astartelux-jewellery-vom-konzept-zum-zentralen-geschaft-in-4-jahren\/#article","isPartOf":{"@id":"https:\/\/www.uni.lu\/de\/news\/astartelux-jewellery-vom-konzept-zum-zentralen-geschaft-in-4-jahren\/"},"author":{"name":"lbianchi","@id":"https:\/\/www.uni.lu\/de\/#\/schema\/person\/d9b86b7c2e53fc03137bac4835036477"},"headline":"Astartelux Jewellery, vom Konzept zum zentralen Gesch\u00e4ft in 4 Jahren","datePublished":"2024-11-04T11:26:04+00:00","dateModified":"2024-11-04T11:26:14+00:00","mainEntityOfPage":{"@id":"https:\/\/www.uni.lu\/de\/news\/astartelux-jewellery-vom-konzept-zum-zentralen-geschaft-in-4-jahren\/"},"wordCount":120,"publisher":{"@id":"https:\/\/www.uni.lu\/de\/#organization"},"image":{"@id":"https:\/\/www.uni.lu\/de\/news\/astartelux-jewellery-vom-konzept-zum-zentralen-geschaft-in-4-jahren\/#primaryimage"},"thumbnailUrl":"https:\/\/www.uni.lu\/wp-content\/uploads\/sites\/10\/2024\/11\/Yasser-Dalal.jpg","inLanguage":"de-DE"},{"@type":"WebPage","@id":"https:\/\/www.uni.lu\/de\/news\/astartelux-jewellery-vom-konzept-zum-zentralen-geschaft-in-4-jahren\/","url":"https:\/\/www.uni.lu\/de\/news\/astartelux-jewellery-vom-konzept-zum-zentralen-geschaft-in-4-jahren\/","name":"Astartelux Jewellery, vom Konzept zum zentralen Gesch\u00e4ft in 4 Jahren - Universit\u00e4t Luxemburg","isPartOf":{"@id":"https:\/\/www.uni.lu\/de\/#website"},"primaryImageOfPage":{"@id":"https:\/\/www.uni.lu\/de\/news\/astartelux-jewellery-vom-konzept-zum-zentralen-geschaft-in-4-jahren\/#primaryimage"},"image":{"@id":"https:\/\/www.uni.lu\/de\/news\/astartelux-jewellery-vom-konzept-zum-zentralen-geschaft-in-4-jahren\/#primaryimage"},"thumbnailUrl":"https:\/\/www.uni.lu\/wp-content\/uploads\/sites\/10\/2024\/11\/Yasser-Dalal.jpg","datePublished":"2024-11-04T11:26:04+00:00","dateModified":"2024-11-04T11:26:14+00:00","description":"Yasser Dalal, Privatfoto","breadcrumb":{"@id":"https:\/\/www.uni.lu\/de\/news\/astartelux-jewellery-vom-konzept-zum-zentralen-geschaft-in-4-jahren\/#breadcrumb"},"inLanguage":"de-DE","potentialAction":[{"@type":"ReadAction","target":["https:\/\/www.uni.lu\/de\/news\/astartelux-jewellery-vom-konzept-zum-zentralen-geschaft-in-4-jahren\/"]}]},{"@type":"ImageObject","inLanguage":"de-DE","@id":"https:\/\/www.uni.lu\/de\/news\/astartelux-jewellery-vom-konzept-zum-zentralen-geschaft-in-4-jahren\/#primaryimage","url":"https:\/\/www.uni.lu\/wp-content\/uploads\/sites\/10\/2024\/11\/Yasser-Dalal.jpg","contentUrl":"https:\/\/www.uni.lu\/wp-content\/uploads\/sites\/10\/2024\/11\/Yasser-Dalal.jpg","width":480,"height":480,"caption":"Yasser Dalal, Privatfoto"},{"@type":"BreadcrumbList","@id":"https:\/\/www.uni.lu\/de\/news\/astartelux-jewellery-vom-konzept-zum-zentralen-geschaft-in-4-jahren\/#breadcrumb","itemListElement":[{"@type":"ListItem","position":1,"name":"Home","item":"https:\/\/www.uni.lu\/de\/"},{"@type":"ListItem","position":2,"name":"News","item":"https:\/\/www.uni.lu\/de\/news\/"},{"@type":"ListItem","position":3,"name":"Astartelux Jewellery, vom Konzept zum zentralen Gesch\u00e4ft in 4 Jahren"}]},{"@type":"WebSite","@id":"https:\/\/www.uni.lu\/de\/#website","url":"https:\/\/www.uni.lu\/de\/","name":"Uni.lu","description":"Universit\u00e4t Luxemburg","publisher":{"@id":"https:\/\/www.uni.lu\/de\/#organization"},"alternateName":"Universit\u00e4t Luxemburg","potentialAction":[{"@type":"SearchAction","target":{"@type":"EntryPoint","urlTemplate":"https:\/\/www.uni.lu\/de\/?s={search_term_string}"},"query-input":"required name=search_term_string"}],"inLanguage":"de-DE"},{"@type":"Organization","@id":"https:\/\/www.uni.lu\/de\/#organization","name":"Universit\u00e4t Luxemburg","alternateName":"Uni.lu","url":"https:\/\/www.uni.lu\/de\/","logo":{"@type":"ImageObject","inLanguage":"de-DE","@id":"https:\/\/www.uni.lu\/de\/#\/schema\/logo\/image\/","url":"https:\/\/www.uni.lu\/wp-content\/uploads\/sites\/10\/2026\/03\/03120000\/UNIV_SM-Profile_1600x1600px-scaled.jpg","contentUrl":"https:\/\/www.uni.lu\/wp-content\/uploads\/sites\/10\/2026\/03\/03120000\/UNIV_SM-Profile_1600x1600px-scaled.jpg","width":2560,"height":2560,"caption":"Universit\u00e4t Luxemburg"},"image":"https:\/\/www.uni.lu\/wp-content\/uploads\/sites\/10\/2026\/04\/24144329\/20200609-Belval-Campus_Henri-Goergen-23.jpg","sameAs":["https:\/\/www.facebook.com\/uni.lu","https:\/\/www.linkedin.com\/school\/university-of-luxembourg\/","https:\/\/www.instagram.com\/uni.lu","https:\/\/www.youtube.com\/@uni_lu","https:\/\/en.wikipedia.org\/wiki\/University_of_Luxembourg"],"email":"communication@uni.lu","telephone":"+3524666441","address":{"@type":"PostalAddress","streetAddress":"2, place de l\u2019Universit\u00e9","addressLocality":"Esch-sur-Alzette","postalCode":"4365","addressCountry":"LU"},"description":"Universit\u00e4t Luxemburg"},{"@type":"Person","@id":"https:\/\/www.uni.lu\/de\/#\/schema\/person\/d9b86b7c2e53fc03137bac4835036477","name":"lbianchi","image":{"@type":"ImageObject","inLanguage":"de-DE","@id":"https:\/\/www.uni.lu\/de\/#\/schema\/person\/image\/","url":"https:\/\/secure.gravatar.com\/avatar\/b95af755d0da6e0201fdf3e2f7318021?s=96&d=mm&r=g","contentUrl":"https:\/\/secure.gravatar.com\/avatar\/b95af755d0da6e0201fdf3e2f7318021?s=96&d=mm&r=g","caption":"lbianchi"}}]}},"blog_id":10,"_links":{"self":[{"href":"https:\/\/www.uni.lu\/de\/wp-json\/wp\/v2\/news\/5247"}],"collection":[{"href":"https:\/\/www.uni.lu\/de\/wp-json\/wp\/v2\/news"}],"about":[{"href":"https:\/\/www.uni.lu\/de\/wp-json\/wp\/v2\/types\/news"}],"author":[{"embeddable":true,"href":"https:\/\/www.uni.lu\/de\/wp-json\/wp\/v2\/users\/91"}],"version-history":[{"count":2,"href":"https:\/\/www.uni.lu\/de\/wp-json\/wp\/v2\/news\/5247\/revisions"}],"predecessor-version":[{"id":5250,"href":"https:\/\/www.uni.lu\/de\/wp-json\/wp\/v2\/news\/5247\/revisions\/5250"}],"wp:authorship":[{"embeddable":true,"href":"https:\/\/www.uni.lu\/de\/wp-json\/wp\/v2\/users\/91"}],"wp:featuredmedia":[{"embeddable":true,"href":"https:\/\/www.uni.lu\/de\/wp-json\/wp\/v2\/media\/5249"}],"wp:attachment":[{"href":"https:\/\/www.uni.lu\/de\/wp-json\/wp\/v2\/media?parent=5247"}],"wp:term":[{"taxonomy":"news-category","embeddable":true,"href":"https:\/\/www.uni.lu\/de\/wp-json\/wp\/v2\/news-category?post=5247"},{"taxonomy":"news-topic","embeddable":true,"href":"https:\/\/www.uni.lu\/de\/wp-json\/wp\/v2\/news-topic?post=5247"},{"taxonomy":"organisation","embeddable":true,"href":"https:\/\/www.uni.lu\/de\/wp-json\/wp\/v2\/organisation?post=5247"}],"curies":[{"name":"wp","href":"https:\/\/api.w.org\/{rel}","templated":true}]}}