{"id":4303,"date":"2024-05-07T11:38:44","date_gmt":"2024-05-07T09:38:44","guid":{"rendered":"https:\/\/www.uni.lu\/de\/?post_type=news&#038;p=4303"},"modified":"2024-08-08T11:12:54","modified_gmt":"2024-08-08T09:12:54","slug":"mit-smartwielen-der-politischen-orientierung-entsprechend-waehlen","status":"publish","type":"news","link":"https:\/\/www.uni.lu\/de\/news\/mit-smartwielen-der-politischen-orientierung-entsprechend-waehlen\/","title":{"rendered":"Mit Smartwielen der politischen Orientierung entsprechend w\u00e4hlen"},"content":{"rendered":"\n<section class=\"wp-block-unilux-blocks-free-section section\"><div class=\"container xl:max-w-screen-xl\">\n<p>Die Online-Plattform Smartwielen, die von der Universit\u00e4t Luxemburg und dem Zentrum fir politesch Bildung koordiniert wird, steht den W\u00e4hler der Europawahlen ab dem 8. Mai zur Verf\u00fcgung. Ihre Funktionen wurden auf einer Pressekonferenz am 6. Mai vorgestellt.<\/p>\n\n\n\n<p>Trotz der Kommunikationsbem\u00fchungen der politischen Parteien in Bezug auf die Pr\u00e4sentation ihrer Wahlprogramme k\u00f6nnen die Vielfalt der engagierten Akteure, die Mehrsprachigkeit und die Komplexit\u00e4t des Wahlsystems f\u00fcr viele W\u00e4hler verwirrend sein. Demnach ist das Ziel von Smartwielen, die pers\u00f6nliche politische Position der W\u00e4hler mit den Positionen der Kandidaten oder Parteien zu vergleichen. Diese gegen\u00fcberstellende Gesamtansicht soll den W\u00e4hler eine informiertere Wahlentscheidung erm\u00f6glichen.<\/p>\n\n\n\n<p>Das Hauptinstrument ist ein Fragebogen zu verschiedenen europ\u00e4ischen Themen und politischen Herausforderungen, bestehend aus insgesamt 38 Aussagen. Davon stimmen 25 Aussagen mit 24 L\u00e4ndern der Europ\u00e4ischen Union im Rahmen des Votematch-Projekts \u00fcberein. Votematch ist ein gesamteurop\u00e4isches Kooperationsprojekt, das allen Nutzer die M\u00f6glichkeit bieten soll, die eigene politische N\u00e4he zu Parteien in anderen europ\u00e4ischen L\u00e4ndern zu berechnen. Nach Abschluss des Smartwielen-Tests kann damit z.B. ein luxemburgischer Nutzer herausfinden, welcher Partei er z.B. in Portugal, Belgien oder Italien nahesteht. 13 dieser Aussagen beziehen sich dabei spezifisch auf Luxemburg. Wie bereits bei den Nationalwahlen 2023 waren B\u00fcrger sowie die Zivilgesellschaft dazu aufgerufen, dem Smartwielen-Team Fragen f\u00fcr den Fragebogen vorzuschlagen. In dieser 20-t\u00e4gigen Phase wurden \u00fcber 400 Fragen eingereicht.<\/p>\n\n\n\n<p>Dieser Fragebogen wurde zuvor von den einzelnen Kandidaten und den politischen Parteien f\u00fcr die Europawahlen ausgef\u00fcllt. Bisher haben 12 von 13 Parteien, so wie 62 von 72 Kandidat den Fragebogen ausgef\u00fcllt. Nachdem ein Nutzer den Fragebogen beantwortet hat, erh\u00e4lt er sein &#8222;Matching&#8220;, d.h eine Liste der Kandidaten und Parteien mit Prozentangaben, so wie grafische Darstellungen, die die verschiedenen politischen Dimensionen und Achsen widerspiegeln (die Smartmap und der Smartspider). Die Nutzer k\u00f6nnen im Rahmen des Projekts Votematch ebenfalls herausfinden, welchen Parteien sie in denjenigen EU-L\u00e4ndern, die an dem Projekt teilgenommen haben, am n\u00e4chsten stehen.&nbsp;<\/p>\n\n\n\n<p>Smartwielen wird von Dr. <a href=\"https:\/\/www.uni.lu\/fhse-en\/people\/raphael-kies\/\">Rapha\u00ebl Kies<\/a>, Leiter der Plateforme Luxembourgeoise de la D\u00e9mocratie Participative an der Universit\u00e4t Luxemburg und Dr. Marc Schoentgen vom <a href=\"https:\/\/zpb.lu\/\" target=\"_blank\" rel=\"noreferrer noopener\">Zentrum fir politesch Bildung<\/a> (ZpB) koordiniert.<\/p>\n\n\n\n<p>In Bezug auf die Wahl ist Smartwielen als Informationsinstrument gedacht, das die W\u00e4hlerschaft bei ihrer politischen Richtungsfindung unterst\u00fctzen soll, ohne jedoch eine Wahlempfehlung abzugeben. Es ist auch ein Instrument der politischen Bildung. In diesem Jahr ist die Webseite auf f\u00fcnf Sprachen verf\u00fcgbar: auf Luxemburgisch, Franz\u00f6sisch, Deutsch, Englisch und Portugiesisch.<\/p>\n\n\n\n<p>Smartwielen wurde zum ersten Mal im Zuge der Parlamentswahl 2009, und anschlie\u00dfend bei den darauffolgenden Europa- und Parlamentswahlen genutzt. Die Zusammenarbeit zwischen der Universit\u00e4t Luxemburg und dem ZpB wurde im Rahmen der Parlamentswahl 2018 aufgenommen und seitdem fortgesetzt. Vor der Parlamentswahl im Jahr 2023 wurde Smartwielen von insgesamt 30 % der W\u00e4hler konsultiert.<\/p>\n\n\n\n<p>Entdecken Sie den Fragebogen auf <a href=\"https:\/\/smartwielen.lu\/\" target=\"_blank\" rel=\"noreferrer noopener\">www.smartwielen.lu<\/a>.<\/p>\n<\/div><\/section>\n","protected":false},"excerpt":{"rendered":"<p>Die Online-Plattform Smartwielen, die von der Universit\u00e4t Luxemburg und dem Zentrum fir politesch Bildung koordiniert wird, steht den W\u00e4hler der Europawahlen ab dem 8. Mai zur Verf\u00fcgung. <\/p>\n","protected":false},"author":91,"featured_media":4306,"template":"","format":"standard","meta":{"featured_image_focal_point":[],"show_featured_caption":false,"ulux_newsletter_groups":"","uluxPostTitle":"","uluxPrePostTitle":"","_trash_the_other_posts":false,"_price":"","_stock":"","_tribe_ticket_header":"","_tribe_default_ticket_provider":"","_tribe_ticket_capacity":"0","_ticket_start_date":"","_ticket_end_date":"","_tribe_ticket_show_description":"","_tribe_ticket_show_not_going":false,"_tribe_ticket_use_global_stock":"","_tribe_ticket_global_stock_level":"","_global_stock_mode":"","_global_stock_cap":"","_tribe_rsvp_for_event":"","_tribe_ticket_going_count":"","_tribe_ticket_not_going_count":"","_tribe_tickets_list":"[]","_tribe_ticket_has_attendee_info_fields":false},"news-category":[7],"news-topic":[17],"organisation":[147],"authorship":[91],"acf":[],"yoast_head":"<!-- This site is optimized with the Yoast SEO Premium plugin v22.3 (Yoast SEO v22.3) - https:\/\/yoast.com\/wordpress\/plugins\/seo\/ -->\n<title>Mit Smartwielen der politischen Orientierung entsprechend w\u00e4hlen - Universit\u00e4t Luxemburg<\/title>\n<meta name=\"description\" content=\"Die Online-Plattform Smartwielen, die von der Universit\u00e4t Luxemburg und dem Zentrum fir politesch Bildung koordiniert wird, steht den W\u00e4hler der Europawahlen ab dem 8. Mai zur Verf\u00fcgung.\" \/>\n<meta name=\"robots\" content=\"index, follow, max-snippet:-1, max-image-preview:large, max-video-preview:-1\" \/>\n<link rel=\"canonical\" href=\"https:\/\/www.uni.lu\/de\/news\/mit-smartwielen-der-politischen-orientierung-entsprechend-waehlen\/\" \/>\n<meta property=\"og:locale\" content=\"de_DE\" \/>\n<meta property=\"og:type\" content=\"article\" \/>\n<meta property=\"og:title\" content=\"Mit Smartwielen der politischen Orientierung entsprechend w\u00e4hlen\" \/>\n<meta property=\"og:description\" content=\"Die Online-Plattform Smartwielen, die von der Universit\u00e4t Luxemburg und dem Zentrum fir politesch Bildung koordiniert wird, steht den W\u00e4hler der Europawahlen ab dem 8. Mai zur Verf\u00fcgung.\" \/>\n<meta property=\"og:url\" content=\"https:\/\/www.uni.lu\/de\/news\/mit-smartwielen-der-politischen-orientierung-entsprechend-waehlen\/\" \/>\n<meta property=\"og:site_name\" content=\"UNI DE\" \/>\n<meta property=\"article:publisher\" content=\"https:\/\/www.facebook.com\/uni.lu\" \/>\n<meta property=\"article:modified_time\" content=\"2024-08-08T09:12:54+00:00\" \/>\n<meta property=\"og:image\" content=\"https:\/\/www.uni.lu\/wp-content\/uploads\/sites\/10\/2024\/05\/staying-current-with-the-help-of-her-tablet-2023-11-27-05-26-55-utc-scaled.jpg\" \/>\n\t<meta property=\"og:image:width\" content=\"2560\" \/>\n\t<meta property=\"og:image:height\" content=\"1709\" \/>\n\t<meta property=\"og:image:type\" content=\"image\/jpeg\" \/>\n<meta name=\"twitter:card\" content=\"summary_large_image\" \/>\n<meta name=\"twitter:label1\" content=\"Gesch\u00e4tzte Lesezeit\" \/>\n\t<meta name=\"twitter:data1\" content=\"3 Minuten\" \/>\n<script type=\"application\/ld+json\" class=\"yoast-schema-graph\">{\"@context\":\"https:\/\/schema.org\",\"@graph\":[{\"@type\":\"NewsArticle\",\"@id\":\"https:\/\/www.uni.lu\/de\/news\/mit-smartwielen-der-politischen-orientierung-entsprechend-waehlen\/#article\",\"isPartOf\":{\"@id\":\"https:\/\/www.uni.lu\/de\/news\/mit-smartwielen-der-politischen-orientierung-entsprechend-waehlen\/\"},\"author\":{\"name\":\"lbianchi\",\"@id\":\"https:\/\/www.uni.lu\/de\/#\/schema\/person\/d9b86b7c2e53fc03137bac4835036477\"},\"headline\":\"Mit Smartwielen der politischen Orientierung entsprechend w\u00e4hlen\",\"datePublished\":\"2024-05-07T09:38:44+00:00\",\"dateModified\":\"2024-08-08T09:12:54+00:00\",\"mainEntityOfPage\":{\"@id\":\"https:\/\/www.uni.lu\/de\/news\/mit-smartwielen-der-politischen-orientierung-entsprechend-waehlen\/\"},\"wordCount\":484,\"publisher\":{\"@id\":\"https:\/\/www.uni.lu\/de\/#organization\"},\"image\":{\"@id\":\"https:\/\/www.uni.lu\/de\/news\/mit-smartwielen-der-politischen-orientierung-entsprechend-waehlen\/#primaryimage\"},\"thumbnailUrl\":\"https:\/\/www.uni.lu\/wp-content\/uploads\/sites\/10\/2024\/05\/staying-current-with-the-help-of-her-tablet-2023-11-27-05-26-55-utc-scaled.jpg\",\"inLanguage\":\"de-DE\"},{\"@type\":\"WebPage\",\"@id\":\"https:\/\/www.uni.lu\/de\/news\/mit-smartwielen-der-politischen-orientierung-entsprechend-waehlen\/\",\"url\":\"https:\/\/www.uni.lu\/de\/news\/mit-smartwielen-der-politischen-orientierung-entsprechend-waehlen\/\",\"name\":\"Mit Smartwielen der politischen Orientierung entsprechend w\u00e4hlen - Universit\u00e4t Luxemburg\",\"isPartOf\":{\"@id\":\"https:\/\/www.uni.lu\/de\/#website\"},\"primaryImageOfPage\":{\"@id\":\"https:\/\/www.uni.lu\/de\/news\/mit-smartwielen-der-politischen-orientierung-entsprechend-waehlen\/#primaryimage\"},\"image\":{\"@id\":\"https:\/\/www.uni.lu\/de\/news\/mit-smartwielen-der-politischen-orientierung-entsprechend-waehlen\/#primaryimage\"},\"thumbnailUrl\":\"https:\/\/www.uni.lu\/wp-content\/uploads\/sites\/10\/2024\/05\/staying-current-with-the-help-of-her-tablet-2023-11-27-05-26-55-utc-scaled.jpg\",\"datePublished\":\"2024-05-07T09:38:44+00:00\",\"dateModified\":\"2024-08-08T09:12:54+00:00\",\"description\":\"Die Online-Plattform Smartwielen, die von der Universit\u00e4t Luxemburg und dem Zentrum fir politesch Bildung koordiniert wird, steht den W\u00e4hler der Europawahlen ab dem 8. Mai zur Verf\u00fcgung.\",\"breadcrumb\":{\"@id\":\"https:\/\/www.uni.lu\/de\/news\/mit-smartwielen-der-politischen-orientierung-entsprechend-waehlen\/#breadcrumb\"},\"inLanguage\":\"de-DE\",\"potentialAction\":[{\"@type\":\"ReadAction\",\"target\":[\"https:\/\/www.uni.lu\/de\/news\/mit-smartwielen-der-politischen-orientierung-entsprechend-waehlen\/\"]}]},{\"@type\":\"ImageObject\",\"inLanguage\":\"de-DE\",\"@id\":\"https:\/\/www.uni.lu\/de\/news\/mit-smartwielen-der-politischen-orientierung-entsprechend-waehlen\/#primaryimage\",\"url\":\"https:\/\/www.uni.lu\/wp-content\/uploads\/sites\/10\/2024\/05\/staying-current-with-the-help-of-her-tablet-2023-11-27-05-26-55-utc-scaled.jpg\",\"contentUrl\":\"https:\/\/www.uni.lu\/wp-content\/uploads\/sites\/10\/2024\/05\/staying-current-with-the-help-of-her-tablet-2023-11-27-05-26-55-utc-scaled.jpg\",\"width\":2560,\"height\":1709,\"caption\":\"Staying current with the help of her tablet.\"},{\"@type\":\"BreadcrumbList\",\"@id\":\"https:\/\/www.uni.lu\/de\/news\/mit-smartwielen-der-politischen-orientierung-entsprechend-waehlen\/#breadcrumb\",\"itemListElement\":[{\"@type\":\"ListItem\",\"position\":1,\"name\":\"Home\",\"item\":\"https:\/\/www.uni.lu\/de\/\"},{\"@type\":\"ListItem\",\"position\":2,\"name\":\"News\",\"item\":\"https:\/\/www.uni.lu\/de\/news\/\"},{\"@type\":\"ListItem\",\"position\":3,\"name\":\"Mit Smartwielen der politischen Orientierung entsprechend w\u00e4hlen\"}]},{\"@type\":\"WebSite\",\"@id\":\"https:\/\/www.uni.lu\/de\/#website\",\"url\":\"https:\/\/www.uni.lu\/de\/\",\"name\":\"Uni.lu\",\"description\":\"Universit\u00e4t Luxemburg\",\"publisher\":{\"@id\":\"https:\/\/www.uni.lu\/de\/#organization\"},\"alternateName\":\"Universit\u00e4t Luxemburg\",\"potentialAction\":[{\"@type\":\"SearchAction\",\"target\":{\"@type\":\"EntryPoint\",\"urlTemplate\":\"https:\/\/www.uni.lu\/de\/?s={search_term_string}\"},\"query-input\":\"required name=search_term_string\"}],\"inLanguage\":\"de-DE\"},{\"@type\":\"Organization\",\"@id\":\"https:\/\/www.uni.lu\/de\/#organization\",\"name\":\"Universit\u00e4t Luxemburg\",\"alternateName\":\"Uni.lu\",\"url\":\"https:\/\/www.uni.lu\/de\/\",\"logo\":{\"@type\":\"ImageObject\",\"inLanguage\":\"de-DE\",\"@id\":\"https:\/\/www.uni.lu\/de\/#\/schema\/logo\/image\/\",\"url\":\"https:\/\/www.uni.lu\/wp-content\/uploads\/sites\/10\/2026\/03\/03120000\/UNIV_SM-Profile_1600x1600px-scaled.jpg\",\"contentUrl\":\"https:\/\/www.uni.lu\/wp-content\/uploads\/sites\/10\/2026\/03\/03120000\/UNIV_SM-Profile_1600x1600px-scaled.jpg\",\"width\":2560,\"height\":2560,\"caption\":\"Universit\u00e4t Luxemburg\"},\"image\":\"https:\/\/www.uni.lu\/wp-content\/uploads\/sites\/10\/2026\/04\/24144329\/20200609-Belval-Campus_Henri-Goergen-23.jpg\",\"sameAs\":[\"https:\/\/www.facebook.com\/uni.lu\",\"https:\/\/www.linkedin.com\/school\/university-of-luxembourg\/\",\"https:\/\/www.instagram.com\/uni.lu\",\"https:\/\/www.youtube.com\/@uni_lu\",\"https:\/\/en.wikipedia.org\/wiki\/University_of_Luxembourg\"],\"email\":\"communication@uni.lu\",\"telephone\":\"+3524666441\",\"address\":{\"@type\":\"PostalAddress\",\"streetAddress\":\"2, place de l\u2019Universit\u00e9\",\"addressLocality\":\"Esch-sur-Alzette\",\"postalCode\":\"4365\",\"addressCountry\":\"LU\"},\"description\":\"Universit\u00e4t Luxemburg\"},{\"@type\":\"Person\",\"@id\":\"https:\/\/www.uni.lu\/de\/#\/schema\/person\/d9b86b7c2e53fc03137bac4835036477\",\"name\":\"lbianchi\",\"image\":{\"@type\":\"ImageObject\",\"inLanguage\":\"de-DE\",\"@id\":\"https:\/\/www.uni.lu\/de\/#\/schema\/person\/image\/\",\"url\":\"https:\/\/secure.gravatar.com\/avatar\/b95af755d0da6e0201fdf3e2f7318021?s=96&d=mm&r=g\",\"contentUrl\":\"https:\/\/secure.gravatar.com\/avatar\/b95af755d0da6e0201fdf3e2f7318021?s=96&d=mm&r=g\",\"caption\":\"lbianchi\"}}]}<\/script>\n<!-- \/ Yoast SEO Premium plugin. -->","yoast_head_json":{"title":"Mit Smartwielen der politischen Orientierung entsprechend w\u00e4hlen - Universit\u00e4t Luxemburg","description":"Die Online-Plattform Smartwielen, die von der Universit\u00e4t Luxemburg und dem Zentrum fir politesch Bildung koordiniert wird, steht den W\u00e4hler der Europawahlen ab dem 8. Mai zur Verf\u00fcgung.","robots":{"index":"index","follow":"follow","max-snippet":"max-snippet:-1","max-image-preview":"max-image-preview:large","max-video-preview":"max-video-preview:-1"},"canonical":"https:\/\/www.uni.lu\/de\/news\/mit-smartwielen-der-politischen-orientierung-entsprechend-waehlen\/","og_locale":"de_DE","og_type":"article","og_title":"Mit Smartwielen der politischen Orientierung entsprechend w\u00e4hlen","og_description":"Die Online-Plattform Smartwielen, die von der Universit\u00e4t Luxemburg und dem Zentrum fir politesch Bildung koordiniert wird, steht den W\u00e4hler der Europawahlen ab dem 8. Mai zur Verf\u00fcgung.","og_url":"https:\/\/www.uni.lu\/de\/news\/mit-smartwielen-der-politischen-orientierung-entsprechend-waehlen\/","og_site_name":"UNI DE","article_publisher":"https:\/\/www.facebook.com\/uni.lu","article_modified_time":"2024-08-08T09:12:54+00:00","og_image":[{"width":2560,"height":1709,"url":"https:\/\/www.uni.lu\/wp-content\/uploads\/sites\/10\/2024\/05\/staying-current-with-the-help-of-her-tablet-2023-11-27-05-26-55-utc-scaled.jpg","type":"image\/jpeg"}],"twitter_card":"summary_large_image","twitter_misc":{"Gesch\u00e4tzte Lesezeit":"3 Minuten"},"schema":{"@context":"https:\/\/schema.org","@graph":[{"@type":"NewsArticle","@id":"https:\/\/www.uni.lu\/de\/news\/mit-smartwielen-der-politischen-orientierung-entsprechend-waehlen\/#article","isPartOf":{"@id":"https:\/\/www.uni.lu\/de\/news\/mit-smartwielen-der-politischen-orientierung-entsprechend-waehlen\/"},"author":{"name":"lbianchi","@id":"https:\/\/www.uni.lu\/de\/#\/schema\/person\/d9b86b7c2e53fc03137bac4835036477"},"headline":"Mit Smartwielen der politischen Orientierung entsprechend w\u00e4hlen","datePublished":"2024-05-07T09:38:44+00:00","dateModified":"2024-08-08T09:12:54+00:00","mainEntityOfPage":{"@id":"https:\/\/www.uni.lu\/de\/news\/mit-smartwielen-der-politischen-orientierung-entsprechend-waehlen\/"},"wordCount":484,"publisher":{"@id":"https:\/\/www.uni.lu\/de\/#organization"},"image":{"@id":"https:\/\/www.uni.lu\/de\/news\/mit-smartwielen-der-politischen-orientierung-entsprechend-waehlen\/#primaryimage"},"thumbnailUrl":"https:\/\/www.uni.lu\/wp-content\/uploads\/sites\/10\/2024\/05\/staying-current-with-the-help-of-her-tablet-2023-11-27-05-26-55-utc-scaled.jpg","inLanguage":"de-DE"},{"@type":"WebPage","@id":"https:\/\/www.uni.lu\/de\/news\/mit-smartwielen-der-politischen-orientierung-entsprechend-waehlen\/","url":"https:\/\/www.uni.lu\/de\/news\/mit-smartwielen-der-politischen-orientierung-entsprechend-waehlen\/","name":"Mit Smartwielen der politischen Orientierung entsprechend w\u00e4hlen - Universit\u00e4t Luxemburg","isPartOf":{"@id":"https:\/\/www.uni.lu\/de\/#website"},"primaryImageOfPage":{"@id":"https:\/\/www.uni.lu\/de\/news\/mit-smartwielen-der-politischen-orientierung-entsprechend-waehlen\/#primaryimage"},"image":{"@id":"https:\/\/www.uni.lu\/de\/news\/mit-smartwielen-der-politischen-orientierung-entsprechend-waehlen\/#primaryimage"},"thumbnailUrl":"https:\/\/www.uni.lu\/wp-content\/uploads\/sites\/10\/2024\/05\/staying-current-with-the-help-of-her-tablet-2023-11-27-05-26-55-utc-scaled.jpg","datePublished":"2024-05-07T09:38:44+00:00","dateModified":"2024-08-08T09:12:54+00:00","description":"Die Online-Plattform Smartwielen, die von der Universit\u00e4t Luxemburg und dem Zentrum fir politesch Bildung koordiniert wird, steht den W\u00e4hler der Europawahlen ab dem 8. Mai zur Verf\u00fcgung.","breadcrumb":{"@id":"https:\/\/www.uni.lu\/de\/news\/mit-smartwielen-der-politischen-orientierung-entsprechend-waehlen\/#breadcrumb"},"inLanguage":"de-DE","potentialAction":[{"@type":"ReadAction","target":["https:\/\/www.uni.lu\/de\/news\/mit-smartwielen-der-politischen-orientierung-entsprechend-waehlen\/"]}]},{"@type":"ImageObject","inLanguage":"de-DE","@id":"https:\/\/www.uni.lu\/de\/news\/mit-smartwielen-der-politischen-orientierung-entsprechend-waehlen\/#primaryimage","url":"https:\/\/www.uni.lu\/wp-content\/uploads\/sites\/10\/2024\/05\/staying-current-with-the-help-of-her-tablet-2023-11-27-05-26-55-utc-scaled.jpg","contentUrl":"https:\/\/www.uni.lu\/wp-content\/uploads\/sites\/10\/2024\/05\/staying-current-with-the-help-of-her-tablet-2023-11-27-05-26-55-utc-scaled.jpg","width":2560,"height":1709,"caption":"Staying current with the help of her tablet."},{"@type":"BreadcrumbList","@id":"https:\/\/www.uni.lu\/de\/news\/mit-smartwielen-der-politischen-orientierung-entsprechend-waehlen\/#breadcrumb","itemListElement":[{"@type":"ListItem","position":1,"name":"Home","item":"https:\/\/www.uni.lu\/de\/"},{"@type":"ListItem","position":2,"name":"News","item":"https:\/\/www.uni.lu\/de\/news\/"},{"@type":"ListItem","position":3,"name":"Mit Smartwielen der politischen Orientierung entsprechend w\u00e4hlen"}]},{"@type":"WebSite","@id":"https:\/\/www.uni.lu\/de\/#website","url":"https:\/\/www.uni.lu\/de\/","name":"Uni.lu","description":"Universit\u00e4t Luxemburg","publisher":{"@id":"https:\/\/www.uni.lu\/de\/#organization"},"alternateName":"Universit\u00e4t Luxemburg","potentialAction":[{"@type":"SearchAction","target":{"@type":"EntryPoint","urlTemplate":"https:\/\/www.uni.lu\/de\/?s={search_term_string}"},"query-input":"required name=search_term_string"}],"inLanguage":"de-DE"},{"@type":"Organization","@id":"https:\/\/www.uni.lu\/de\/#organization","name":"Universit\u00e4t Luxemburg","alternateName":"Uni.lu","url":"https:\/\/www.uni.lu\/de\/","logo":{"@type":"ImageObject","inLanguage":"de-DE","@id":"https:\/\/www.uni.lu\/de\/#\/schema\/logo\/image\/","url":"https:\/\/www.uni.lu\/wp-content\/uploads\/sites\/10\/2026\/03\/03120000\/UNIV_SM-Profile_1600x1600px-scaled.jpg","contentUrl":"https:\/\/www.uni.lu\/wp-content\/uploads\/sites\/10\/2026\/03\/03120000\/UNIV_SM-Profile_1600x1600px-scaled.jpg","width":2560,"height":2560,"caption":"Universit\u00e4t Luxemburg"},"image":"https:\/\/www.uni.lu\/wp-content\/uploads\/sites\/10\/2026\/04\/24144329\/20200609-Belval-Campus_Henri-Goergen-23.jpg","sameAs":["https:\/\/www.facebook.com\/uni.lu","https:\/\/www.linkedin.com\/school\/university-of-luxembourg\/","https:\/\/www.instagram.com\/uni.lu","https:\/\/www.youtube.com\/@uni_lu","https:\/\/en.wikipedia.org\/wiki\/University_of_Luxembourg"],"email":"communication@uni.lu","telephone":"+3524666441","address":{"@type":"PostalAddress","streetAddress":"2, place de l\u2019Universit\u00e9","addressLocality":"Esch-sur-Alzette","postalCode":"4365","addressCountry":"LU"},"description":"Universit\u00e4t Luxemburg"},{"@type":"Person","@id":"https:\/\/www.uni.lu\/de\/#\/schema\/person\/d9b86b7c2e53fc03137bac4835036477","name":"lbianchi","image":{"@type":"ImageObject","inLanguage":"de-DE","@id":"https:\/\/www.uni.lu\/de\/#\/schema\/person\/image\/","url":"https:\/\/secure.gravatar.com\/avatar\/b95af755d0da6e0201fdf3e2f7318021?s=96&d=mm&r=g","contentUrl":"https:\/\/secure.gravatar.com\/avatar\/b95af755d0da6e0201fdf3e2f7318021?s=96&d=mm&r=g","caption":"lbianchi"}}]}},"blog_id":10,"_links":{"self":[{"href":"https:\/\/www.uni.lu\/de\/wp-json\/wp\/v2\/news\/4303"}],"collection":[{"href":"https:\/\/www.uni.lu\/de\/wp-json\/wp\/v2\/news"}],"about":[{"href":"https:\/\/www.uni.lu\/de\/wp-json\/wp\/v2\/types\/news"}],"author":[{"embeddable":true,"href":"https:\/\/www.uni.lu\/de\/wp-json\/wp\/v2\/users\/91"}],"version-history":[{"count":5,"href":"https:\/\/www.uni.lu\/de\/wp-json\/wp\/v2\/news\/4303\/revisions"}],"predecessor-version":[{"id":4318,"href":"https:\/\/www.uni.lu\/de\/wp-json\/wp\/v2\/news\/4303\/revisions\/4318"}],"wp:authorship":[{"embeddable":true,"href":"https:\/\/www.uni.lu\/de\/wp-json\/wp\/v2\/users\/91"}],"wp:featuredmedia":[{"embeddable":true,"href":"https:\/\/www.uni.lu\/de\/wp-json\/wp\/v2\/media\/4306"}],"wp:attachment":[{"href":"https:\/\/www.uni.lu\/de\/wp-json\/wp\/v2\/media?parent=4303"}],"wp:term":[{"taxonomy":"news-category","embeddable":true,"href":"https:\/\/www.uni.lu\/de\/wp-json\/wp\/v2\/news-category?post=4303"},{"taxonomy":"news-topic","embeddable":true,"href":"https:\/\/www.uni.lu\/de\/wp-json\/wp\/v2\/news-topic?post=4303"},{"taxonomy":"organisation","embeddable":true,"href":"https:\/\/www.uni.lu\/de\/wp-json\/wp\/v2\/organisation?post=4303"}],"curies":[{"name":"wp","href":"https:\/\/api.w.org\/{rel}","templated":true}]}}