{"id":1407,"date":"2023-10-11T15:38:17","date_gmt":"2023-10-11T13:38:17","guid":{"rendered":"https:\/\/www.uni.lu\/de\/?post_type=news&#038;p=1407"},"modified":"2023-10-11T15:54:31","modified_gmt":"2023-10-11T13:54:31","slug":"psychische_gesundheit_jungen_schneiden_besser_ab_als_maedchen","status":"publish","type":"news","link":"https:\/\/www.uni.lu\/de\/news\/psychische_gesundheit_jungen_schneiden_besser_ab_als_maedchen\/","title":{"rendered":"Psychische Gesundheit: Jungen schneiden besser ab als M\u00e4dchen"},"content":{"rendered":"\n<section class=\"wp-block-unilux-blocks-free-section section\"><div class=\"container xl:max-w-screen-xl\">\n<p>Spezifische Daten f\u00fcr Luxemburg zeichnen ein Bild von der psychischen Gesundheit unserer Jugendlichen und wie sie im Vergleich zum allgemeinen Trend in Europa und Zentralasien abschneiden.<\/p>\n\n\n\n<p>Anl\u00e4sslich des heutigen Welttages der psychischen Gesundheit hat das WHO-Regionalb\u00fcro f\u00fcr Europa die neuesten Daten zur psychischen Gesundheit aus der Studie <a href=\"https:\/\/hbsc.org\/publications\/reports\/a-focus-on-adolescent-mental-health-and-well-being-in-europe-central-asia-and-canada\/\" target=\"_blank\" rel=\"noreferrer noopener\">Health Behaviour in School-aged Children<\/a> (HBSC) ver\u00f6ffentlicht, die einen weit verbreiteten und beunruhigenden Trend in ganz Europa und Zentralasien aufzeigen: eine durchg\u00e4ngige Verschlechterung des psychischen Wohlbefindens von heranwachsenden M\u00e4dchen.<\/p>\n\n\n\n<p>Dr. <a href=\"https:\/\/www.uni.lu\/en\/person\/NTAwMzAyMzNfX0Nhcm9saW5hIENBVFVOREE=\/\">Carolina Catunda<\/a>, Mitverfasserin des Berichts, Teil des Zentrums f\u00fcr Kindheits- und Jugendforschung an der Universit\u00e4t Luxemburg und Co-Principal Investigator des HBSC-Projekts in Luxemburg, kommentierte: \u201e<em>Diese zahlen sind ein Spiegelbild unserer Gesellschaft, unserer Schulen, unseres Zuhause. Die Situation is besorgniserregend und ruft zum Handeln auf \u2013 um besser zu verstehen, schneller zu handeln und besser zu unterst\u00fctzen.<\/em>\u201c<\/p>\n\n\n\n<p>Die Analyse von Daten aus der HBSC-Studie 2021\/22, die Erkenntnisse von 280 000 jungen Menschen aus 44 L\u00e4ndern enth\u00e4lt, zeigt, dass es um die psychische Gesundheit und das Wohlbefinden von M\u00e4dchen im Vergleich zu Jungen schlechter bestellt steht. In Luxemburg ist ein \u00e4hnliches Bild zu beobachten. Im Alter von 11 Jahren berichten zum Beispiel 8 % der Jungen und 14 % der M\u00e4dchen von Gef\u00fchlen der Einsamkeit. Im Alter von 15 Jahren verdoppelt sich diese Pr\u00e4valenz: 14 % der Jungen und 28 % der M\u00e4dchen berichten von diesen Gef\u00fchlen.<\/p>\n\n\n\n<p>Trotzdem geh\u00f6ren die Jugendlichen in Luxemburg zu den 15 L\u00e4ndern mit der h\u00f6chsten Pr\u00e4valenz einer ausgezeichneten Gesundheit in allen Altersgruppen. Im Alter von 11 Jahren berichten 43 % der M\u00e4dchen und 47 % der Jungen \u00fcber einen ausgezeichneten Gesundheitszustand, verglichen mit 39 % der M\u00e4dchen und 44 % der Jungen im Durchschnitt der L\u00e4nder insgesamt.<\/p>\n\n\n\n<p>In Bezug auf die psychische Gesundheit und das Wohlbefinden unterstreicht dieser Bericht von 2018 bis 2022 allerdings einen globalen R\u00fcckgang. In fast allen L\u00e4ndern berichten Jugendliche, insbesondere M\u00e4dchen, h\u00e4ufiger \u00fcber mehrfache Gesundheitsbeschwerden. In Luxemburg sind es die 13- und 15-j\u00e4hrigen M\u00e4dchen, die von 2018 bis 2022 den st\u00e4rksten Anstieg der Mehrfachbeschwerden aufweisen.<\/p>\n\n\n\n<p>Aufbauend auf den breiteren europ\u00e4ischen Erkenntnissen liegt der Schwerpunkt in Luxemburg auch auf fr\u00fchzeitigen Interventionen, insbesondere im schulischen Umfeld. Schulen sind nicht nur Bildungszentren, sondern auch von zentraler Bedeutung f\u00fcr das Wohlbefinden unserer Jugendlichen. Die Zusammenarbeit zwischen Bildungseinrichtungen, kommunalen Gesundheitszentren und nationalen Initiativen f\u00fcr psychische Gesundheit ist von entscheidender Bedeutung f\u00fcr sp\u00fcrbare Ver\u00e4nderungen.<\/p>\n\n\n\n<p>\u201e<em>Die Ergebnisse bieten uns die M\u00f6glichkeit, nicht nur zu vergleichen, sondern auch ma\u00dfgeschneiderte Ma\u00dfnahmen f\u00fcr unsere jungen Menschen hier in Luxemburg zu entwickeln. Mit den Daten, die wir jetzt haben, ist es klar: Unser Ansatz muss vielschichtig sein und Schulen, Elternh\u00e4user, Gemeinden und die Politik einbeziehen. Wir haben die Erkenntnisse, es ist Zeit f\u00fcr wirksame Ma\u00dfnahmen<\/em>\u201c, so Dr. Catunda weiter.<\/p>\n\n\n<div class=\"icon-info-wrapper\">\n    <ul class=\"wp-block-unilux-blocks-icon-info\">\n        <li class=\"wp-block-unilux-blocks-icon-info-item\">\n    \n<div class=\"wp-block-unilux-blocks-wrapper icon-info\">\n<div class=\"icon--primary icon--secondary-2  wp-block-unilux-blocks-icon-picker\">\n    <svg aria-hidden=\"true\" focusable=\"false\" class=\"icon icon-outline icon--external-link \"><use xlink:href=\"https:\/\/www.uni.lu\/wp-content\/themes\/unilux-theme\/assets\/images\/icons\/icons-outline.svg#icon--external-link\"><\/use><\/svg><\/div>\n\n\n<p class=\"has-1-125-rem-font-size\"><a href=\"https:\/\/hbsc.org\/publications\/reports\/a-focus-on-adolescent-mental-health-and-well-being-in-europe-central-asia-and-canada\/\" target=\"_blank\" rel=\"noreferrer noopener\">Der Bericht aufrufen<\/a><\/p>\n<\/div>\n<\/li>\n    <\/ul>\n<\/div>\n<\/div><\/section>\n","protected":false},"excerpt":{"rendered":"","protected":false},"author":42,"featured_media":1408,"template":"","format":"standard","meta":{"featured_image_focal_point":[],"show_featured_caption":false,"ulux_newsletter_groups":"","uluxPostTitle":"","uluxPrePostTitle":"","_trash_the_other_posts":false,"_price":"","_stock":"","_tribe_ticket_header":"","_tribe_default_ticket_provider":"","_tribe_ticket_capacity":"0","_ticket_start_date":"","_ticket_end_date":"","_tribe_ticket_show_description":"","_tribe_ticket_show_not_going":false,"_tribe_ticket_use_global_stock":"","_tribe_ticket_global_stock_level":"","_global_stock_mode":"","_global_stock_cap":"","_tribe_rsvp_for_event":"","_tribe_ticket_going_count":"","_tribe_ticket_not_going_count":"","_tribe_tickets_list":"[]","_tribe_ticket_has_attendee_info_fields":false},"news-category":[4],"news-topic":[23],"organisation":[180],"authorship":[],"acf":[],"yoast_head":"<!-- This site is optimized with the Yoast SEO Premium plugin v22.3 (Yoast SEO v22.3) - https:\/\/yoast.com\/wordpress\/plugins\/seo\/ -->\n<title>Psychische Gesundheit: Jungen schneiden besser ab als M\u00e4dchen - Universit\u00e4t Luxemburg<\/title>\n<meta name=\"description\" content=\"Spezifische Daten f\u00fcr Luxemburg zeichnen ein Bild von der psychischen Gesundheit unserer Jugendlichen und wie sie im Vergleich zum allgemeinen Trend in\" \/>\n<meta name=\"robots\" content=\"index, follow, max-snippet:-1, max-image-preview:large, max-video-preview:-1\" \/>\n<link rel=\"canonical\" href=\"https:\/\/www.uni.lu\/de\/news\/psychische_gesundheit_jungen_schneiden_besser_ab_als_maedchen\/\" \/>\n<meta property=\"og:locale\" content=\"de_DE\" \/>\n<meta property=\"og:type\" content=\"article\" \/>\n<meta property=\"og:title\" content=\"Psychische Gesundheit: Jungen schneiden besser ab als M\u00e4dchen\" \/>\n<meta property=\"og:description\" content=\"Spezifische Daten f\u00fcr Luxemburg zeichnen ein Bild von der psychischen Gesundheit unserer Jugendlichen und wie sie im Vergleich zum allgemeinen Trend in\" \/>\n<meta property=\"og:url\" content=\"https:\/\/www.uni.lu\/de\/news\/psychische_gesundheit_jungen_schneiden_besser_ab_als_maedchen\/\" \/>\n<meta property=\"og:site_name\" content=\"UNI DE\" \/>\n<meta property=\"article:publisher\" content=\"https:\/\/www.facebook.com\/uni.lu\" \/>\n<meta property=\"article:modified_time\" content=\"2023-10-11T13:54:31+00:00\" \/>\n<meta property=\"og:image\" content=\"https:\/\/www.uni.lu\/wp-content\/uploads\/sites\/10\/2023\/10\/iStock-1389127113_credit_Hakase_.jpg\" \/>\n\t<meta property=\"og:image:width\" content=\"1254\" \/>\n\t<meta property=\"og:image:height\" content=\"836\" \/>\n\t<meta property=\"og:image:type\" content=\"image\/jpeg\" \/>\n<meta name=\"twitter:card\" content=\"summary_large_image\" \/>\n<meta name=\"twitter:label1\" content=\"Gesch\u00e4tzte Lesezeit\" \/>\n\t<meta name=\"twitter:data1\" content=\"3 Minuten\" \/>\n<script type=\"application\/ld+json\" class=\"yoast-schema-graph\">{\"@context\":\"https:\/\/schema.org\",\"@graph\":[{\"@type\":\"NewsArticle\",\"@id\":\"https:\/\/www.uni.lu\/de\/news\/psychische_gesundheit_jungen_schneiden_besser_ab_als_maedchen\/#article\",\"isPartOf\":{\"@id\":\"https:\/\/www.uni.lu\/de\/news\/psychische_gesundheit_jungen_schneiden_besser_ab_als_maedchen\/\"},\"author\":{\"name\":\"svankelst\",\"@id\":\"https:\/\/www.uni.lu\/de\/#\/schema\/person\/bbacc9db2c68a323b1a3cbdab743cd0c\"},\"headline\":\"Psychische Gesundheit: Jungen schneiden besser ab als M\u00e4dchen\",\"datePublished\":\"2023-10-11T13:38:17+00:00\",\"dateModified\":\"2023-10-11T13:54:31+00:00\",\"mainEntityOfPage\":{\"@id\":\"https:\/\/www.uni.lu\/de\/news\/psychische_gesundheit_jungen_schneiden_besser_ab_als_maedchen\/\"},\"wordCount\":471,\"publisher\":{\"@id\":\"https:\/\/www.uni.lu\/de\/#organization\"},\"image\":{\"@id\":\"https:\/\/www.uni.lu\/de\/news\/psychische_gesundheit_jungen_schneiden_besser_ab_als_maedchen\/#primaryimage\"},\"thumbnailUrl\":\"https:\/\/www.uni.lu\/wp-content\/uploads\/sites\/10\/2023\/10\/iStock-1389127113_credit_Hakase_.jpg\",\"inLanguage\":\"de-DE\"},{\"@type\":\"WebPage\",\"@id\":\"https:\/\/www.uni.lu\/de\/news\/psychische_gesundheit_jungen_schneiden_besser_ab_als_maedchen\/\",\"url\":\"https:\/\/www.uni.lu\/de\/news\/psychische_gesundheit_jungen_schneiden_besser_ab_als_maedchen\/\",\"name\":\"Psychische Gesundheit: Jungen schneiden besser ab als M\u00e4dchen - Universit\u00e4t Luxemburg\",\"isPartOf\":{\"@id\":\"https:\/\/www.uni.lu\/de\/#website\"},\"primaryImageOfPage\":{\"@id\":\"https:\/\/www.uni.lu\/de\/news\/psychische_gesundheit_jungen_schneiden_besser_ab_als_maedchen\/#primaryimage\"},\"image\":{\"@id\":\"https:\/\/www.uni.lu\/de\/news\/psychische_gesundheit_jungen_schneiden_besser_ab_als_maedchen\/#primaryimage\"},\"thumbnailUrl\":\"https:\/\/www.uni.lu\/wp-content\/uploads\/sites\/10\/2023\/10\/iStock-1389127113_credit_Hakase_.jpg\",\"datePublished\":\"2023-10-11T13:38:17+00:00\",\"dateModified\":\"2023-10-11T13:54:31+00:00\",\"description\":\"Spezifische Daten f\u00fcr Luxemburg zeichnen ein Bild von der psychischen Gesundheit unserer Jugendlichen und wie sie im Vergleich zum allgemeinen Trend in\",\"breadcrumb\":{\"@id\":\"https:\/\/www.uni.lu\/de\/news\/psychische_gesundheit_jungen_schneiden_besser_ab_als_maedchen\/#breadcrumb\"},\"inLanguage\":\"de-DE\",\"potentialAction\":[{\"@type\":\"ReadAction\",\"target\":[\"https:\/\/www.uni.lu\/de\/news\/psychische_gesundheit_jungen_schneiden_besser_ab_als_maedchen\/\"]}]},{\"@type\":\"ImageObject\",\"inLanguage\":\"de-DE\",\"@id\":\"https:\/\/www.uni.lu\/de\/news\/psychische_gesundheit_jungen_schneiden_besser_ab_als_maedchen\/#primaryimage\",\"url\":\"https:\/\/www.uni.lu\/wp-content\/uploads\/sites\/10\/2023\/10\/iStock-1389127113_credit_Hakase_.jpg\",\"contentUrl\":\"https:\/\/www.uni.lu\/wp-content\/uploads\/sites\/10\/2023\/10\/iStock-1389127113_credit_Hakase_.jpg\",\"width\":1254,\"height\":836,\"caption\":\"Child sitting on the horizontal bar, iStock credit: Hakase_\"},{\"@type\":\"BreadcrumbList\",\"@id\":\"https:\/\/www.uni.lu\/de\/news\/psychische_gesundheit_jungen_schneiden_besser_ab_als_maedchen\/#breadcrumb\",\"itemListElement\":[{\"@type\":\"ListItem\",\"position\":1,\"name\":\"Home\",\"item\":\"https:\/\/www.uni.lu\/de\/\"},{\"@type\":\"ListItem\",\"position\":2,\"name\":\"News\",\"item\":\"https:\/\/www.uni.lu\/de\/news\/\"},{\"@type\":\"ListItem\",\"position\":3,\"name\":\"Psychische Gesundheit: Jungen schneiden besser ab als M\u00e4dchen\"}]},{\"@type\":\"WebSite\",\"@id\":\"https:\/\/www.uni.lu\/de\/#website\",\"url\":\"https:\/\/www.uni.lu\/de\/\",\"name\":\"Uni.lu\",\"description\":\"Universit\u00e4t Luxemburg\",\"publisher\":{\"@id\":\"https:\/\/www.uni.lu\/de\/#organization\"},\"alternateName\":\"Universit\u00e4t Luxemburg\",\"potentialAction\":[{\"@type\":\"SearchAction\",\"target\":{\"@type\":\"EntryPoint\",\"urlTemplate\":\"https:\/\/www.uni.lu\/de\/?s={search_term_string}\"},\"query-input\":\"required name=search_term_string\"}],\"inLanguage\":\"de-DE\"},{\"@type\":\"Organization\",\"@id\":\"https:\/\/www.uni.lu\/de\/#organization\",\"name\":\"Universit\u00e4t Luxemburg\",\"alternateName\":\"Uni.lu\",\"url\":\"https:\/\/www.uni.lu\/de\/\",\"logo\":{\"@type\":\"ImageObject\",\"inLanguage\":\"de-DE\",\"@id\":\"https:\/\/www.uni.lu\/de\/#\/schema\/logo\/image\/\",\"url\":\"https:\/\/www.uni.lu\/wp-content\/uploads\/sites\/10\/2026\/03\/03120000\/UNIV_SM-Profile_1600x1600px-scaled.jpg\",\"contentUrl\":\"https:\/\/www.uni.lu\/wp-content\/uploads\/sites\/10\/2026\/03\/03120000\/UNIV_SM-Profile_1600x1600px-scaled.jpg\",\"width\":2560,\"height\":2560,\"caption\":\"Universit\u00e4t Luxemburg\"},\"image\":\"https:\/\/www.uni.lu\/wp-content\/uploads\/sites\/10\/2026\/04\/24144329\/20200609-Belval-Campus_Henri-Goergen-23.jpg\",\"sameAs\":[\"https:\/\/www.facebook.com\/uni.lu\",\"https:\/\/www.linkedin.com\/school\/university-of-luxembourg\/\",\"https:\/\/www.instagram.com\/uni.lu\",\"https:\/\/www.youtube.com\/@uni_lu\",\"https:\/\/en.wikipedia.org\/wiki\/University_of_Luxembourg\"],\"email\":\"communication@uni.lu\",\"telephone\":\"+3524666441\",\"address\":{\"@type\":\"PostalAddress\",\"streetAddress\":\"2, place de l\u2019Universit\u00e9\",\"addressLocality\":\"Esch-sur-Alzette\",\"postalCode\":\"4365\",\"addressCountry\":\"LU\"},\"description\":\"Universit\u00e4t Luxemburg\"},{\"@type\":\"Person\",\"@id\":\"https:\/\/www.uni.lu\/de\/#\/schema\/person\/bbacc9db2c68a323b1a3cbdab743cd0c\",\"name\":\"svankelst\",\"image\":{\"@type\":\"ImageObject\",\"inLanguage\":\"de-DE\",\"@id\":\"https:\/\/www.uni.lu\/de\/#\/schema\/person\/image\/\",\"url\":\"https:\/\/secure.gravatar.com\/avatar\/54b090610f90377561821e2f82f83b9f?s=96&d=mm&r=g\",\"contentUrl\":\"https:\/\/secure.gravatar.com\/avatar\/54b090610f90377561821e2f82f83b9f?s=96&d=mm&r=g\",\"caption\":\"svankelst\"}}]}<\/script>\n<!-- \/ Yoast SEO Premium plugin. -->","yoast_head_json":{"title":"Psychische Gesundheit: Jungen schneiden besser ab als M\u00e4dchen - Universit\u00e4t Luxemburg","description":"Spezifische Daten f\u00fcr Luxemburg zeichnen ein Bild von der psychischen Gesundheit unserer Jugendlichen und wie sie im Vergleich zum allgemeinen Trend in","robots":{"index":"index","follow":"follow","max-snippet":"max-snippet:-1","max-image-preview":"max-image-preview:large","max-video-preview":"max-video-preview:-1"},"canonical":"https:\/\/www.uni.lu\/de\/news\/psychische_gesundheit_jungen_schneiden_besser_ab_als_maedchen\/","og_locale":"de_DE","og_type":"article","og_title":"Psychische Gesundheit: Jungen schneiden besser ab als M\u00e4dchen","og_description":"Spezifische Daten f\u00fcr Luxemburg zeichnen ein Bild von der psychischen Gesundheit unserer Jugendlichen und wie sie im Vergleich zum allgemeinen Trend in","og_url":"https:\/\/www.uni.lu\/de\/news\/psychische_gesundheit_jungen_schneiden_besser_ab_als_maedchen\/","og_site_name":"UNI DE","article_publisher":"https:\/\/www.facebook.com\/uni.lu","article_modified_time":"2023-10-11T13:54:31+00:00","og_image":[{"width":1254,"height":836,"url":"https:\/\/www.uni.lu\/wp-content\/uploads\/sites\/10\/2023\/10\/iStock-1389127113_credit_Hakase_.jpg","type":"image\/jpeg"}],"twitter_card":"summary_large_image","twitter_misc":{"Gesch\u00e4tzte Lesezeit":"3 Minuten"},"schema":{"@context":"https:\/\/schema.org","@graph":[{"@type":"NewsArticle","@id":"https:\/\/www.uni.lu\/de\/news\/psychische_gesundheit_jungen_schneiden_besser_ab_als_maedchen\/#article","isPartOf":{"@id":"https:\/\/www.uni.lu\/de\/news\/psychische_gesundheit_jungen_schneiden_besser_ab_als_maedchen\/"},"author":{"name":"svankelst","@id":"https:\/\/www.uni.lu\/de\/#\/schema\/person\/bbacc9db2c68a323b1a3cbdab743cd0c"},"headline":"Psychische Gesundheit: Jungen schneiden besser ab als M\u00e4dchen","datePublished":"2023-10-11T13:38:17+00:00","dateModified":"2023-10-11T13:54:31+00:00","mainEntityOfPage":{"@id":"https:\/\/www.uni.lu\/de\/news\/psychische_gesundheit_jungen_schneiden_besser_ab_als_maedchen\/"},"wordCount":471,"publisher":{"@id":"https:\/\/www.uni.lu\/de\/#organization"},"image":{"@id":"https:\/\/www.uni.lu\/de\/news\/psychische_gesundheit_jungen_schneiden_besser_ab_als_maedchen\/#primaryimage"},"thumbnailUrl":"https:\/\/www.uni.lu\/wp-content\/uploads\/sites\/10\/2023\/10\/iStock-1389127113_credit_Hakase_.jpg","inLanguage":"de-DE"},{"@type":"WebPage","@id":"https:\/\/www.uni.lu\/de\/news\/psychische_gesundheit_jungen_schneiden_besser_ab_als_maedchen\/","url":"https:\/\/www.uni.lu\/de\/news\/psychische_gesundheit_jungen_schneiden_besser_ab_als_maedchen\/","name":"Psychische Gesundheit: Jungen schneiden besser ab als M\u00e4dchen - Universit\u00e4t Luxemburg","isPartOf":{"@id":"https:\/\/www.uni.lu\/de\/#website"},"primaryImageOfPage":{"@id":"https:\/\/www.uni.lu\/de\/news\/psychische_gesundheit_jungen_schneiden_besser_ab_als_maedchen\/#primaryimage"},"image":{"@id":"https:\/\/www.uni.lu\/de\/news\/psychische_gesundheit_jungen_schneiden_besser_ab_als_maedchen\/#primaryimage"},"thumbnailUrl":"https:\/\/www.uni.lu\/wp-content\/uploads\/sites\/10\/2023\/10\/iStock-1389127113_credit_Hakase_.jpg","datePublished":"2023-10-11T13:38:17+00:00","dateModified":"2023-10-11T13:54:31+00:00","description":"Spezifische Daten f\u00fcr Luxemburg zeichnen ein Bild von der psychischen Gesundheit unserer Jugendlichen und wie sie im Vergleich zum allgemeinen Trend in","breadcrumb":{"@id":"https:\/\/www.uni.lu\/de\/news\/psychische_gesundheit_jungen_schneiden_besser_ab_als_maedchen\/#breadcrumb"},"inLanguage":"de-DE","potentialAction":[{"@type":"ReadAction","target":["https:\/\/www.uni.lu\/de\/news\/psychische_gesundheit_jungen_schneiden_besser_ab_als_maedchen\/"]}]},{"@type":"ImageObject","inLanguage":"de-DE","@id":"https:\/\/www.uni.lu\/de\/news\/psychische_gesundheit_jungen_schneiden_besser_ab_als_maedchen\/#primaryimage","url":"https:\/\/www.uni.lu\/wp-content\/uploads\/sites\/10\/2023\/10\/iStock-1389127113_credit_Hakase_.jpg","contentUrl":"https:\/\/www.uni.lu\/wp-content\/uploads\/sites\/10\/2023\/10\/iStock-1389127113_credit_Hakase_.jpg","width":1254,"height":836,"caption":"Child sitting on the horizontal bar, iStock credit: Hakase_"},{"@type":"BreadcrumbList","@id":"https:\/\/www.uni.lu\/de\/news\/psychische_gesundheit_jungen_schneiden_besser_ab_als_maedchen\/#breadcrumb","itemListElement":[{"@type":"ListItem","position":1,"name":"Home","item":"https:\/\/www.uni.lu\/de\/"},{"@type":"ListItem","position":2,"name":"News","item":"https:\/\/www.uni.lu\/de\/news\/"},{"@type":"ListItem","position":3,"name":"Psychische Gesundheit: Jungen schneiden besser ab als M\u00e4dchen"}]},{"@type":"WebSite","@id":"https:\/\/www.uni.lu\/de\/#website","url":"https:\/\/www.uni.lu\/de\/","name":"Uni.lu","description":"Universit\u00e4t Luxemburg","publisher":{"@id":"https:\/\/www.uni.lu\/de\/#organization"},"alternateName":"Universit\u00e4t Luxemburg","potentialAction":[{"@type":"SearchAction","target":{"@type":"EntryPoint","urlTemplate":"https:\/\/www.uni.lu\/de\/?s={search_term_string}"},"query-input":"required name=search_term_string"}],"inLanguage":"de-DE"},{"@type":"Organization","@id":"https:\/\/www.uni.lu\/de\/#organization","name":"Universit\u00e4t Luxemburg","alternateName":"Uni.lu","url":"https:\/\/www.uni.lu\/de\/","logo":{"@type":"ImageObject","inLanguage":"de-DE","@id":"https:\/\/www.uni.lu\/de\/#\/schema\/logo\/image\/","url":"https:\/\/www.uni.lu\/wp-content\/uploads\/sites\/10\/2026\/03\/03120000\/UNIV_SM-Profile_1600x1600px-scaled.jpg","contentUrl":"https:\/\/www.uni.lu\/wp-content\/uploads\/sites\/10\/2026\/03\/03120000\/UNIV_SM-Profile_1600x1600px-scaled.jpg","width":2560,"height":2560,"caption":"Universit\u00e4t Luxemburg"},"image":"https:\/\/www.uni.lu\/wp-content\/uploads\/sites\/10\/2026\/04\/24144329\/20200609-Belval-Campus_Henri-Goergen-23.jpg","sameAs":["https:\/\/www.facebook.com\/uni.lu","https:\/\/www.linkedin.com\/school\/university-of-luxembourg\/","https:\/\/www.instagram.com\/uni.lu","https:\/\/www.youtube.com\/@uni_lu","https:\/\/en.wikipedia.org\/wiki\/University_of_Luxembourg"],"email":"communication@uni.lu","telephone":"+3524666441","address":{"@type":"PostalAddress","streetAddress":"2, place de l\u2019Universit\u00e9","addressLocality":"Esch-sur-Alzette","postalCode":"4365","addressCountry":"LU"},"description":"Universit\u00e4t Luxemburg"},{"@type":"Person","@id":"https:\/\/www.uni.lu\/de\/#\/schema\/person\/bbacc9db2c68a323b1a3cbdab743cd0c","name":"svankelst","image":{"@type":"ImageObject","inLanguage":"de-DE","@id":"https:\/\/www.uni.lu\/de\/#\/schema\/person\/image\/","url":"https:\/\/secure.gravatar.com\/avatar\/54b090610f90377561821e2f82f83b9f?s=96&d=mm&r=g","contentUrl":"https:\/\/secure.gravatar.com\/avatar\/54b090610f90377561821e2f82f83b9f?s=96&d=mm&r=g","caption":"svankelst"}}]}},"blog_id":10,"_links":{"self":[{"href":"https:\/\/www.uni.lu\/de\/wp-json\/wp\/v2\/news\/1407"}],"collection":[{"href":"https:\/\/www.uni.lu\/de\/wp-json\/wp\/v2\/news"}],"about":[{"href":"https:\/\/www.uni.lu\/de\/wp-json\/wp\/v2\/types\/news"}],"author":[{"embeddable":true,"href":"https:\/\/www.uni.lu\/de\/wp-json\/wp\/v2\/users\/42"}],"version-history":[{"count":2,"href":"https:\/\/www.uni.lu\/de\/wp-json\/wp\/v2\/news\/1407\/revisions"}],"predecessor-version":[{"id":1410,"href":"https:\/\/www.uni.lu\/de\/wp-json\/wp\/v2\/news\/1407\/revisions\/1410"}],"wp:featuredmedia":[{"embeddable":true,"href":"https:\/\/www.uni.lu\/de\/wp-json\/wp\/v2\/media\/1408"}],"wp:attachment":[{"href":"https:\/\/www.uni.lu\/de\/wp-json\/wp\/v2\/media?parent=1407"}],"wp:term":[{"taxonomy":"news-category","embeddable":true,"href":"https:\/\/www.uni.lu\/de\/wp-json\/wp\/v2\/news-category?post=1407"},{"taxonomy":"news-topic","embeddable":true,"href":"https:\/\/www.uni.lu\/de\/wp-json\/wp\/v2\/news-topic?post=1407"},{"taxonomy":"organisation","embeddable":true,"href":"https:\/\/www.uni.lu\/de\/wp-json\/wp\/v2\/organisation?post=1407"}],"curies":[{"name":"wp","href":"https:\/\/api.w.org\/{rel}","templated":true}]}}