{"id":131,"date":"2018-09-06T14:13:25","date_gmt":"2018-09-06T14:13:25","guid":{"rendered":"https:\/\/website.prod.unilu.spikeseed.cloud\/de\/news\/das-erste-tedx-university-of-luxembourg-wird-veranstaltet\/"},"modified":"2018-09-06T14:13:25","modified_gmt":"2018-09-06T14:13:25","slug":"das-erste-tedx-university-of-luxembourg-wird-veranstaltet","status":"publish","type":"news","link":"https:\/\/www.uni.lu\/de\/news\/das-erste-tedx-university-of-luxembourg-wird-veranstaltet\/","title":{"rendered":"Das erste \u201eTEDx University of Luxembourg\u201c wird veranstaltet"},"content":{"rendered":"<section class=\"wp-block-unilux-blocks-free-section section\"><div class=\"container xl:max-w-screen-xl\"><p>L\u2019Universit\u00e9 du Luxembourg accueillera le premier \u00e9v\u00e9nement \u00ab\u00a0TEDx University of Luxembourg\u00a0\u00bb le vendredi 26 octobre sur le campus de Belval. Le th\u00e8me transversal de cette manifestation est \u00ab\u00a0Ideas 4.0\u00a0\u00bb.<\/p><p>Die Universit\u00e4t Luxemburg wird das erste \u201eTEDx University of Luxembourg\u201c-Event am Freitag, den 26. Oktober auf dem Campus Belval veranstalten. Das Dachthema lautet \u201eIdeas 4.0\u201c.<\/p><p>Bei der Veranstaltung werden zwei Naturwissenschaftler, zwei Sozialwissenschaftler, ein Musiker, zwei Mediziner, ein Journalist, eine Managerin, eine FinTech-Expertin, eine Unternehmerin, eine Bildungsexpertin und ein Student Vortr\u00e4ge halten.<\/p><p>Alle diese herausragenden Sprecher werden das Geheimnis ihres Erfolges teilen \u2013 Willen, Philosophie und K\u00f6nnen \u2013, um sich Innovationen und kritischem Denken zu \u00f6ffnen und so unsere Vision von der Zukunft zu bereichern. Die Vortr\u00e4ge werden von drei K\u00fcnstlerteams erg\u00e4nzt, die das Publikum mit traditionellen und modernen Ausdrucksformen \u00fcberraschen werden.<\/p><p>\u201eTEDx-Vortr\u00e4ge sind mehr, aber auch weniger als normale Tagungsbeitr\u00e4ge\u201c, so Prof. <a href=\"https:\/\/wwwen.uni.lu\/recherche\/fstc\/physics_and_materials_science_research_unit\/people\/jan_lagerwall\/\" target=\"_self\" title=\"\" rel=\"noopener\">Jan Lagerwall<\/a>, Professor f\u00fcr Physik der Materien an der Universit\u00e4t Luxemburg und Lizenznehmer dieser TEDx-Veranstaltung. \u201eWeniger, weil sie k\u00fcrzer sind, oft ungef\u00e4hr 10 Minuten, und mehr aufgrund des Nutzens, den das Publikum aus den Vortr\u00e4gen zieht. Obwohl unsere sprecher Experten auf ihrem jeweiligen Gebiet sind, werden sie ein sehr breites Publikum ansprechen und komplexe Botschaften f\u00fcr alle verst\u00e4ndlich und zug\u00e4nglich machen.\u201c<\/p><p>Prof. Lagerwall organisierte bereits 2013 das <a href=\"https:\/\/www.ted.com\/tedx\/events\/9700\" target=\"_blank\" title=\"\" rel=\"noopener\">TEDxSNUSuwon<\/a>-Event an seiner ehemaligen Forschungsinstitution in S\u00fcdkorea. Dies war eine gro\u00dfartige Erfahrung und die Veranstaltung erhielt viel positives Feedback, was ihn dazu ermutigte, eine neue TEDx-Veranstaltung zu organisieren \u2013 diesmal an der Universit\u00e4t Luxemburg.<\/p><p>Getreu dem internationalen Charakter der Universit\u00e4t vertreten die Referenten und K\u00fcnstler verschiedenen L\u00e4nder und machen diese Veranstaltung zu einem Schmelztiegel der Ideen und Kulturen. Alle Vortr\u00e4ge werden auf Englisch gehalten.<\/p><p><strong>Dachthema Ideas 4.0<\/strong><\/p><p>Industrie 4.0 ist die vierte Industrielle Revolution. Sie gr\u00fcndet auf einem Netzwerk von miteinander verbundenen Prozessen und intelligenten Fabriken, die aus kommunizierenden und autonomen Einheiten bestehen, die lernen und sich weiterentwickeln, um besser zu arbeiten. Bei der Formulierung unseres Veranstaltungsthemas \u2013 Ideas 4.0 \u2013 spielten wir mit diesem Label. Das Event wird sich mit der Vernetzung, Autonomie und dem revolution\u00e4ren Charakter von Industrie 4.0 befassen, aber angewandt auf die Menschheit und die humane Kultur.<\/p><p>Indem sie ihre Gedanken und Lebenserfahrungen mit uns teilen, lassen unsere Referenten uns an neuen Geschichten teilzunehmen und verbessern so unsere Sichtweise auf das Leben und die M\u00f6glichkeiten, die es bietet.<\/p><p><strong>Praktische Informationen<\/strong><\/p><p>Die Veranstaltung \u201eTEDx University of Luxembourg\u201c wird von Universit\u00e4tsmitarbeitern, Doktoranden und Masterstudenten organisiert. Tickets werden ab Mittwoch den 19. September, ausschlie\u00dflich auf der Website <a href=\"http:\/\/www.tedxuniversityofluxembourg.com\/\" target=\"_blank\" title=\"\" rel=\"noopener\">www.tedxuniversityofluxembourg.com,<\/a> verkauft.<\/p><p>Informationen \u00fcber die Referenten und K\u00fcnstler finden Sie auf der Website oder der Facebook-Seite \u201e<a href=\"https:\/\/www.facebook.com\/tedxuniversityofluxembourg\/\" target=\"_blank\" title=\"\" rel=\"noopener\">TEDx University of Luxembourg<\/a>\u201c.<\/p><p>Die Veranstaltung f\u00e4ngt um 12.30 an wird in live im Internet \u00fcbertragen werden.<\/p><p>Personen oder Unternehmen, die TEDx University of Luxemburg unterst\u00fctzen m\u00f6chten, k\u00f6nnen sich an <a href=\"mailto:tedx@uni.lu\" target=\"_self\" title=\"\" rel=\"noopener\">tedx@uni.lu<\/a> wenden.<\/p><\/div><\/section>","protected":false},"excerpt":{"rendered":"<p>L\u2019Universit\u00e9 du Luxembourg accueillera le premier \u00e9v\u00e9nement \u00ab\u00a0TEDx University of Luxembourg\u00a0\u00bb le vendredi 26 octobre sur le campus de Belval. Le th\u00e8me transversal de cette manifestation est \u00ab\u00a0Ideas 4.0\u00a0\u00bb.<\/p>\n","protected":false},"author":0,"featured_media":132,"template":"","format":"standard","meta":{"featured_image_focal_point":[],"show_featured_caption":false,"ulux_newsletter_groups":"","uluxPostTitle":"","uluxPrePostTitle":"","_trash_the_other_posts":false,"_price":"","_stock":"","_tribe_ticket_header":"","_tribe_default_ticket_provider":"","_tribe_ticket_capacity":"0","_ticket_start_date":"","_ticket_end_date":"","_tribe_ticket_show_description":"","_tribe_ticket_show_not_going":false,"_tribe_ticket_use_global_stock":"","_tribe_ticket_global_stock_level":"","_global_stock_mode":"","_global_stock_cap":"","_tribe_rsvp_for_event":"","_tribe_ticket_going_count":"","_tribe_ticket_not_going_count":"","_tribe_tickets_list":"[]","_tribe_ticket_has_attendee_info_fields":false},"news-category":[3],"news-topic":[],"organisation":[226],"authorship":[],"acf":[],"yoast_head":"<!-- This site is optimized with the Yoast SEO Premium plugin v22.3 (Yoast SEO v22.3) - https:\/\/yoast.com\/wordpress\/plugins\/seo\/ -->\n<title>Das erste \u201eTEDx University of Luxembourg\u201c wird veranstaltet - Universit\u00e4t Luxemburg<\/title>\n<meta name=\"description\" content=\"L\u2019Universit\u00e9 du Luxembourg accueillera le premier \u00e9v\u00e9nement \u00ab\u00a0TEDx University of Luxembourg\u00a0\u00bb le vendredi 26 octobre sur le campus de Belval. Le th\u00e8me transversal de cette manifestation est \u00ab\u00a0Ideas 4.0\u00a0\u00bb.\" \/>\n<meta name=\"robots\" content=\"index, follow, max-snippet:-1, max-image-preview:large, max-video-preview:-1\" \/>\n<link rel=\"canonical\" href=\"https:\/\/www.uni.lu\/de\/news\/\" \/>\n<meta property=\"og:locale\" content=\"de_DE\" \/>\n<meta property=\"og:type\" content=\"article\" \/>\n<meta property=\"og:title\" content=\"Das erste \u201eTEDx University of Luxembourg\u201c wird veranstaltet\" \/>\n<meta property=\"og:description\" content=\"L\u2019Universit\u00e9 du Luxembourg accueillera le premier \u00e9v\u00e9nement \u00ab\u00a0TEDx University of Luxembourg\u00a0\u00bb le vendredi 26 octobre sur le campus de Belval. Le th\u00e8me transversal de cette manifestation est \u00ab\u00a0Ideas 4.0\u00a0\u00bb.\" \/>\n<meta property=\"og:url\" content=\"https:\/\/www.uni.lu\/de\/news\/\" \/>\n<meta property=\"og:site_name\" content=\"UNI DE\" \/>\n<meta property=\"article:publisher\" content=\"https:\/\/www.facebook.com\/uni.lu\" \/>\n<meta property=\"og:image\" content=\"https:\/\/www.uni.lu\/wp-content\/uploads\/sites\/10\/2018\/09\/le_premier_tedx_university_of_luxembourg_se_tiendra_en_octobre.jpg\" \/>\n\t<meta property=\"og:image:width\" content=\"800\" \/>\n\t<meta property=\"og:image:height\" content=\"600\" \/>\n\t<meta property=\"og:image:type\" content=\"image\/jpeg\" \/>\n<meta name=\"twitter:card\" content=\"summary_large_image\" \/>\n<meta name=\"twitter:label1\" content=\"Gesch\u00e4tzte Lesezeit\" \/>\n\t<meta name=\"twitter:data1\" content=\"2 Minuten\" \/>\n<script type=\"application\/ld+json\" class=\"yoast-schema-graph\">{\"@context\":\"https:\/\/schema.org\",\"@graph\":[{\"@type\":\"NewsArticle\",\"@id\":\"https:\/\/www.uni.lu\/de\/news\/#article\",\"isPartOf\":{\"@id\":\"https:\/\/www.uni.lu\/de\/news\/\"},\"author\":{\"name\":\"\",\"@id\":\"\"},\"headline\":\"Das erste \u201eTEDx University of Luxembourg\u201c wird veranstaltet\",\"datePublished\":\"2018-09-06T14:13:25+00:00\",\"dateModified\":\"2018-09-06T14:13:25+00:00\",\"mainEntityOfPage\":{\"@id\":\"https:\/\/www.uni.lu\/de\/news\/\"},\"wordCount\":487,\"publisher\":{\"@id\":\"https:\/\/www.uni.lu\/de\/#organization\"},\"image\":{\"@id\":\"https:\/\/www.uni.lu\/de\/news\/#primaryimage\"},\"thumbnailUrl\":\"https:\/\/www.uni.lu\/wp-content\/uploads\/sites\/10\/2018\/09\/le_premier_tedx_university_of_luxembourg_se_tiendra_en_octobre.jpg\",\"inLanguage\":\"de-DE\"},{\"@type\":\"WebPage\",\"@id\":\"https:\/\/www.uni.lu\/de\/news\/\",\"url\":\"https:\/\/www.uni.lu\/de\/news\/\",\"name\":\"Das erste \u201eTEDx University of Luxembourg\u201c wird veranstaltet - Universit\u00e4t Luxemburg\",\"isPartOf\":{\"@id\":\"https:\/\/www.uni.lu\/de\/#website\"},\"primaryImageOfPage\":{\"@id\":\"https:\/\/www.uni.lu\/de\/news\/#primaryimage\"},\"image\":{\"@id\":\"https:\/\/www.uni.lu\/de\/news\/#primaryimage\"},\"thumbnailUrl\":\"https:\/\/www.uni.lu\/wp-content\/uploads\/sites\/10\/2018\/09\/le_premier_tedx_university_of_luxembourg_se_tiendra_en_octobre.jpg\",\"datePublished\":\"2018-09-06T14:13:25+00:00\",\"dateModified\":\"2018-09-06T14:13:25+00:00\",\"description\":\"L\u2019Universit\u00e9 du Luxembourg accueillera le premier \u00e9v\u00e9nement \u00ab\u00a0TEDx University of Luxembourg\u00a0\u00bb le vendredi 26 octobre sur le campus de Belval. Le th\u00e8me transversal de cette manifestation est \u00ab\u00a0Ideas 4.0\u00a0\u00bb.\",\"breadcrumb\":{\"@id\":\"https:\/\/www.uni.lu\/de\/news\/#breadcrumb\"},\"inLanguage\":\"de-DE\",\"potentialAction\":[{\"@type\":\"ReadAction\",\"target\":[\"https:\/\/www.uni.lu\/de\/news\/\"]}]},{\"@type\":\"ImageObject\",\"inLanguage\":\"de-DE\",\"@id\":\"https:\/\/www.uni.lu\/de\/news\/#primaryimage\",\"url\":\"https:\/\/www.uni.lu\/wp-content\/uploads\/sites\/10\/2018\/09\/le_premier_tedx_university_of_luxembourg_se_tiendra_en_octobre.jpg\",\"contentUrl\":\"https:\/\/www.uni.lu\/wp-content\/uploads\/sites\/10\/2018\/09\/le_premier_tedx_university_of_luxembourg_se_tiendra_en_octobre.jpg\",\"width\":800,\"height\":600},{\"@type\":\"BreadcrumbList\",\"@id\":\"https:\/\/www.uni.lu\/de\/news\/#breadcrumb\",\"itemListElement\":[{\"@type\":\"ListItem\",\"position\":1,\"name\":\"Home\",\"item\":\"https:\/\/www.uni.lu\/de\/\"},{\"@type\":\"ListItem\",\"position\":2,\"name\":\"News\",\"item\":\"https:\/\/www.uni.lu\/de\/news\/\"},{\"@type\":\"ListItem\",\"position\":3,\"name\":\"Das erste \u201eTEDx University of Luxembourg\u201c wird veranstaltet\"}]},{\"@type\":\"WebSite\",\"@id\":\"https:\/\/www.uni.lu\/de\/#website\",\"url\":\"https:\/\/www.uni.lu\/de\/\",\"name\":\"Uni.lu\",\"description\":\"Universit\u00e4t Luxemburg\",\"publisher\":{\"@id\":\"https:\/\/www.uni.lu\/de\/#organization\"},\"alternateName\":\"Universit\u00e4t Luxemburg\",\"potentialAction\":[{\"@type\":\"SearchAction\",\"target\":{\"@type\":\"EntryPoint\",\"urlTemplate\":\"https:\/\/www.uni.lu\/de\/?s={search_term_string}\"},\"query-input\":\"required name=search_term_string\"}],\"inLanguage\":\"de-DE\"},{\"@type\":\"Organization\",\"@id\":\"https:\/\/www.uni.lu\/de\/#organization\",\"name\":\"Universit\u00e4t Luxemburg\",\"alternateName\":\"Uni.lu\",\"url\":\"https:\/\/www.uni.lu\/de\/\",\"logo\":{\"@type\":\"ImageObject\",\"inLanguage\":\"de-DE\",\"@id\":\"https:\/\/www.uni.lu\/de\/#\/schema\/logo\/image\/\",\"url\":\"https:\/\/www.uni.lu\/wp-content\/uploads\/sites\/10\/2026\/03\/03120000\/UNIV_SM-Profile_1600x1600px-scaled.jpg\",\"contentUrl\":\"https:\/\/www.uni.lu\/wp-content\/uploads\/sites\/10\/2026\/03\/03120000\/UNIV_SM-Profile_1600x1600px-scaled.jpg\",\"width\":2560,\"height\":2560,\"caption\":\"Universit\u00e4t Luxemburg\"},\"image\":\"https:\/\/www.uni.lu\/wp-content\/uploads\/sites\/10\/2026\/04\/24144329\/20200609-Belval-Campus_Henri-Goergen-23.jpg\",\"sameAs\":[\"https:\/\/www.facebook.com\/uni.lu\",\"https:\/\/www.linkedin.com\/school\/university-of-luxembourg\/\",\"https:\/\/www.instagram.com\/uni.lu\",\"https:\/\/www.youtube.com\/@uni_lu\",\"https:\/\/en.wikipedia.org\/wiki\/University_of_Luxembourg\"],\"email\":\"communication@uni.lu\",\"telephone\":\"+3524666441\",\"address\":{\"@type\":\"PostalAddress\",\"streetAddress\":\"2, place de l\u2019Universit\u00e9\",\"addressLocality\":\"Esch-sur-Alzette\",\"postalCode\":\"4365\",\"addressCountry\":\"LU\"},\"description\":\"Universit\u00e4t Luxemburg\"}]}<\/script>\n<!-- \/ Yoast SEO Premium plugin. -->","yoast_head_json":{"title":"Das erste \u201eTEDx University of Luxembourg\u201c wird veranstaltet - Universit\u00e4t Luxemburg","description":"L\u2019Universit\u00e9 du Luxembourg accueillera le premier \u00e9v\u00e9nement \u00ab\u00a0TEDx University of Luxembourg\u00a0\u00bb le vendredi 26 octobre sur le campus de Belval. Le th\u00e8me transversal de cette manifestation est \u00ab\u00a0Ideas 4.0\u00a0\u00bb.","robots":{"index":"index","follow":"follow","max-snippet":"max-snippet:-1","max-image-preview":"max-image-preview:large","max-video-preview":"max-video-preview:-1"},"canonical":"https:\/\/www.uni.lu\/de\/news\/","og_locale":"de_DE","og_type":"article","og_title":"Das erste \u201eTEDx University of Luxembourg\u201c wird veranstaltet","og_description":"L\u2019Universit\u00e9 du Luxembourg accueillera le premier \u00e9v\u00e9nement \u00ab\u00a0TEDx University of Luxembourg\u00a0\u00bb le vendredi 26 octobre sur le campus de Belval. Le th\u00e8me transversal de cette manifestation est \u00ab\u00a0Ideas 4.0\u00a0\u00bb.","og_url":"https:\/\/www.uni.lu\/de\/news\/","og_site_name":"UNI DE","article_publisher":"https:\/\/www.facebook.com\/uni.lu","og_image":[{"width":800,"height":600,"url":"https:\/\/www.uni.lu\/wp-content\/uploads\/sites\/10\/2018\/09\/le_premier_tedx_university_of_luxembourg_se_tiendra_en_octobre.jpg","type":"image\/jpeg"}],"twitter_card":"summary_large_image","twitter_misc":{"Gesch\u00e4tzte Lesezeit":"2 Minuten"},"schema":{"@context":"https:\/\/schema.org","@graph":[{"@type":"NewsArticle","@id":"https:\/\/www.uni.lu\/de\/news\/#article","isPartOf":{"@id":"https:\/\/www.uni.lu\/de\/news\/"},"author":{"name":"","@id":""},"headline":"Das erste \u201eTEDx University of Luxembourg\u201c wird veranstaltet","datePublished":"2018-09-06T14:13:25+00:00","dateModified":"2018-09-06T14:13:25+00:00","mainEntityOfPage":{"@id":"https:\/\/www.uni.lu\/de\/news\/"},"wordCount":487,"publisher":{"@id":"https:\/\/www.uni.lu\/de\/#organization"},"image":{"@id":"https:\/\/www.uni.lu\/de\/news\/#primaryimage"},"thumbnailUrl":"https:\/\/www.uni.lu\/wp-content\/uploads\/sites\/10\/2018\/09\/le_premier_tedx_university_of_luxembourg_se_tiendra_en_octobre.jpg","inLanguage":"de-DE"},{"@type":"WebPage","@id":"https:\/\/www.uni.lu\/de\/news\/","url":"https:\/\/www.uni.lu\/de\/news\/","name":"Das erste \u201eTEDx University of Luxembourg\u201c wird veranstaltet - Universit\u00e4t Luxemburg","isPartOf":{"@id":"https:\/\/www.uni.lu\/de\/#website"},"primaryImageOfPage":{"@id":"https:\/\/www.uni.lu\/de\/news\/#primaryimage"},"image":{"@id":"https:\/\/www.uni.lu\/de\/news\/#primaryimage"},"thumbnailUrl":"https:\/\/www.uni.lu\/wp-content\/uploads\/sites\/10\/2018\/09\/le_premier_tedx_university_of_luxembourg_se_tiendra_en_octobre.jpg","datePublished":"2018-09-06T14:13:25+00:00","dateModified":"2018-09-06T14:13:25+00:00","description":"L\u2019Universit\u00e9 du Luxembourg accueillera le premier \u00e9v\u00e9nement \u00ab\u00a0TEDx University of Luxembourg\u00a0\u00bb le vendredi 26 octobre sur le campus de Belval. Le th\u00e8me transversal de cette manifestation est \u00ab\u00a0Ideas 4.0\u00a0\u00bb.","breadcrumb":{"@id":"https:\/\/www.uni.lu\/de\/news\/#breadcrumb"},"inLanguage":"de-DE","potentialAction":[{"@type":"ReadAction","target":["https:\/\/www.uni.lu\/de\/news\/"]}]},{"@type":"ImageObject","inLanguage":"de-DE","@id":"https:\/\/www.uni.lu\/de\/news\/#primaryimage","url":"https:\/\/www.uni.lu\/wp-content\/uploads\/sites\/10\/2018\/09\/le_premier_tedx_university_of_luxembourg_se_tiendra_en_octobre.jpg","contentUrl":"https:\/\/www.uni.lu\/wp-content\/uploads\/sites\/10\/2018\/09\/le_premier_tedx_university_of_luxembourg_se_tiendra_en_octobre.jpg","width":800,"height":600},{"@type":"BreadcrumbList","@id":"https:\/\/www.uni.lu\/de\/news\/#breadcrumb","itemListElement":[{"@type":"ListItem","position":1,"name":"Home","item":"https:\/\/www.uni.lu\/de\/"},{"@type":"ListItem","position":2,"name":"News","item":"https:\/\/www.uni.lu\/de\/news\/"},{"@type":"ListItem","position":3,"name":"Das erste \u201eTEDx University of Luxembourg\u201c wird veranstaltet"}]},{"@type":"WebSite","@id":"https:\/\/www.uni.lu\/de\/#website","url":"https:\/\/www.uni.lu\/de\/","name":"Uni.lu","description":"Universit\u00e4t Luxemburg","publisher":{"@id":"https:\/\/www.uni.lu\/de\/#organization"},"alternateName":"Universit\u00e4t Luxemburg","potentialAction":[{"@type":"SearchAction","target":{"@type":"EntryPoint","urlTemplate":"https:\/\/www.uni.lu\/de\/?s={search_term_string}"},"query-input":"required name=search_term_string"}],"inLanguage":"de-DE"},{"@type":"Organization","@id":"https:\/\/www.uni.lu\/de\/#organization","name":"Universit\u00e4t Luxemburg","alternateName":"Uni.lu","url":"https:\/\/www.uni.lu\/de\/","logo":{"@type":"ImageObject","inLanguage":"de-DE","@id":"https:\/\/www.uni.lu\/de\/#\/schema\/logo\/image\/","url":"https:\/\/www.uni.lu\/wp-content\/uploads\/sites\/10\/2026\/03\/03120000\/UNIV_SM-Profile_1600x1600px-scaled.jpg","contentUrl":"https:\/\/www.uni.lu\/wp-content\/uploads\/sites\/10\/2026\/03\/03120000\/UNIV_SM-Profile_1600x1600px-scaled.jpg","width":2560,"height":2560,"caption":"Universit\u00e4t Luxemburg"},"image":"https:\/\/www.uni.lu\/wp-content\/uploads\/sites\/10\/2026\/04\/24144329\/20200609-Belval-Campus_Henri-Goergen-23.jpg","sameAs":["https:\/\/www.facebook.com\/uni.lu","https:\/\/www.linkedin.com\/school\/university-of-luxembourg\/","https:\/\/www.instagram.com\/uni.lu","https:\/\/www.youtube.com\/@uni_lu","https:\/\/en.wikipedia.org\/wiki\/University_of_Luxembourg"],"email":"communication@uni.lu","telephone":"+3524666441","address":{"@type":"PostalAddress","streetAddress":"2, place de l\u2019Universit\u00e9","addressLocality":"Esch-sur-Alzette","postalCode":"4365","addressCountry":"LU"},"description":"Universit\u00e4t Luxemburg"}]}},"blog_id":10,"_links":{"self":[{"href":"https:\/\/www.uni.lu\/de\/wp-json\/wp\/v2\/news\/131"}],"collection":[{"href":"https:\/\/www.uni.lu\/de\/wp-json\/wp\/v2\/news"}],"about":[{"href":"https:\/\/www.uni.lu\/de\/wp-json\/wp\/v2\/types\/news"}],"version-history":[{"count":0,"href":"https:\/\/www.uni.lu\/de\/wp-json\/wp\/v2\/news\/131\/revisions"}],"wp:featuredmedia":[{"embeddable":true,"href":"https:\/\/www.uni.lu\/de\/wp-json\/wp\/v2\/media\/132"}],"wp:attachment":[{"href":"https:\/\/www.uni.lu\/de\/wp-json\/wp\/v2\/media?parent=131"}],"wp:term":[{"taxonomy":"news-category","embeddable":true,"href":"https:\/\/www.uni.lu\/de\/wp-json\/wp\/v2\/news-category?post=131"},{"taxonomy":"news-topic","embeddable":true,"href":"https:\/\/www.uni.lu\/de\/wp-json\/wp\/v2\/news-topic?post=131"},{"taxonomy":"organisation","embeddable":true,"href":"https:\/\/www.uni.lu\/de\/wp-json\/wp\/v2\/organisation?post=131"}],"curies":[{"name":"wp","href":"https:\/\/api.w.org\/{rel}","templated":true}]}}