{"id":1130,"date":"2023-06-14T13:03:08","date_gmt":"2023-06-14T13:03:08","guid":{"rendered":"https:\/\/website.prod.unilu.spikeseed.cloud\/de\/news\/symposium-grenzueberschreitende-arbeitsmaerkte\/"},"modified":"2023-06-14T13:03:08","modified_gmt":"2023-06-14T13:03:08","slug":"symposium-grenzueberschreitende-arbeitsmaerkte","status":"publish","type":"news","link":"https:\/\/www.uni.lu\/de\/news\/symposium-grenzueberschreitende-arbeitsmaerkte\/","title":{"rendered":"Symposium \u2013 Grenz\u00fcberschreitende Arbeitsm\u00e4rkte"},"content":{"rendered":"<section class=\"wp-block-unilux-blocks-free-section section\"><div class=\"container xl:max-w-screen-xl\"><p>Die Arbeitsm\u00e4rkte in grenz\u00fcberschreitenden Regionen stehen unter Druck: Krisen (Gesundheit, Energie, Demografie oder auch Wirtschaft), Arbeitskr\u00e4ftemangel und regionale Konkurrenz sind nur einige der Herausforderungen. Welche Perspektiven haben die grenz\u00fcberschreitenden Regionen?<\/p><p>Im Rahmen des Symposiums werden diese Fragen in zwei Panels diskutiert. Den Abschluss des Tages bildet eine Podiumsdiskussion mit Praktiker:innen und Wissenschaftler:innen.<\/p><p>Arbeitssprachen: Deutsch, Franz\u00f6sisch, Englisch (mit Verdolmetschung Deutsch\/Franz\u00f6sisch)<\/p><p>Anmeldung\u00a0bis zum 10\/07\/2023: <a href=\"https:\/\/forms.office.com\/e\/h1V8Z22Yk9\" target=\"_self\" title=\"\" rel=\"noopener\">https:\/\/forms.office.com\/e\/h1V8Z22Yk9<\/a><\/p><p>Weitere Informationen und Programm.<\/p><p>Symposium organisiert von der UniGR-CBS-Arbeitsgruppe \u201eBesch\u00e4ftigung und Bildung\u201c und der Forschungsgruppe \u201eLABOR SwissLux \u2013 Labour across Borders\u201c im Rahmen des UniGR-Center for Border Studies.<\/p><p><strong>Kontakt: Isabelle Pigeron-Piroth<\/strong> (<a href=\"mailto:isabelle.piroth@uni.lu\" target=\"_self\" title=\"\" rel=\"noopener\">isabelle.piroth@uni.lu<\/a>)<\/p><figure class=\"wp-block-dev4-reusable-blocks-image  object-fit--contain\">\n    \n<img decoding=\"async\" class=\"wp-block-image unilux-custom-image-block\"\n                alt=\"\"\n            src=\"https:\/\/www.uni.lu\/wp-content\/uploads\/sites\/10\/2023\/07\/logo_symposium.jpg\"\n                srcset=\"https:\/\/www.uni.lu\/wp-content\/uploads\/sites\/10\/2023\/07\/logo_symposium-300x58.jpg 300w, https:\/\/www.uni.lu\/wp-content\/uploads\/sites\/10\/2023\/07\/logo_symposium.jpg 677w\"\n                style=\"object-position: 50.00% 50.00%; font-family: &quot;object-fit: contain; object-position: 50.00% 50.00%;&quot;; aspect-ratio: 16\/9; object-fit: contain; width: 100%;\"\n        loading=\"lazy\"\n\/>    <\/figure><\/div><\/section>","protected":false},"excerpt":{"rendered":"<p>Die Arbeitsm\u00e4rkte in grenz\u00fcberschreitenden Regionen stehen unter Druck: Krisen (Gesundheit, Energie, Demografie oder auch Wirtschaft), Arbeitskr\u00e4ftemangel und regionale Konkurrenz sind nur einige der Herausforderungen. Welche Perspektiven haben die grenz\u00fcberschreitenden Regionen?<\/p>\n","protected":false},"author":0,"featured_media":1131,"template":"","format":"standard","meta":{"featured_image_focal_point":[],"show_featured_caption":false,"ulux_newsletter_groups":"","uluxPostTitle":"","uluxPrePostTitle":"","_trash_the_other_posts":false,"_price":"","_stock":"","_tribe_ticket_header":"","_tribe_default_ticket_provider":"","_tribe_ticket_capacity":"0","_ticket_start_date":"","_ticket_end_date":"","_tribe_ticket_show_description":"","_tribe_ticket_show_not_going":false,"_tribe_ticket_use_global_stock":"","_tribe_ticket_global_stock_level":"","_global_stock_mode":"","_global_stock_cap":"","_tribe_rsvp_for_event":"","_tribe_ticket_going_count":"","_tribe_ticket_not_going_count":"","_tribe_tickets_list":"[]","_tribe_ticket_has_attendee_info_fields":false},"news-category":[4],"news-topic":[15],"organisation":[149,147],"authorship":[],"acf":[],"yoast_head":"<!-- This site is optimized with the Yoast SEO Premium plugin v22.3 (Yoast SEO v22.3) - https:\/\/yoast.com\/wordpress\/plugins\/seo\/ -->\n<title>Symposium \u2013 Grenz\u00fcberschreitende Arbeitsm\u00e4rkte - Universit\u00e4t Luxemburg<\/title>\n<meta name=\"description\" content=\"Die Arbeitsm\u00e4rkte in grenz\u00fcberschreitenden Regionen stehen unter Druck: Krisen (Gesundheit, Energie, Demografie oder auch Wirtschaft), Arbeitskr\u00e4ftemangel und regionale Konkurrenz sind nur einige der Herausforderungen. Welche Perspektiven haben die grenz\u00fcberschreitenden Regionen?\" \/>\n<meta name=\"robots\" content=\"index, follow, max-snippet:-1, max-image-preview:large, max-video-preview:-1\" \/>\n<link rel=\"canonical\" href=\"https:\/\/www.uni.lu\/de\/news\/symposium-grenzueberschreitende-arbeitsmaerkte\/\" \/>\n<meta property=\"og:locale\" content=\"de_DE\" \/>\n<meta property=\"og:type\" content=\"article\" \/>\n<meta property=\"og:title\" content=\"Symposium \u2013 Grenz\u00fcberschreitende Arbeitsm\u00e4rkte\" \/>\n<meta property=\"og:description\" content=\"Die Arbeitsm\u00e4rkte in grenz\u00fcberschreitenden Regionen stehen unter Druck: Krisen (Gesundheit, Energie, Demografie oder auch Wirtschaft), Arbeitskr\u00e4ftemangel und regionale Konkurrenz sind nur einige der Herausforderungen. Welche Perspektiven haben die grenz\u00fcberschreitenden Regionen?\" \/>\n<meta property=\"og:url\" content=\"https:\/\/www.uni.lu\/de\/news\/symposium-grenzueberschreitende-arbeitsmaerkte\/\" \/>\n<meta property=\"og:site_name\" content=\"UNI DE\" \/>\n<meta property=\"article:publisher\" content=\"https:\/\/www.facebook.com\/uni.lu\" \/>\n<meta property=\"og:image\" content=\"https:\/\/www.uni.lu\/wp-content\/uploads\/sites\/10\/2023\/06\/symposium_grenzueberschreitende_arbeitsmaerkte.jpg\" \/>\n\t<meta property=\"og:image:width\" content=\"868\" \/>\n\t<meta property=\"og:image:height\" content=\"598\" \/>\n\t<meta property=\"og:image:type\" content=\"image\/jpeg\" \/>\n<meta name=\"twitter:card\" content=\"summary_large_image\" \/>\n<meta name=\"twitter:label1\" content=\"Gesch\u00e4tzte Lesezeit\" \/>\n\t<meta name=\"twitter:data1\" content=\"1 Minute\" \/>\n<script type=\"application\/ld+json\" class=\"yoast-schema-graph\">{\"@context\":\"https:\/\/schema.org\",\"@graph\":[{\"@type\":\"NewsArticle\",\"@id\":\"https:\/\/www.uni.lu\/de\/news\/symposium-grenzueberschreitende-arbeitsmaerkte\/#article\",\"isPartOf\":{\"@id\":\"https:\/\/www.uni.lu\/de\/news\/symposium-grenzueberschreitende-arbeitsmaerkte\/\"},\"author\":{\"name\":\"\",\"@id\":\"\"},\"headline\":\"Symposium \u2013 Grenz\u00fcberschreitende Arbeitsm\u00e4rkte\",\"datePublished\":\"2023-06-14T13:03:08+00:00\",\"dateModified\":\"2023-06-14T13:03:08+00:00\",\"mainEntityOfPage\":{\"@id\":\"https:\/\/www.uni.lu\/de\/news\/symposium-grenzueberschreitende-arbeitsmaerkte\/\"},\"wordCount\":120,\"publisher\":{\"@id\":\"https:\/\/www.uni.lu\/de\/#organization\"},\"image\":{\"@id\":\"https:\/\/www.uni.lu\/de\/news\/symposium-grenzueberschreitende-arbeitsmaerkte\/#primaryimage\"},\"thumbnailUrl\":\"https:\/\/www.uni.lu\/wp-content\/uploads\/sites\/10\/2023\/06\/symposium_grenzueberschreitende_arbeitsmaerkte.jpg\",\"inLanguage\":\"de-DE\"},{\"@type\":\"WebPage\",\"@id\":\"https:\/\/www.uni.lu\/de\/news\/symposium-grenzueberschreitende-arbeitsmaerkte\/\",\"url\":\"https:\/\/www.uni.lu\/de\/news\/symposium-grenzueberschreitende-arbeitsmaerkte\/\",\"name\":\"Symposium \u2013 Grenz\u00fcberschreitende Arbeitsm\u00e4rkte - Universit\u00e4t Luxemburg\",\"isPartOf\":{\"@id\":\"https:\/\/www.uni.lu\/de\/#website\"},\"primaryImageOfPage\":{\"@id\":\"https:\/\/www.uni.lu\/de\/news\/symposium-grenzueberschreitende-arbeitsmaerkte\/#primaryimage\"},\"image\":{\"@id\":\"https:\/\/www.uni.lu\/de\/news\/symposium-grenzueberschreitende-arbeitsmaerkte\/#primaryimage\"},\"thumbnailUrl\":\"https:\/\/www.uni.lu\/wp-content\/uploads\/sites\/10\/2023\/06\/symposium_grenzueberschreitende_arbeitsmaerkte.jpg\",\"datePublished\":\"2023-06-14T13:03:08+00:00\",\"dateModified\":\"2023-06-14T13:03:08+00:00\",\"description\":\"Die Arbeitsm\u00e4rkte in grenz\u00fcberschreitenden Regionen stehen unter Druck: Krisen (Gesundheit, Energie, Demografie oder auch Wirtschaft), Arbeitskr\u00e4ftemangel und regionale Konkurrenz sind nur einige der Herausforderungen. Welche Perspektiven haben die grenz\u00fcberschreitenden Regionen?\",\"breadcrumb\":{\"@id\":\"https:\/\/www.uni.lu\/de\/news\/symposium-grenzueberschreitende-arbeitsmaerkte\/#breadcrumb\"},\"inLanguage\":\"de-DE\",\"potentialAction\":[{\"@type\":\"ReadAction\",\"target\":[\"https:\/\/www.uni.lu\/de\/news\/symposium-grenzueberschreitende-arbeitsmaerkte\/\"]}]},{\"@type\":\"ImageObject\",\"inLanguage\":\"de-DE\",\"@id\":\"https:\/\/www.uni.lu\/de\/news\/symposium-grenzueberschreitende-arbeitsmaerkte\/#primaryimage\",\"url\":\"https:\/\/www.uni.lu\/wp-content\/uploads\/sites\/10\/2023\/06\/symposium_grenzueberschreitende_arbeitsmaerkte.jpg\",\"contentUrl\":\"https:\/\/www.uni.lu\/wp-content\/uploads\/sites\/10\/2023\/06\/symposium_grenzueberschreitende_arbeitsmaerkte.jpg\",\"width\":868,\"height\":598},{\"@type\":\"BreadcrumbList\",\"@id\":\"https:\/\/www.uni.lu\/de\/news\/symposium-grenzueberschreitende-arbeitsmaerkte\/#breadcrumb\",\"itemListElement\":[{\"@type\":\"ListItem\",\"position\":1,\"name\":\"Home\",\"item\":\"https:\/\/www.uni.lu\/de\/\"},{\"@type\":\"ListItem\",\"position\":2,\"name\":\"News\",\"item\":\"https:\/\/www.uni.lu\/de\/news\/\"},{\"@type\":\"ListItem\",\"position\":3,\"name\":\"Symposium \u2013 Grenz\u00fcberschreitende Arbeitsm\u00e4rkte\"}]},{\"@type\":\"WebSite\",\"@id\":\"https:\/\/www.uni.lu\/de\/#website\",\"url\":\"https:\/\/www.uni.lu\/de\/\",\"name\":\"Uni.lu\",\"description\":\"Universit\u00e4t Luxemburg\",\"publisher\":{\"@id\":\"https:\/\/www.uni.lu\/de\/#organization\"},\"alternateName\":\"Universit\u00e4t Luxemburg\",\"potentialAction\":[{\"@type\":\"SearchAction\",\"target\":{\"@type\":\"EntryPoint\",\"urlTemplate\":\"https:\/\/www.uni.lu\/de\/?s={search_term_string}\"},\"query-input\":\"required name=search_term_string\"}],\"inLanguage\":\"de-DE\"},{\"@type\":\"Organization\",\"@id\":\"https:\/\/www.uni.lu\/de\/#organization\",\"name\":\"Universit\u00e4t Luxemburg\",\"alternateName\":\"Uni.lu\",\"url\":\"https:\/\/www.uni.lu\/de\/\",\"logo\":{\"@type\":\"ImageObject\",\"inLanguage\":\"de-DE\",\"@id\":\"https:\/\/www.uni.lu\/de\/#\/schema\/logo\/image\/\",\"url\":\"https:\/\/www.uni.lu\/wp-content\/uploads\/sites\/10\/2026\/03\/03120000\/UNIV_SM-Profile_1600x1600px-scaled.jpg\",\"contentUrl\":\"https:\/\/www.uni.lu\/wp-content\/uploads\/sites\/10\/2026\/03\/03120000\/UNIV_SM-Profile_1600x1600px-scaled.jpg\",\"width\":2560,\"height\":2560,\"caption\":\"Universit\u00e4t Luxemburg\"},\"image\":\"https:\/\/www.uni.lu\/wp-content\/uploads\/sites\/10\/2026\/04\/24144329\/20200609-Belval-Campus_Henri-Goergen-23.jpg\",\"sameAs\":[\"https:\/\/www.facebook.com\/uni.lu\",\"https:\/\/www.linkedin.com\/school\/university-of-luxembourg\/\",\"https:\/\/www.instagram.com\/uni.lu\",\"https:\/\/www.youtube.com\/@uni_lu\",\"https:\/\/en.wikipedia.org\/wiki\/University_of_Luxembourg\"],\"email\":\"communication@uni.lu\",\"telephone\":\"+3524666441\",\"address\":{\"@type\":\"PostalAddress\",\"streetAddress\":\"2, place de l\u2019Universit\u00e9\",\"addressLocality\":\"Esch-sur-Alzette\",\"postalCode\":\"4365\",\"addressCountry\":\"LU\"},\"description\":\"Universit\u00e4t Luxemburg\"}]}<\/script>\n<!-- \/ Yoast SEO Premium plugin. -->","yoast_head_json":{"title":"Symposium \u2013 Grenz\u00fcberschreitende Arbeitsm\u00e4rkte - Universit\u00e4t Luxemburg","description":"Die Arbeitsm\u00e4rkte in grenz\u00fcberschreitenden Regionen stehen unter Druck: Krisen (Gesundheit, Energie, Demografie oder auch Wirtschaft), Arbeitskr\u00e4ftemangel und regionale Konkurrenz sind nur einige der Herausforderungen. Welche Perspektiven haben die grenz\u00fcberschreitenden Regionen?","robots":{"index":"index","follow":"follow","max-snippet":"max-snippet:-1","max-image-preview":"max-image-preview:large","max-video-preview":"max-video-preview:-1"},"canonical":"https:\/\/www.uni.lu\/de\/news\/symposium-grenzueberschreitende-arbeitsmaerkte\/","og_locale":"de_DE","og_type":"article","og_title":"Symposium \u2013 Grenz\u00fcberschreitende Arbeitsm\u00e4rkte","og_description":"Die Arbeitsm\u00e4rkte in grenz\u00fcberschreitenden Regionen stehen unter Druck: Krisen (Gesundheit, Energie, Demografie oder auch Wirtschaft), Arbeitskr\u00e4ftemangel und regionale Konkurrenz sind nur einige der Herausforderungen. Welche Perspektiven haben die grenz\u00fcberschreitenden Regionen?","og_url":"https:\/\/www.uni.lu\/de\/news\/symposium-grenzueberschreitende-arbeitsmaerkte\/","og_site_name":"UNI DE","article_publisher":"https:\/\/www.facebook.com\/uni.lu","og_image":[{"width":868,"height":598,"url":"https:\/\/www.uni.lu\/wp-content\/uploads\/sites\/10\/2023\/06\/symposium_grenzueberschreitende_arbeitsmaerkte.jpg","type":"image\/jpeg"}],"twitter_card":"summary_large_image","twitter_misc":{"Gesch\u00e4tzte Lesezeit":"1 Minute"},"schema":{"@context":"https:\/\/schema.org","@graph":[{"@type":"NewsArticle","@id":"https:\/\/www.uni.lu\/de\/news\/symposium-grenzueberschreitende-arbeitsmaerkte\/#article","isPartOf":{"@id":"https:\/\/www.uni.lu\/de\/news\/symposium-grenzueberschreitende-arbeitsmaerkte\/"},"author":{"name":"","@id":""},"headline":"Symposium \u2013 Grenz\u00fcberschreitende Arbeitsm\u00e4rkte","datePublished":"2023-06-14T13:03:08+00:00","dateModified":"2023-06-14T13:03:08+00:00","mainEntityOfPage":{"@id":"https:\/\/www.uni.lu\/de\/news\/symposium-grenzueberschreitende-arbeitsmaerkte\/"},"wordCount":120,"publisher":{"@id":"https:\/\/www.uni.lu\/de\/#organization"},"image":{"@id":"https:\/\/www.uni.lu\/de\/news\/symposium-grenzueberschreitende-arbeitsmaerkte\/#primaryimage"},"thumbnailUrl":"https:\/\/www.uni.lu\/wp-content\/uploads\/sites\/10\/2023\/06\/symposium_grenzueberschreitende_arbeitsmaerkte.jpg","inLanguage":"de-DE"},{"@type":"WebPage","@id":"https:\/\/www.uni.lu\/de\/news\/symposium-grenzueberschreitende-arbeitsmaerkte\/","url":"https:\/\/www.uni.lu\/de\/news\/symposium-grenzueberschreitende-arbeitsmaerkte\/","name":"Symposium \u2013 Grenz\u00fcberschreitende Arbeitsm\u00e4rkte - Universit\u00e4t Luxemburg","isPartOf":{"@id":"https:\/\/www.uni.lu\/de\/#website"},"primaryImageOfPage":{"@id":"https:\/\/www.uni.lu\/de\/news\/symposium-grenzueberschreitende-arbeitsmaerkte\/#primaryimage"},"image":{"@id":"https:\/\/www.uni.lu\/de\/news\/symposium-grenzueberschreitende-arbeitsmaerkte\/#primaryimage"},"thumbnailUrl":"https:\/\/www.uni.lu\/wp-content\/uploads\/sites\/10\/2023\/06\/symposium_grenzueberschreitende_arbeitsmaerkte.jpg","datePublished":"2023-06-14T13:03:08+00:00","dateModified":"2023-06-14T13:03:08+00:00","description":"Die Arbeitsm\u00e4rkte in grenz\u00fcberschreitenden Regionen stehen unter Druck: Krisen (Gesundheit, Energie, Demografie oder auch Wirtschaft), Arbeitskr\u00e4ftemangel und regionale Konkurrenz sind nur einige der Herausforderungen. Welche Perspektiven haben die grenz\u00fcberschreitenden Regionen?","breadcrumb":{"@id":"https:\/\/www.uni.lu\/de\/news\/symposium-grenzueberschreitende-arbeitsmaerkte\/#breadcrumb"},"inLanguage":"de-DE","potentialAction":[{"@type":"ReadAction","target":["https:\/\/www.uni.lu\/de\/news\/symposium-grenzueberschreitende-arbeitsmaerkte\/"]}]},{"@type":"ImageObject","inLanguage":"de-DE","@id":"https:\/\/www.uni.lu\/de\/news\/symposium-grenzueberschreitende-arbeitsmaerkte\/#primaryimage","url":"https:\/\/www.uni.lu\/wp-content\/uploads\/sites\/10\/2023\/06\/symposium_grenzueberschreitende_arbeitsmaerkte.jpg","contentUrl":"https:\/\/www.uni.lu\/wp-content\/uploads\/sites\/10\/2023\/06\/symposium_grenzueberschreitende_arbeitsmaerkte.jpg","width":868,"height":598},{"@type":"BreadcrumbList","@id":"https:\/\/www.uni.lu\/de\/news\/symposium-grenzueberschreitende-arbeitsmaerkte\/#breadcrumb","itemListElement":[{"@type":"ListItem","position":1,"name":"Home","item":"https:\/\/www.uni.lu\/de\/"},{"@type":"ListItem","position":2,"name":"News","item":"https:\/\/www.uni.lu\/de\/news\/"},{"@type":"ListItem","position":3,"name":"Symposium \u2013 Grenz\u00fcberschreitende Arbeitsm\u00e4rkte"}]},{"@type":"WebSite","@id":"https:\/\/www.uni.lu\/de\/#website","url":"https:\/\/www.uni.lu\/de\/","name":"Uni.lu","description":"Universit\u00e4t Luxemburg","publisher":{"@id":"https:\/\/www.uni.lu\/de\/#organization"},"alternateName":"Universit\u00e4t Luxemburg","potentialAction":[{"@type":"SearchAction","target":{"@type":"EntryPoint","urlTemplate":"https:\/\/www.uni.lu\/de\/?s={search_term_string}"},"query-input":"required name=search_term_string"}],"inLanguage":"de-DE"},{"@type":"Organization","@id":"https:\/\/www.uni.lu\/de\/#organization","name":"Universit\u00e4t Luxemburg","alternateName":"Uni.lu","url":"https:\/\/www.uni.lu\/de\/","logo":{"@type":"ImageObject","inLanguage":"de-DE","@id":"https:\/\/www.uni.lu\/de\/#\/schema\/logo\/image\/","url":"https:\/\/www.uni.lu\/wp-content\/uploads\/sites\/10\/2026\/03\/03120000\/UNIV_SM-Profile_1600x1600px-scaled.jpg","contentUrl":"https:\/\/www.uni.lu\/wp-content\/uploads\/sites\/10\/2026\/03\/03120000\/UNIV_SM-Profile_1600x1600px-scaled.jpg","width":2560,"height":2560,"caption":"Universit\u00e4t Luxemburg"},"image":"https:\/\/www.uni.lu\/wp-content\/uploads\/sites\/10\/2026\/04\/24144329\/20200609-Belval-Campus_Henri-Goergen-23.jpg","sameAs":["https:\/\/www.facebook.com\/uni.lu","https:\/\/www.linkedin.com\/school\/university-of-luxembourg\/","https:\/\/www.instagram.com\/uni.lu","https:\/\/www.youtube.com\/@uni_lu","https:\/\/en.wikipedia.org\/wiki\/University_of_Luxembourg"],"email":"communication@uni.lu","telephone":"+3524666441","address":{"@type":"PostalAddress","streetAddress":"2, place de l\u2019Universit\u00e9","addressLocality":"Esch-sur-Alzette","postalCode":"4365","addressCountry":"LU"},"description":"Universit\u00e4t Luxemburg"}]}},"blog_id":10,"_links":{"self":[{"href":"https:\/\/www.uni.lu\/de\/wp-json\/wp\/v2\/news\/1130"}],"collection":[{"href":"https:\/\/www.uni.lu\/de\/wp-json\/wp\/v2\/news"}],"about":[{"href":"https:\/\/www.uni.lu\/de\/wp-json\/wp\/v2\/types\/news"}],"version-history":[{"count":0,"href":"https:\/\/www.uni.lu\/de\/wp-json\/wp\/v2\/news\/1130\/revisions"}],"wp:featuredmedia":[{"embeddable":true,"href":"https:\/\/www.uni.lu\/de\/wp-json\/wp\/v2\/media\/1131"}],"wp:attachment":[{"href":"https:\/\/www.uni.lu\/de\/wp-json\/wp\/v2\/media?parent=1130"}],"wp:term":[{"taxonomy":"news-category","embeddable":true,"href":"https:\/\/www.uni.lu\/de\/wp-json\/wp\/v2\/news-category?post=1130"},{"taxonomy":"news-topic","embeddable":true,"href":"https:\/\/www.uni.lu\/de\/wp-json\/wp\/v2\/news-topic?post=1130"},{"taxonomy":"organisation","embeddable":true,"href":"https:\/\/www.uni.lu\/de\/wp-json\/wp\/v2\/organisation?post=1130"}],"curies":[{"name":"wp","href":"https:\/\/api.w.org\/{rel}","templated":true}]}}