{"id":1114,"date":"2023-05-15T09:25:46","date_gmt":"2023-05-15T09:25:46","guid":{"rendered":"https:\/\/website.prod.unilu.spikeseed.cloud\/de\/news\/prof-yves-le-traon-wird-neuer-direktor-des-snt-der-universitaet\/"},"modified":"2024-08-16T12:02:45","modified_gmt":"2024-08-16T10:02:45","slug":"prof-yves-le-traon-wird-neuer-direktor-des-snt-der-universitaet","status":"publish","type":"news","link":"https:\/\/www.uni.lu\/de\/news\/prof-yves-le-traon-wird-neuer-direktor-des-snt-der-universitaet\/","title":{"rendered":"Prof. Yves Le Traon wird neuer Direktor des SnT der Universit\u00e4t"},"content":{"rendered":"\n<section class=\"wp-block-unilux-blocks-free-section section\"><div class=\"container xl:max-w-screen-xl\">\n<p>Der Aufsichtsrat der Universit\u00e4t Luxemburg hat am 12. Mai 2023 Prof. Yves Le Traon zum neuen Direktor des Interdisciplinary Centre for Security, Reliability and Trust (SnT) ernannt.<\/p>\n\n\n\n<p>Die Ernennung tritt am 1. Januar 2024 in Kraft und gilt f\u00fcr ein Mandat von f\u00fcnf Jahren. Sie folgt auf eine internationale Ausschreibung, die Arbeit einer Findungskommission sowie der Stellungnahme der Professoren des <a href=\"https:\/\/wwwde.uni.lu\/snt\" target=\"_self\" title=\"Interdisciplinary Centre for Security, Reliability and Trust\" rel=\"noopener\">Interdisciplinary Centre for Security, Reliability and Trust<\/a> (SnT).<\/p>\n\n\n\n<p>Prof. Le Traon wird die Nachfolge von Prof. Bj\u00f6rn Ottersten antreten, dem Gr\u00fcndungsdirektor dieses interdisziplin\u00e4ren Forschungszentrums der Universit\u00e4t. Otterstens dritte Amtszeit endet am 31. Dezember 2023.<\/p>\n\n\n\n<p>Das SnT wurde 2009 gegr\u00fcndet und hat sich zu einem international anerkanntem Spitzenforschungszentrum entwickelt, das bedeutende Fortschritte im Bereich der Informations- und Kommunikationstechnologien im Dienst von Gesellschaft und Wirtschaft generiert.<\/p>\n\n\n\n<p><a href=\"https:\/\/wwwde.uni.lu\/snt\/people\/yves_le_traon\" target=\"_self\" title=\"Yves Le Traon\" rel=\"noopener\">Yves Le Traon<\/a>&nbsp;ist seit 2020 stellvertretender Direktor des SnT. Er kam 2009 an die Universit\u00e4t Luxemburg und leitete von 2013 bis 2016 das Department f\u00fcr Informatik der Universit\u00e4t. Prof. Le Traon begann seine wissenschaftliche Laufbahn mit einer Promotion in Informatik am \u201eInstitut National Polytechnique de Grenoble\u201c im Jahre 1997 und hat anschlie\u00dfend im Gebiet Software-Engineering in Rennes geforscht. Als international anerkannter Wissenschaftler st\u00fctzt sich seine wissenschaftliche T\u00e4tigkeit auf Kooperationen mit anderen Forschungseinrichtungen, aber auch mit Partnern aus der Industrie. Prof. Le Traon bringt au\u00dferdem umfassende Kenntnisse der Universit\u00e4t, des SnT und des luxemburgischen Forschungssystems mit.<\/p>\n\n\n\n<p>\u201e<i>Ich freue mich sehr, dass die aus internationalen Experten bestehende Findungskommission aus den hervorragenden Bewerbungen einen Professor der Universit\u00e4t Luxemburg ausgew\u00e4hlt hat<\/i>&#8222;, betonte Rektor <i>Prof. Le Traon wird dem SnT neue Impulse verleihen und gleichzeitig die Kontinuit\u00e4t der Ambitionen dieses interdisziplin\u00e4ren Zentrums gew\u00e4hrleisten, das sich unter der Leitung von Prof. Ottersten als eine der gro\u00dfen Erfolgsgeschichten der Universit\u00e4t positioniert hat.<\/i>. \u201e<a href=\"https:\/\/wwwde.uni.lu\/universite\/presentation\/organigrammes\/organigramme_rectorat_administration_centrale\/le_recteur\/jens_kreisel\" target=\"_self\" title=\"Jens Kreisel\" rel=\"noopener\">Jens Kreisel<\/a>&#8222;<\/p>\n\n\n\n<h5 class=\"has-text-align-left wp-block-unilux-blocks-heading\"        id=\"universitaet-luxemburg\"\n    >\n\u00a9 Universit\u00e4t Luxemburg<\/h5>\n<\/div><\/section>\n","protected":false},"excerpt":{"rendered":"<p>Der Aufsichtsrat der Universit\u00e4t Luxemburg hat am 12. Mai 2023 Prof. Yves Le Traon zum neuen Direktor des Interdisciplinary Centre for Security, Reliability and Trust (SnT) ernannt.<\/p>\n","protected":false},"author":44,"featured_media":1115,"template":"","format":"standard","meta":{"featured_image_focal_point":[],"show_featured_caption":false,"ulux_newsletter_groups":"","uluxPostTitle":"","uluxPrePostTitle":"","_trash_the_other_posts":false,"_price":"","_stock":"","_tribe_ticket_header":"","_tribe_default_ticket_provider":"","_tribe_ticket_capacity":"0","_ticket_start_date":"","_ticket_end_date":"","_tribe_ticket_show_description":"","_tribe_ticket_show_not_going":false,"_tribe_ticket_use_global_stock":"","_tribe_ticket_global_stock_level":"","_global_stock_mode":"","_global_stock_cap":"","_tribe_rsvp_for_event":"","_tribe_ticket_going_count":"","_tribe_ticket_not_going_count":"","_tribe_tickets_list":"[]","_tribe_ticket_has_attendee_info_fields":false},"news-category":[3],"news-topic":[],"organisation":[226],"authorship":[],"acf":[],"yoast_head":"<!-- This site is optimized with the Yoast SEO Premium plugin v22.3 (Yoast SEO v22.3) - https:\/\/yoast.com\/wordpress\/plugins\/seo\/ -->\n<title>Prof. Yves Le Traon wird neuer Direktor des SnT der Universit\u00e4t - Universit\u00e4t Luxemburg<\/title>\n<meta name=\"description\" content=\"Der Aufsichtsrat der Universit\u00e4t Luxemburg hat am 12. Mai 2023 Prof. Yves Le Traon zum neuen Direktor des Interdisciplinary Centre for Security, Reliability and Trust (SnT) ernannt.\" \/>\n<meta name=\"robots\" content=\"index, follow, max-snippet:-1, max-image-preview:large, max-video-preview:-1\" \/>\n<link rel=\"canonical\" href=\"https:\/\/www.uni.lu\/de\/news\/prof-yves-le-traon-wird-neuer-direktor-des-snt-der-universitaet\/\" \/>\n<meta property=\"og:locale\" content=\"de_DE\" \/>\n<meta property=\"og:type\" content=\"article\" \/>\n<meta property=\"og:title\" content=\"Prof. Yves Le Traon wird neuer Direktor des SnT der Universit\u00e4t\" \/>\n<meta property=\"og:description\" content=\"Der Aufsichtsrat der Universit\u00e4t Luxemburg hat am 12. Mai 2023 Prof. Yves Le Traon zum neuen Direktor des Interdisciplinary Centre for Security, Reliability and Trust (SnT) ernannt.\" \/>\n<meta property=\"og:url\" content=\"https:\/\/www.uni.lu\/de\/news\/prof-yves-le-traon-wird-neuer-direktor-des-snt-der-universitaet\/\" \/>\n<meta property=\"og:site_name\" content=\"UNI DE\" \/>\n<meta property=\"article:publisher\" content=\"https:\/\/www.facebook.com\/uni.lu\" \/>\n<meta property=\"article:modified_time\" content=\"2024-08-16T10:02:45+00:00\" \/>\n<meta property=\"og:image\" content=\"https:\/\/www.uni.lu\/wp-content\/uploads\/sites\/10\/2023\/05\/prof_yves_le_traon_nomme_directeur_du_snt_de_l_universite.jpg\" \/>\n\t<meta property=\"og:image:width\" content=\"800\" \/>\n\t<meta property=\"og:image:height\" content=\"600\" \/>\n\t<meta property=\"og:image:type\" content=\"image\/jpeg\" \/>\n<meta name=\"twitter:card\" content=\"summary_large_image\" \/>\n<meta name=\"twitter:label1\" content=\"Gesch\u00e4tzte Lesezeit\" \/>\n\t<meta name=\"twitter:data1\" content=\"2 Minuten\" \/>\n<script type=\"application\/ld+json\" class=\"yoast-schema-graph\">{\"@context\":\"https:\/\/schema.org\",\"@graph\":[{\"@type\":\"NewsArticle\",\"@id\":\"https:\/\/www.uni.lu\/de\/news\/prof-yves-le-traon-wird-neuer-direktor-des-snt-der-universitaet\/#article\",\"isPartOf\":{\"@id\":\"https:\/\/www.uni.lu\/de\/news\/prof-yves-le-traon-wird-neuer-direktor-des-snt-der-universitaet\/\"},\"author\":{\"name\":\"Eunice\",\"@id\":\"https:\/\/www.uni.lu\/de\/#\/schema\/person\/17dbc4a6ec9d969d266bcfb8d8e06279\"},\"headline\":\"Prof. Yves Le Traon wird neuer Direktor des SnT der Universit\u00e4t\",\"datePublished\":\"2023-05-15T09:25:46+00:00\",\"dateModified\":\"2024-08-16T10:02:45+00:00\",\"mainEntityOfPage\":{\"@id\":\"https:\/\/www.uni.lu\/de\/news\/prof-yves-le-traon-wird-neuer-direktor-des-snt-der-universitaet\/\"},\"wordCount\":306,\"publisher\":{\"@id\":\"https:\/\/www.uni.lu\/de\/#organization\"},\"image\":{\"@id\":\"https:\/\/www.uni.lu\/de\/news\/prof-yves-le-traon-wird-neuer-direktor-des-snt-der-universitaet\/#primaryimage\"},\"thumbnailUrl\":\"https:\/\/www.uni.lu\/wp-content\/uploads\/sites\/10\/2023\/05\/prof_yves_le_traon_nomme_directeur_du_snt_de_l_universite.jpg\",\"inLanguage\":\"de-DE\"},{\"@type\":\"WebPage\",\"@id\":\"https:\/\/www.uni.lu\/de\/news\/prof-yves-le-traon-wird-neuer-direktor-des-snt-der-universitaet\/\",\"url\":\"https:\/\/www.uni.lu\/de\/news\/prof-yves-le-traon-wird-neuer-direktor-des-snt-der-universitaet\/\",\"name\":\"Prof. Yves Le Traon wird neuer Direktor des SnT der Universit\u00e4t - Universit\u00e4t Luxemburg\",\"isPartOf\":{\"@id\":\"https:\/\/www.uni.lu\/de\/#website\"},\"primaryImageOfPage\":{\"@id\":\"https:\/\/www.uni.lu\/de\/news\/prof-yves-le-traon-wird-neuer-direktor-des-snt-der-universitaet\/#primaryimage\"},\"image\":{\"@id\":\"https:\/\/www.uni.lu\/de\/news\/prof-yves-le-traon-wird-neuer-direktor-des-snt-der-universitaet\/#primaryimage\"},\"thumbnailUrl\":\"https:\/\/www.uni.lu\/wp-content\/uploads\/sites\/10\/2023\/05\/prof_yves_le_traon_nomme_directeur_du_snt_de_l_universite.jpg\",\"datePublished\":\"2023-05-15T09:25:46+00:00\",\"dateModified\":\"2024-08-16T10:02:45+00:00\",\"description\":\"Der Aufsichtsrat der Universit\u00e4t Luxemburg hat am 12. Mai 2023 Prof. Yves Le Traon zum neuen Direktor des Interdisciplinary Centre for Security, Reliability and Trust (SnT) ernannt.\",\"breadcrumb\":{\"@id\":\"https:\/\/www.uni.lu\/de\/news\/prof-yves-le-traon-wird-neuer-direktor-des-snt-der-universitaet\/#breadcrumb\"},\"inLanguage\":\"de-DE\",\"potentialAction\":[{\"@type\":\"ReadAction\",\"target\":[\"https:\/\/www.uni.lu\/de\/news\/prof-yves-le-traon-wird-neuer-direktor-des-snt-der-universitaet\/\"]}]},{\"@type\":\"ImageObject\",\"inLanguage\":\"de-DE\",\"@id\":\"https:\/\/www.uni.lu\/de\/news\/prof-yves-le-traon-wird-neuer-direktor-des-snt-der-universitaet\/#primaryimage\",\"url\":\"https:\/\/www.uni.lu\/wp-content\/uploads\/sites\/10\/2023\/05\/prof_yves_le_traon_nomme_directeur_du_snt_de_l_universite.jpg\",\"contentUrl\":\"https:\/\/www.uni.lu\/wp-content\/uploads\/sites\/10\/2023\/05\/prof_yves_le_traon_nomme_directeur_du_snt_de_l_universite.jpg\",\"width\":800,\"height\":600,\"caption\":\"Prof. Yves Le Traon\"},{\"@type\":\"BreadcrumbList\",\"@id\":\"https:\/\/www.uni.lu\/de\/news\/prof-yves-le-traon-wird-neuer-direktor-des-snt-der-universitaet\/#breadcrumb\",\"itemListElement\":[{\"@type\":\"ListItem\",\"position\":1,\"name\":\"Home\",\"item\":\"https:\/\/www.uni.lu\/de\/\"},{\"@type\":\"ListItem\",\"position\":2,\"name\":\"News\",\"item\":\"https:\/\/www.uni.lu\/de\/news\/\"},{\"@type\":\"ListItem\",\"position\":3,\"name\":\"Prof. Yves Le Traon wird neuer Direktor des SnT der Universit\u00e4t\"}]},{\"@type\":\"WebSite\",\"@id\":\"https:\/\/www.uni.lu\/de\/#website\",\"url\":\"https:\/\/www.uni.lu\/de\/\",\"name\":\"Uni.lu\",\"description\":\"Universit\u00e4t Luxemburg\",\"publisher\":{\"@id\":\"https:\/\/www.uni.lu\/de\/#organization\"},\"alternateName\":\"Universit\u00e4t Luxemburg\",\"potentialAction\":[{\"@type\":\"SearchAction\",\"target\":{\"@type\":\"EntryPoint\",\"urlTemplate\":\"https:\/\/www.uni.lu\/de\/?s={search_term_string}\"},\"query-input\":\"required name=search_term_string\"}],\"inLanguage\":\"de-DE\"},{\"@type\":\"Organization\",\"@id\":\"https:\/\/www.uni.lu\/de\/#organization\",\"name\":\"Universit\u00e4t Luxemburg\",\"alternateName\":\"Uni.lu\",\"url\":\"https:\/\/www.uni.lu\/de\/\",\"logo\":{\"@type\":\"ImageObject\",\"inLanguage\":\"de-DE\",\"@id\":\"https:\/\/www.uni.lu\/de\/#\/schema\/logo\/image\/\",\"url\":\"https:\/\/www.uni.lu\/wp-content\/uploads\/sites\/10\/2026\/03\/03120000\/UNIV_SM-Profile_1600x1600px-scaled.jpg\",\"contentUrl\":\"https:\/\/www.uni.lu\/wp-content\/uploads\/sites\/10\/2026\/03\/03120000\/UNIV_SM-Profile_1600x1600px-scaled.jpg\",\"width\":2560,\"height\":2560,\"caption\":\"Universit\u00e4t Luxemburg\"},\"image\":\"https:\/\/www.uni.lu\/wp-content\/uploads\/sites\/10\/2026\/04\/24144329\/20200609-Belval-Campus_Henri-Goergen-23.jpg\",\"sameAs\":[\"https:\/\/www.facebook.com\/uni.lu\",\"https:\/\/www.linkedin.com\/school\/university-of-luxembourg\/\",\"https:\/\/www.instagram.com\/uni.lu\",\"https:\/\/www.youtube.com\/@uni_lu\",\"https:\/\/en.wikipedia.org\/wiki\/University_of_Luxembourg\"],\"email\":\"communication@uni.lu\",\"telephone\":\"+3524666441\",\"address\":{\"@type\":\"PostalAddress\",\"streetAddress\":\"2, place de l\u2019Universit\u00e9\",\"addressLocality\":\"Esch-sur-Alzette\",\"postalCode\":\"4365\",\"addressCountry\":\"LU\"},\"description\":\"Universit\u00e4t Luxemburg\"},{\"@type\":\"Person\",\"@id\":\"https:\/\/www.uni.lu\/de\/#\/schema\/person\/17dbc4a6ec9d969d266bcfb8d8e06279\",\"name\":\"Eunice\",\"image\":{\"@type\":\"ImageObject\",\"inLanguage\":\"de-DE\",\"@id\":\"https:\/\/www.uni.lu\/de\/#\/schema\/person\/image\/\",\"url\":\"https:\/\/secure.gravatar.com\/avatar\/dff9d86d63de4fa4c270ac204a61e8a8?s=96&d=mm&r=g\",\"contentUrl\":\"https:\/\/secure.gravatar.com\/avatar\/dff9d86d63de4fa4c270ac204a61e8a8?s=96&d=mm&r=g\",\"caption\":\"Eunice\"},\"birthDate\":\"1991-12-20\",\"gender\":\"female\",\"jobTitle\":\"Web editor\",\"worksFor\":\"University of Luxembourg\"}]}<\/script>\n<!-- \/ Yoast SEO Premium plugin. -->","yoast_head_json":{"title":"Prof. Yves Le Traon wird neuer Direktor des SnT der Universit\u00e4t - Universit\u00e4t Luxemburg","description":"Der Aufsichtsrat der Universit\u00e4t Luxemburg hat am 12. Mai 2023 Prof. Yves Le Traon zum neuen Direktor des Interdisciplinary Centre for Security, Reliability and Trust (SnT) ernannt.","robots":{"index":"index","follow":"follow","max-snippet":"max-snippet:-1","max-image-preview":"max-image-preview:large","max-video-preview":"max-video-preview:-1"},"canonical":"https:\/\/www.uni.lu\/de\/news\/prof-yves-le-traon-wird-neuer-direktor-des-snt-der-universitaet\/","og_locale":"de_DE","og_type":"article","og_title":"Prof. Yves Le Traon wird neuer Direktor des SnT der Universit\u00e4t","og_description":"Der Aufsichtsrat der Universit\u00e4t Luxemburg hat am 12. Mai 2023 Prof. Yves Le Traon zum neuen Direktor des Interdisciplinary Centre for Security, Reliability and Trust (SnT) ernannt.","og_url":"https:\/\/www.uni.lu\/de\/news\/prof-yves-le-traon-wird-neuer-direktor-des-snt-der-universitaet\/","og_site_name":"UNI DE","article_publisher":"https:\/\/www.facebook.com\/uni.lu","article_modified_time":"2024-08-16T10:02:45+00:00","og_image":[{"width":800,"height":600,"url":"https:\/\/www.uni.lu\/wp-content\/uploads\/sites\/10\/2023\/05\/prof_yves_le_traon_nomme_directeur_du_snt_de_l_universite.jpg","type":"image\/jpeg"}],"twitter_card":"summary_large_image","twitter_misc":{"Gesch\u00e4tzte Lesezeit":"2 Minuten"},"schema":{"@context":"https:\/\/schema.org","@graph":[{"@type":"NewsArticle","@id":"https:\/\/www.uni.lu\/de\/news\/prof-yves-le-traon-wird-neuer-direktor-des-snt-der-universitaet\/#article","isPartOf":{"@id":"https:\/\/www.uni.lu\/de\/news\/prof-yves-le-traon-wird-neuer-direktor-des-snt-der-universitaet\/"},"author":{"name":"Eunice","@id":"https:\/\/www.uni.lu\/de\/#\/schema\/person\/17dbc4a6ec9d969d266bcfb8d8e06279"},"headline":"Prof. Yves Le Traon wird neuer Direktor des SnT der Universit\u00e4t","datePublished":"2023-05-15T09:25:46+00:00","dateModified":"2024-08-16T10:02:45+00:00","mainEntityOfPage":{"@id":"https:\/\/www.uni.lu\/de\/news\/prof-yves-le-traon-wird-neuer-direktor-des-snt-der-universitaet\/"},"wordCount":306,"publisher":{"@id":"https:\/\/www.uni.lu\/de\/#organization"},"image":{"@id":"https:\/\/www.uni.lu\/de\/news\/prof-yves-le-traon-wird-neuer-direktor-des-snt-der-universitaet\/#primaryimage"},"thumbnailUrl":"https:\/\/www.uni.lu\/wp-content\/uploads\/sites\/10\/2023\/05\/prof_yves_le_traon_nomme_directeur_du_snt_de_l_universite.jpg","inLanguage":"de-DE"},{"@type":"WebPage","@id":"https:\/\/www.uni.lu\/de\/news\/prof-yves-le-traon-wird-neuer-direktor-des-snt-der-universitaet\/","url":"https:\/\/www.uni.lu\/de\/news\/prof-yves-le-traon-wird-neuer-direktor-des-snt-der-universitaet\/","name":"Prof. Yves Le Traon wird neuer Direktor des SnT der Universit\u00e4t - Universit\u00e4t Luxemburg","isPartOf":{"@id":"https:\/\/www.uni.lu\/de\/#website"},"primaryImageOfPage":{"@id":"https:\/\/www.uni.lu\/de\/news\/prof-yves-le-traon-wird-neuer-direktor-des-snt-der-universitaet\/#primaryimage"},"image":{"@id":"https:\/\/www.uni.lu\/de\/news\/prof-yves-le-traon-wird-neuer-direktor-des-snt-der-universitaet\/#primaryimage"},"thumbnailUrl":"https:\/\/www.uni.lu\/wp-content\/uploads\/sites\/10\/2023\/05\/prof_yves_le_traon_nomme_directeur_du_snt_de_l_universite.jpg","datePublished":"2023-05-15T09:25:46+00:00","dateModified":"2024-08-16T10:02:45+00:00","description":"Der Aufsichtsrat der Universit\u00e4t Luxemburg hat am 12. Mai 2023 Prof. Yves Le Traon zum neuen Direktor des Interdisciplinary Centre for Security, Reliability and Trust (SnT) ernannt.","breadcrumb":{"@id":"https:\/\/www.uni.lu\/de\/news\/prof-yves-le-traon-wird-neuer-direktor-des-snt-der-universitaet\/#breadcrumb"},"inLanguage":"de-DE","potentialAction":[{"@type":"ReadAction","target":["https:\/\/www.uni.lu\/de\/news\/prof-yves-le-traon-wird-neuer-direktor-des-snt-der-universitaet\/"]}]},{"@type":"ImageObject","inLanguage":"de-DE","@id":"https:\/\/www.uni.lu\/de\/news\/prof-yves-le-traon-wird-neuer-direktor-des-snt-der-universitaet\/#primaryimage","url":"https:\/\/www.uni.lu\/wp-content\/uploads\/sites\/10\/2023\/05\/prof_yves_le_traon_nomme_directeur_du_snt_de_l_universite.jpg","contentUrl":"https:\/\/www.uni.lu\/wp-content\/uploads\/sites\/10\/2023\/05\/prof_yves_le_traon_nomme_directeur_du_snt_de_l_universite.jpg","width":800,"height":600,"caption":"Prof. Yves Le Traon"},{"@type":"BreadcrumbList","@id":"https:\/\/www.uni.lu\/de\/news\/prof-yves-le-traon-wird-neuer-direktor-des-snt-der-universitaet\/#breadcrumb","itemListElement":[{"@type":"ListItem","position":1,"name":"Home","item":"https:\/\/www.uni.lu\/de\/"},{"@type":"ListItem","position":2,"name":"News","item":"https:\/\/www.uni.lu\/de\/news\/"},{"@type":"ListItem","position":3,"name":"Prof. Yves Le Traon wird neuer Direktor des SnT der Universit\u00e4t"}]},{"@type":"WebSite","@id":"https:\/\/www.uni.lu\/de\/#website","url":"https:\/\/www.uni.lu\/de\/","name":"Uni.lu","description":"Universit\u00e4t Luxemburg","publisher":{"@id":"https:\/\/www.uni.lu\/de\/#organization"},"alternateName":"Universit\u00e4t Luxemburg","potentialAction":[{"@type":"SearchAction","target":{"@type":"EntryPoint","urlTemplate":"https:\/\/www.uni.lu\/de\/?s={search_term_string}"},"query-input":"required name=search_term_string"}],"inLanguage":"de-DE"},{"@type":"Organization","@id":"https:\/\/www.uni.lu\/de\/#organization","name":"Universit\u00e4t Luxemburg","alternateName":"Uni.lu","url":"https:\/\/www.uni.lu\/de\/","logo":{"@type":"ImageObject","inLanguage":"de-DE","@id":"https:\/\/www.uni.lu\/de\/#\/schema\/logo\/image\/","url":"https:\/\/www.uni.lu\/wp-content\/uploads\/sites\/10\/2026\/03\/03120000\/UNIV_SM-Profile_1600x1600px-scaled.jpg","contentUrl":"https:\/\/www.uni.lu\/wp-content\/uploads\/sites\/10\/2026\/03\/03120000\/UNIV_SM-Profile_1600x1600px-scaled.jpg","width":2560,"height":2560,"caption":"Universit\u00e4t Luxemburg"},"image":"https:\/\/www.uni.lu\/wp-content\/uploads\/sites\/10\/2026\/04\/24144329\/20200609-Belval-Campus_Henri-Goergen-23.jpg","sameAs":["https:\/\/www.facebook.com\/uni.lu","https:\/\/www.linkedin.com\/school\/university-of-luxembourg\/","https:\/\/www.instagram.com\/uni.lu","https:\/\/www.youtube.com\/@uni_lu","https:\/\/en.wikipedia.org\/wiki\/University_of_Luxembourg"],"email":"communication@uni.lu","telephone":"+3524666441","address":{"@type":"PostalAddress","streetAddress":"2, place de l\u2019Universit\u00e9","addressLocality":"Esch-sur-Alzette","postalCode":"4365","addressCountry":"LU"},"description":"Universit\u00e4t Luxemburg"},{"@type":"Person","@id":"https:\/\/www.uni.lu\/de\/#\/schema\/person\/17dbc4a6ec9d969d266bcfb8d8e06279","name":"Eunice","image":{"@type":"ImageObject","inLanguage":"de-DE","@id":"https:\/\/www.uni.lu\/de\/#\/schema\/person\/image\/","url":"https:\/\/secure.gravatar.com\/avatar\/dff9d86d63de4fa4c270ac204a61e8a8?s=96&d=mm&r=g","contentUrl":"https:\/\/secure.gravatar.com\/avatar\/dff9d86d63de4fa4c270ac204a61e8a8?s=96&d=mm&r=g","caption":"Eunice"},"birthDate":"1991-12-20","gender":"female","jobTitle":"Web editor","worksFor":"University of Luxembourg"}]}},"blog_id":10,"_links":{"self":[{"href":"https:\/\/www.uni.lu\/de\/wp-json\/wp\/v2\/news\/1114"}],"collection":[{"href":"https:\/\/www.uni.lu\/de\/wp-json\/wp\/v2\/news"}],"about":[{"href":"https:\/\/www.uni.lu\/de\/wp-json\/wp\/v2\/types\/news"}],"author":[{"embeddable":true,"href":"https:\/\/www.uni.lu\/de\/wp-json\/wp\/v2\/users\/44"}],"version-history":[{"count":2,"href":"https:\/\/www.uni.lu\/de\/wp-json\/wp\/v2\/news\/1114\/revisions"}],"predecessor-version":[{"id":4923,"href":"https:\/\/www.uni.lu\/de\/wp-json\/wp\/v2\/news\/1114\/revisions\/4923"}],"wp:featuredmedia":[{"embeddable":true,"href":"https:\/\/www.uni.lu\/de\/wp-json\/wp\/v2\/media\/1115"}],"wp:attachment":[{"href":"https:\/\/www.uni.lu\/de\/wp-json\/wp\/v2\/media?parent=1114"}],"wp:term":[{"taxonomy":"news-category","embeddable":true,"href":"https:\/\/www.uni.lu\/de\/wp-json\/wp\/v2\/news-category?post=1114"},{"taxonomy":"news-topic","embeddable":true,"href":"https:\/\/www.uni.lu\/de\/wp-json\/wp\/v2\/news-topic?post=1114"},{"taxonomy":"organisation","embeddable":true,"href":"https:\/\/www.uni.lu\/de\/wp-json\/wp\/v2\/organisation?post=1114"}],"curies":[{"name":"wp","href":"https:\/\/api.w.org\/{rel}","templated":true}]}}