{"id":1055,"date":"2022-10-13T11:24:32","date_gmt":"2022-10-13T11:24:32","guid":{"rendered":"https:\/\/website.prod.unilu.spikeseed.cloud\/de\/news\/interdisziplinaeres-kompetenzzentrum-der-unigr-an-uni-lu-verankert\/"},"modified":"2022-10-13T11:24:32","modified_gmt":"2022-10-13T11:24:32","slug":"interdisziplinaeres-kompetenzzentrum-der-unigr-an-uni-lu-verankert","status":"publish","type":"news","link":"https:\/\/www.uni.lu\/de\/news\/interdisziplinaeres-kompetenzzentrum-der-unigr-an-uni-lu-verankert\/","title":{"rendered":"Interdisziplin\u00e4res Kompetenzzentrum der UniGR an Uni.lu verankert"},"content":{"rendered":"<section class=\"wp-block-unilux-blocks-free-section section\"><div class=\"container xl:max-w-screen-xl\"><p>Die Universit\u00e4t der Gro\u00dfregion (UniGR) hat das erste interdisziplin\u00e4re Kompetenzzentrum f\u00fcr Grenzraumforschung eingerichtet. Es ist eine grenz\u00fcberschreitende Struktur mit Grenzforscherinnen und Grenzforschern aus Deutschland, Frankreich, Belgien und Luxemburg, die am Fachbereich f\u00fcr Geographie und Raumplanung der Universit\u00e4t Luxemburg koordiniert wird.<\/p><p>Die Einrichtung von interdisziplin\u00e4ren Kompetenzzentren ist ein wichtiger Baustein der Entwicklungsstrategie der Rektoren und Pr\u00e4sidenten der UniGR-Partneruniversit\u00e4ten. \u00dcber die B\u00fcndelung von ausgew\u00e4hlten Expertisen der sechs Hochschulstandorte wollen sie die grenz\u00fcberschreitende Forschungskooperation st\u00e4rken und die Gro\u00dfregion zu einem Wissenschaftsstandort der Spitzenklasse machen.<\/p><p>Das neue interdisziplin\u00e4re Kompetenzzentrum \u201eUniGR-Center for Border Studies\u201d ist in Forschung und Lehre (<a href=\"https:\/\/wwwde.uni.lu\/formations\/fhse\/master_in_border_studies\" target=\"_blank\" title=\"\" rel=\"noopener\">Master in Border Studies<\/a>) sowie an der Schnittstelle zu Politik und Gesellschaft aktiv. Gerade in Zeiten von Krieg und Krisen, die das aktuelle Wiedererstarken von sozialen und territorialen Grenzen zur Konsequenz haben, ist die Grenzforschung als aufstrebendes Wissenschaftsfeld besonders nachgefragt. Der Entwicklungsplan des UniGR-CBS f\u00fcr die n\u00e4chsten f\u00fcnf Jahre baut auf gefestigten Kooperationsroutinen zwischen den Grenzforschern der Gro\u00dfregion und auf soliden Vorarbeiten auf. Dazu z\u00e4hlt vor allem ein <a href=\"http:\/\/cbs.uni-gr.eu\/de\/news\/etudes-sur-les-frontieres-en-grande-region-retour-sur-45-annees-de-cooperation-de-projet\" target=\"_blank\" title=\"\" rel=\"noopener\">EU-gef\u00f6rdertes Interreg VA Gro\u00dfregion-Projekt<\/a>, das zwischen 2018 und 2022 die Grundlage f\u00fcr das interdisziplin\u00e4re Kompetenzzentrum gelegt hat.<\/p><p>Aktuelle Veranstaltungen des <a href=\"http:\/\/cbs.uni-gr.eu\/index.php\/en\" target=\"_blank\" title=\"\" rel=\"noopener\">UniGR-Center for Border Studies<\/a>:<\/p><ul class=\"ulux-list\"><li class=\"ulux-list-item\">\u00d6ffentliche Online-Vortragsreihe Oktober-Dezember 2022 \u201eBorder Realities: Transformation of the border and new conceptual challenges\u201c<\/li><li class=\"ulux-list-item\">Forum Gro\u00dfregion (24\/11\/2022) \u201eWie beteiligen sich junge Menschen an der Entwicklung der grenz\u00fcberschreitenden Region?\u201c<\/li><li class=\"ulux-list-item\">Konferenz (15.-16.\/12\/2022) \u201eBorders in Flux and Border Temporalities in and beyond Europe\u201d in Zusammenarbeit mit internationalen Partnern<\/li><\/ul><\/div><\/section>","protected":false},"excerpt":{"rendered":"<p>Die Universit\u00e4t der Gro\u00dfregion (UniGR) hat das erste interdisziplin\u00e4re Kompetenzzentrum f\u00fcr Grenzraumforschung eingerichtet. Es ist eine grenz\u00fcberschreitende Struktur mit Grenzforscherinnen und Grenzforschern aus Deutschland, Frankreich, Belgien und Luxemburg, die am Fachbereich f\u00fcr Geographie und Raumplanung der Universit\u00e4t Luxemburg koordiniert wird.<\/p>\n","protected":false},"author":0,"featured_media":1056,"template":"","format":"standard","meta":{"featured_image_focal_point":[],"show_featured_caption":false,"ulux_newsletter_groups":"","uluxPostTitle":"","uluxPrePostTitle":"","_trash_the_other_posts":false,"_price":"","_stock":"","_tribe_ticket_header":"","_tribe_default_ticket_provider":"","_tribe_ticket_capacity":"0","_ticket_start_date":"","_ticket_end_date":"","_tribe_ticket_show_description":"","_tribe_ticket_show_not_going":false,"_tribe_ticket_use_global_stock":"","_tribe_ticket_global_stock_level":"","_global_stock_mode":"","_global_stock_cap":"","_tribe_rsvp_for_event":"","_tribe_ticket_going_count":"","_tribe_ticket_not_going_count":"","_tribe_tickets_list":"[]","_tribe_ticket_has_attendee_info_fields":false},"news-category":[4,3],"news-topic":[15],"organisation":[149,147,226],"authorship":[],"acf":[],"yoast_head":"<!-- This site is optimized with the Yoast SEO Premium plugin v22.3 (Yoast SEO v22.3) - https:\/\/yoast.com\/wordpress\/plugins\/seo\/ -->\n<title>Interdisziplin\u00e4res Kompetenzzentrum der UniGR an Uni.lu verankert - Universit\u00e4t Luxemburg<\/title>\n<meta name=\"description\" content=\"Die Universit\u00e4t der Gro\u00dfregion (UniGR) hat das erste interdisziplin\u00e4re Kompetenzzentrum f\u00fcr Grenzraumforschung eingerichtet. Es ist eine grenz\u00fcberschreitende Struktur mit Grenzforscherinnen und Grenzforschern aus Deutschland, Frankreich, Belgien und Luxemburg, die am Fachbereich f\u00fcr Geographie und Raumplanung der Universit\u00e4t Luxemburg koordiniert wird.\" \/>\n<meta name=\"robots\" content=\"index, follow, max-snippet:-1, max-image-preview:large, max-video-preview:-1\" \/>\n<link rel=\"canonical\" href=\"https:\/\/www.uni.lu\/de\/news\/interdisziplinaeres-kompetenzzentrum-der-unigr-an-uni-lu-verankert\/\" \/>\n<meta property=\"og:locale\" content=\"de_DE\" \/>\n<meta property=\"og:type\" content=\"article\" \/>\n<meta property=\"og:title\" content=\"Interdisziplin\u00e4res Kompetenzzentrum der UniGR an Uni.lu verankert\" \/>\n<meta property=\"og:description\" content=\"Die Universit\u00e4t der Gro\u00dfregion (UniGR) hat das erste interdisziplin\u00e4re Kompetenzzentrum f\u00fcr Grenzraumforschung eingerichtet. Es ist eine grenz\u00fcberschreitende Struktur mit Grenzforscherinnen und Grenzforschern aus Deutschland, Frankreich, Belgien und Luxemburg, die am Fachbereich f\u00fcr Geographie und Raumplanung der Universit\u00e4t Luxemburg koordiniert wird.\" \/>\n<meta property=\"og:url\" content=\"https:\/\/www.uni.lu\/de\/news\/interdisziplinaeres-kompetenzzentrum-der-unigr-an-uni-lu-verankert\/\" \/>\n<meta property=\"og:site_name\" content=\"UNI DE\" \/>\n<meta property=\"article:publisher\" content=\"https:\/\/www.facebook.com\/uni.lu\" \/>\n<meta property=\"og:image\" content=\"https:\/\/www.uni.lu\/wp-content\/uploads\/sites\/10\/2022\/10\/interdisciplinary_unigr_centre_of_expertise_anchored_at_uni_lu.jpg\" \/>\n\t<meta property=\"og:image:width\" content=\"800\" \/>\n\t<meta property=\"og:image:height\" content=\"600\" \/>\n\t<meta property=\"og:image:type\" content=\"image\/jpeg\" \/>\n<meta name=\"twitter:card\" content=\"summary_large_image\" \/>\n<meta name=\"twitter:label1\" content=\"Gesch\u00e4tzte Lesezeit\" \/>\n\t<meta name=\"twitter:data1\" content=\"1 Minute\" \/>\n<script type=\"application\/ld+json\" class=\"yoast-schema-graph\">{\"@context\":\"https:\/\/schema.org\",\"@graph\":[{\"@type\":\"NewsArticle\",\"@id\":\"https:\/\/www.uni.lu\/de\/news\/interdisziplinaeres-kompetenzzentrum-der-unigr-an-uni-lu-verankert\/#article\",\"isPartOf\":{\"@id\":\"https:\/\/www.uni.lu\/de\/news\/interdisziplinaeres-kompetenzzentrum-der-unigr-an-uni-lu-verankert\/\"},\"author\":{\"name\":\"\",\"@id\":\"\"},\"headline\":\"Interdisziplin\u00e4res Kompetenzzentrum der UniGR an Uni.lu verankert\",\"datePublished\":\"2022-10-13T11:24:32+00:00\",\"dateModified\":\"2022-10-13T11:24:32+00:00\",\"mainEntityOfPage\":{\"@id\":\"https:\/\/www.uni.lu\/de\/news\/interdisziplinaeres-kompetenzzentrum-der-unigr-an-uni-lu-verankert\/\"},\"wordCount\":263,\"publisher\":{\"@id\":\"https:\/\/www.uni.lu\/de\/#organization\"},\"image\":{\"@id\":\"https:\/\/www.uni.lu\/de\/news\/interdisziplinaeres-kompetenzzentrum-der-unigr-an-uni-lu-verankert\/#primaryimage\"},\"thumbnailUrl\":\"https:\/\/www.uni.lu\/wp-content\/uploads\/sites\/10\/2022\/10\/interdisciplinary_unigr_centre_of_expertise_anchored_at_uni_lu.jpg\",\"inLanguage\":\"de-DE\"},{\"@type\":\"WebPage\",\"@id\":\"https:\/\/www.uni.lu\/de\/news\/interdisziplinaeres-kompetenzzentrum-der-unigr-an-uni-lu-verankert\/\",\"url\":\"https:\/\/www.uni.lu\/de\/news\/interdisziplinaeres-kompetenzzentrum-der-unigr-an-uni-lu-verankert\/\",\"name\":\"Interdisziplin\u00e4res Kompetenzzentrum der UniGR an Uni.lu verankert - Universit\u00e4t Luxemburg\",\"isPartOf\":{\"@id\":\"https:\/\/www.uni.lu\/de\/#website\"},\"primaryImageOfPage\":{\"@id\":\"https:\/\/www.uni.lu\/de\/news\/interdisziplinaeres-kompetenzzentrum-der-unigr-an-uni-lu-verankert\/#primaryimage\"},\"image\":{\"@id\":\"https:\/\/www.uni.lu\/de\/news\/interdisziplinaeres-kompetenzzentrum-der-unigr-an-uni-lu-verankert\/#primaryimage\"},\"thumbnailUrl\":\"https:\/\/www.uni.lu\/wp-content\/uploads\/sites\/10\/2022\/10\/interdisciplinary_unigr_centre_of_expertise_anchored_at_uni_lu.jpg\",\"datePublished\":\"2022-10-13T11:24:32+00:00\",\"dateModified\":\"2022-10-13T11:24:32+00:00\",\"description\":\"Die Universit\u00e4t der Gro\u00dfregion (UniGR) hat das erste interdisziplin\u00e4re Kompetenzzentrum f\u00fcr Grenzraumforschung eingerichtet. Es ist eine grenz\u00fcberschreitende Struktur mit Grenzforscherinnen und Grenzforschern aus Deutschland, Frankreich, Belgien und Luxemburg, die am Fachbereich f\u00fcr Geographie und Raumplanung der Universit\u00e4t Luxemburg koordiniert wird.\",\"breadcrumb\":{\"@id\":\"https:\/\/www.uni.lu\/de\/news\/interdisziplinaeres-kompetenzzentrum-der-unigr-an-uni-lu-verankert\/#breadcrumb\"},\"inLanguage\":\"de-DE\",\"potentialAction\":[{\"@type\":\"ReadAction\",\"target\":[\"https:\/\/www.uni.lu\/de\/news\/interdisziplinaeres-kompetenzzentrum-der-unigr-an-uni-lu-verankert\/\"]}]},{\"@type\":\"ImageObject\",\"inLanguage\":\"de-DE\",\"@id\":\"https:\/\/www.uni.lu\/de\/news\/interdisziplinaeres-kompetenzzentrum-der-unigr-an-uni-lu-verankert\/#primaryimage\",\"url\":\"https:\/\/www.uni.lu\/wp-content\/uploads\/sites\/10\/2022\/10\/interdisciplinary_unigr_centre_of_expertise_anchored_at_uni_lu.jpg\",\"contentUrl\":\"https:\/\/www.uni.lu\/wp-content\/uploads\/sites\/10\/2022\/10\/interdisciplinary_unigr_centre_of_expertise_anchored_at_uni_lu.jpg\",\"width\":800,\"height\":600},{\"@type\":\"BreadcrumbList\",\"@id\":\"https:\/\/www.uni.lu\/de\/news\/interdisziplinaeres-kompetenzzentrum-der-unigr-an-uni-lu-verankert\/#breadcrumb\",\"itemListElement\":[{\"@type\":\"ListItem\",\"position\":1,\"name\":\"Home\",\"item\":\"https:\/\/www.uni.lu\/de\/\"},{\"@type\":\"ListItem\",\"position\":2,\"name\":\"News\",\"item\":\"https:\/\/www.uni.lu\/de\/news\/\"},{\"@type\":\"ListItem\",\"position\":3,\"name\":\"Interdisziplin\u00e4res Kompetenzzentrum der UniGR an Uni.lu verankert\"}]},{\"@type\":\"WebSite\",\"@id\":\"https:\/\/www.uni.lu\/de\/#website\",\"url\":\"https:\/\/www.uni.lu\/de\/\",\"name\":\"Uni.lu\",\"description\":\"Universit\u00e4t Luxemburg\",\"publisher\":{\"@id\":\"https:\/\/www.uni.lu\/de\/#organization\"},\"alternateName\":\"Universit\u00e4t Luxemburg\",\"potentialAction\":[{\"@type\":\"SearchAction\",\"target\":{\"@type\":\"EntryPoint\",\"urlTemplate\":\"https:\/\/www.uni.lu\/de\/?s={search_term_string}\"},\"query-input\":\"required name=search_term_string\"}],\"inLanguage\":\"de-DE\"},{\"@type\":\"Organization\",\"@id\":\"https:\/\/www.uni.lu\/de\/#organization\",\"name\":\"Universit\u00e4t Luxemburg\",\"alternateName\":\"Uni.lu\",\"url\":\"https:\/\/www.uni.lu\/de\/\",\"logo\":{\"@type\":\"ImageObject\",\"inLanguage\":\"de-DE\",\"@id\":\"https:\/\/www.uni.lu\/de\/#\/schema\/logo\/image\/\",\"url\":\"https:\/\/www.uni.lu\/wp-content\/uploads\/sites\/10\/2026\/03\/03120000\/UNIV_SM-Profile_1600x1600px-scaled.jpg\",\"contentUrl\":\"https:\/\/www.uni.lu\/wp-content\/uploads\/sites\/10\/2026\/03\/03120000\/UNIV_SM-Profile_1600x1600px-scaled.jpg\",\"width\":2560,\"height\":2560,\"caption\":\"Universit\u00e4t Luxemburg\"},\"image\":\"https:\/\/www.uni.lu\/wp-content\/uploads\/sites\/10\/2026\/04\/24144329\/20200609-Belval-Campus_Henri-Goergen-23.jpg\",\"sameAs\":[\"https:\/\/www.facebook.com\/uni.lu\",\"https:\/\/www.linkedin.com\/school\/university-of-luxembourg\/\",\"https:\/\/www.instagram.com\/uni.lu\",\"https:\/\/www.youtube.com\/@uni_lu\",\"https:\/\/en.wikipedia.org\/wiki\/University_of_Luxembourg\"],\"email\":\"communication@uni.lu\",\"telephone\":\"+3524666441\",\"address\":{\"@type\":\"PostalAddress\",\"streetAddress\":\"2, place de l\u2019Universit\u00e9\",\"addressLocality\":\"Esch-sur-Alzette\",\"postalCode\":\"4365\",\"addressCountry\":\"LU\"},\"description\":\"Universit\u00e4t Luxemburg\"}]}<\/script>\n<!-- \/ Yoast SEO Premium plugin. -->","yoast_head_json":{"title":"Interdisziplin\u00e4res Kompetenzzentrum der UniGR an Uni.lu verankert - Universit\u00e4t Luxemburg","description":"Die Universit\u00e4t der Gro\u00dfregion (UniGR) hat das erste interdisziplin\u00e4re Kompetenzzentrum f\u00fcr Grenzraumforschung eingerichtet. Es ist eine grenz\u00fcberschreitende Struktur mit Grenzforscherinnen und Grenzforschern aus Deutschland, Frankreich, Belgien und Luxemburg, die am Fachbereich f\u00fcr Geographie und Raumplanung der Universit\u00e4t Luxemburg koordiniert wird.","robots":{"index":"index","follow":"follow","max-snippet":"max-snippet:-1","max-image-preview":"max-image-preview:large","max-video-preview":"max-video-preview:-1"},"canonical":"https:\/\/www.uni.lu\/de\/news\/interdisziplinaeres-kompetenzzentrum-der-unigr-an-uni-lu-verankert\/","og_locale":"de_DE","og_type":"article","og_title":"Interdisziplin\u00e4res Kompetenzzentrum der UniGR an Uni.lu verankert","og_description":"Die Universit\u00e4t der Gro\u00dfregion (UniGR) hat das erste interdisziplin\u00e4re Kompetenzzentrum f\u00fcr Grenzraumforschung eingerichtet. Es ist eine grenz\u00fcberschreitende Struktur mit Grenzforscherinnen und Grenzforschern aus Deutschland, Frankreich, Belgien und Luxemburg, die am Fachbereich f\u00fcr Geographie und Raumplanung der Universit\u00e4t Luxemburg koordiniert wird.","og_url":"https:\/\/www.uni.lu\/de\/news\/interdisziplinaeres-kompetenzzentrum-der-unigr-an-uni-lu-verankert\/","og_site_name":"UNI DE","article_publisher":"https:\/\/www.facebook.com\/uni.lu","og_image":[{"width":800,"height":600,"url":"https:\/\/www.uni.lu\/wp-content\/uploads\/sites\/10\/2022\/10\/interdisciplinary_unigr_centre_of_expertise_anchored_at_uni_lu.jpg","type":"image\/jpeg"}],"twitter_card":"summary_large_image","twitter_misc":{"Gesch\u00e4tzte Lesezeit":"1 Minute"},"schema":{"@context":"https:\/\/schema.org","@graph":[{"@type":"NewsArticle","@id":"https:\/\/www.uni.lu\/de\/news\/interdisziplinaeres-kompetenzzentrum-der-unigr-an-uni-lu-verankert\/#article","isPartOf":{"@id":"https:\/\/www.uni.lu\/de\/news\/interdisziplinaeres-kompetenzzentrum-der-unigr-an-uni-lu-verankert\/"},"author":{"name":"","@id":""},"headline":"Interdisziplin\u00e4res Kompetenzzentrum der UniGR an Uni.lu verankert","datePublished":"2022-10-13T11:24:32+00:00","dateModified":"2022-10-13T11:24:32+00:00","mainEntityOfPage":{"@id":"https:\/\/www.uni.lu\/de\/news\/interdisziplinaeres-kompetenzzentrum-der-unigr-an-uni-lu-verankert\/"},"wordCount":263,"publisher":{"@id":"https:\/\/www.uni.lu\/de\/#organization"},"image":{"@id":"https:\/\/www.uni.lu\/de\/news\/interdisziplinaeres-kompetenzzentrum-der-unigr-an-uni-lu-verankert\/#primaryimage"},"thumbnailUrl":"https:\/\/www.uni.lu\/wp-content\/uploads\/sites\/10\/2022\/10\/interdisciplinary_unigr_centre_of_expertise_anchored_at_uni_lu.jpg","inLanguage":"de-DE"},{"@type":"WebPage","@id":"https:\/\/www.uni.lu\/de\/news\/interdisziplinaeres-kompetenzzentrum-der-unigr-an-uni-lu-verankert\/","url":"https:\/\/www.uni.lu\/de\/news\/interdisziplinaeres-kompetenzzentrum-der-unigr-an-uni-lu-verankert\/","name":"Interdisziplin\u00e4res Kompetenzzentrum der UniGR an Uni.lu verankert - Universit\u00e4t Luxemburg","isPartOf":{"@id":"https:\/\/www.uni.lu\/de\/#website"},"primaryImageOfPage":{"@id":"https:\/\/www.uni.lu\/de\/news\/interdisziplinaeres-kompetenzzentrum-der-unigr-an-uni-lu-verankert\/#primaryimage"},"image":{"@id":"https:\/\/www.uni.lu\/de\/news\/interdisziplinaeres-kompetenzzentrum-der-unigr-an-uni-lu-verankert\/#primaryimage"},"thumbnailUrl":"https:\/\/www.uni.lu\/wp-content\/uploads\/sites\/10\/2022\/10\/interdisciplinary_unigr_centre_of_expertise_anchored_at_uni_lu.jpg","datePublished":"2022-10-13T11:24:32+00:00","dateModified":"2022-10-13T11:24:32+00:00","description":"Die Universit\u00e4t der Gro\u00dfregion (UniGR) hat das erste interdisziplin\u00e4re Kompetenzzentrum f\u00fcr Grenzraumforschung eingerichtet. Es ist eine grenz\u00fcberschreitende Struktur mit Grenzforscherinnen und Grenzforschern aus Deutschland, Frankreich, Belgien und Luxemburg, die am Fachbereich f\u00fcr Geographie und Raumplanung der Universit\u00e4t Luxemburg koordiniert wird.","breadcrumb":{"@id":"https:\/\/www.uni.lu\/de\/news\/interdisziplinaeres-kompetenzzentrum-der-unigr-an-uni-lu-verankert\/#breadcrumb"},"inLanguage":"de-DE","potentialAction":[{"@type":"ReadAction","target":["https:\/\/www.uni.lu\/de\/news\/interdisziplinaeres-kompetenzzentrum-der-unigr-an-uni-lu-verankert\/"]}]},{"@type":"ImageObject","inLanguage":"de-DE","@id":"https:\/\/www.uni.lu\/de\/news\/interdisziplinaeres-kompetenzzentrum-der-unigr-an-uni-lu-verankert\/#primaryimage","url":"https:\/\/www.uni.lu\/wp-content\/uploads\/sites\/10\/2022\/10\/interdisciplinary_unigr_centre_of_expertise_anchored_at_uni_lu.jpg","contentUrl":"https:\/\/www.uni.lu\/wp-content\/uploads\/sites\/10\/2022\/10\/interdisciplinary_unigr_centre_of_expertise_anchored_at_uni_lu.jpg","width":800,"height":600},{"@type":"BreadcrumbList","@id":"https:\/\/www.uni.lu\/de\/news\/interdisziplinaeres-kompetenzzentrum-der-unigr-an-uni-lu-verankert\/#breadcrumb","itemListElement":[{"@type":"ListItem","position":1,"name":"Home","item":"https:\/\/www.uni.lu\/de\/"},{"@type":"ListItem","position":2,"name":"News","item":"https:\/\/www.uni.lu\/de\/news\/"},{"@type":"ListItem","position":3,"name":"Interdisziplin\u00e4res Kompetenzzentrum der UniGR an Uni.lu verankert"}]},{"@type":"WebSite","@id":"https:\/\/www.uni.lu\/de\/#website","url":"https:\/\/www.uni.lu\/de\/","name":"Uni.lu","description":"Universit\u00e4t Luxemburg","publisher":{"@id":"https:\/\/www.uni.lu\/de\/#organization"},"alternateName":"Universit\u00e4t Luxemburg","potentialAction":[{"@type":"SearchAction","target":{"@type":"EntryPoint","urlTemplate":"https:\/\/www.uni.lu\/de\/?s={search_term_string}"},"query-input":"required name=search_term_string"}],"inLanguage":"de-DE"},{"@type":"Organization","@id":"https:\/\/www.uni.lu\/de\/#organization","name":"Universit\u00e4t Luxemburg","alternateName":"Uni.lu","url":"https:\/\/www.uni.lu\/de\/","logo":{"@type":"ImageObject","inLanguage":"de-DE","@id":"https:\/\/www.uni.lu\/de\/#\/schema\/logo\/image\/","url":"https:\/\/www.uni.lu\/wp-content\/uploads\/sites\/10\/2026\/03\/03120000\/UNIV_SM-Profile_1600x1600px-scaled.jpg","contentUrl":"https:\/\/www.uni.lu\/wp-content\/uploads\/sites\/10\/2026\/03\/03120000\/UNIV_SM-Profile_1600x1600px-scaled.jpg","width":2560,"height":2560,"caption":"Universit\u00e4t Luxemburg"},"image":"https:\/\/www.uni.lu\/wp-content\/uploads\/sites\/10\/2026\/04\/24144329\/20200609-Belval-Campus_Henri-Goergen-23.jpg","sameAs":["https:\/\/www.facebook.com\/uni.lu","https:\/\/www.linkedin.com\/school\/university-of-luxembourg\/","https:\/\/www.instagram.com\/uni.lu","https:\/\/www.youtube.com\/@uni_lu","https:\/\/en.wikipedia.org\/wiki\/University_of_Luxembourg"],"email":"communication@uni.lu","telephone":"+3524666441","address":{"@type":"PostalAddress","streetAddress":"2, place de l\u2019Universit\u00e9","addressLocality":"Esch-sur-Alzette","postalCode":"4365","addressCountry":"LU"},"description":"Universit\u00e4t Luxemburg"}]}},"blog_id":10,"_links":{"self":[{"href":"https:\/\/www.uni.lu\/de\/wp-json\/wp\/v2\/news\/1055"}],"collection":[{"href":"https:\/\/www.uni.lu\/de\/wp-json\/wp\/v2\/news"}],"about":[{"href":"https:\/\/www.uni.lu\/de\/wp-json\/wp\/v2\/types\/news"}],"version-history":[{"count":0,"href":"https:\/\/www.uni.lu\/de\/wp-json\/wp\/v2\/news\/1055\/revisions"}],"wp:featuredmedia":[{"embeddable":true,"href":"https:\/\/www.uni.lu\/de\/wp-json\/wp\/v2\/media\/1056"}],"wp:attachment":[{"href":"https:\/\/www.uni.lu\/de\/wp-json\/wp\/v2\/media?parent=1055"}],"wp:term":[{"taxonomy":"news-category","embeddable":true,"href":"https:\/\/www.uni.lu\/de\/wp-json\/wp\/v2\/news-category?post=1055"},{"taxonomy":"news-topic","embeddable":true,"href":"https:\/\/www.uni.lu\/de\/wp-json\/wp\/v2\/news-topic?post=1055"},{"taxonomy":"organisation","embeddable":true,"href":"https:\/\/www.uni.lu\/de\/wp-json\/wp\/v2\/organisation?post=1055"}],"curies":[{"name":"wp","href":"https:\/\/api.w.org\/{rel}","templated":true}]}}