{"id":1942,"date":"2025-09-04T13:54:32","date_gmt":"2025-09-04T11:54:32","guid":{"rendered":"https:\/\/www.uni.lu\/c2dh-fr\/?post_type=news&#038;p=1942"},"modified":"2025-09-04T13:54:32","modified_gmt":"2025-09-04T11:54:32","slug":"ecrire-l-histoire-gestes-et-experiences-a-l-ere-numerique","status":"publish","type":"news","link":"https:\/\/www.uni.lu\/c2dh-fr\/news\/ecrire-l-histoire-gestes-et-experiences-a-l-ere-numerique\/","title":{"rendered":"\u00c9crire l&rsquo;histoire. Gestes et exp\u00e9riences \u00e0 l&rsquo;\u00e8re num\u00e9rique"},"content":{"rendered":"\n<section class=\"wp-block-unilux-blocks-free-section section\"><div class=\"container xl:max-w-screen-xl\">\n<p><strong>Ouvrage sign\u00e9 Caroline Muller et Fr\u00e9d\u00e9ric Clavert, publi\u00e9 aux \u00e9ditions Armand Colin.<\/strong><\/p>\n\n\n\n<p>Qu\u2019est-ce que faire de l\u2019histoire aujourd\u2019hui \u00a0? Que trouvons-nous dans les coulisses de la recherche et dans les ateliers des historiens et des historiennes dans un monde dans lequel les sources, c\u0153ur vibrant du m\u00e9tier, se d\u00e9couvrent et se lisent de plus en plus sur un \u00e9cran \u00a0? Ce livre propose de suivre tous ces gestes et exp\u00e9riences qui composent le quotidien du travail de l\u2019histoire aujourd\u2019hui, que ce soit la fa\u00e7on de poser des questions, le choix des fonds d\u2019archives, l\u2019\u00e9criture et la diffusion du savoir.<\/p>\n\n\n\n<p>L\u2019\u00e8re num\u00e9rique touche aux piliers d\u2019une m\u00e9thode jusque-l\u00e0 consid\u00e9r\u00e9e comme in\u00e9branlable : face \u00e0 cette transformation toujours en cours sous l\u2019effet de nouvelles technologies comme l\u2019intelligence artificielle g\u00e9n\u00e9rative, ce livre ouvre une fen\u00eatre sur une pratique en pleine \u00e9volution et invite tous les lecteurs \u00e0 entrer dans les coulisses de l\u2019\u00e9criture de l\u2019histoire, que l\u2019on soit historien, \u00e9tudiant ou tout simplement int\u00e9ress\u00e9 par les mutations du savoir \u00e0 l\u2019\u00e8re num\u00e9rique.<\/p>\n\n\n\n<p><strong>Les auteurs:<\/strong><\/p>\n\n\n\n<p>Caroline Muller est ma\u00eetre de conf\u00e9rences en histoire contemporaine \u00e0 l&rsquo;universit\u00e9 Rennes 2.<\/p>\n\n\n\n<p><a href=\"https:\/\/www.uni.lu\/c2dh-en\/people\/frederic-clavert\/\">Fr\u00e9d\u00e9ric Clavert<\/a> est professeur assistant en histoire europ\u00e9enne contemporaine \u00e0 l&rsquo;universit\u00e9 du Luxembourg.<\/p>\n\n\n<div class=\"wp-block-unilux-blocks-spacer is-spacer-size-sm\"><\/div>\n\n<figure class=\"wp-block-dev4-reusable-blocks-image  object-fit--contain\">\n    \n<img decoding=\"async\" class=\"wp-block-image unilux-custom-image-block\"\n                alt=\"\u00c9crire l&#039;histoire. Gestes et exp\u00e9riences \u00e0 l&#039;\u00e8re num\u00e9rique\"\n            src=\"https:\/\/www.uni.lu\/wp-content\/uploads\/sites\/24\/2025\/09\/04135205\/Ecrire-l-histoire-couverture-web.jpg\"\n                srcset=\"https:\/\/www.uni.lu\/wp-content\/uploads\/sites\/24\/2025\/09\/04135205\/Ecrire-l-histoire-couverture-web-197x300.jpg 197w, https:\/\/www.uni.lu\/wp-content\/uploads\/sites\/24\/2025\/09\/04135205\/Ecrire-l-histoire-couverture-web-672x1024.jpg 672w, https:\/\/www.uni.lu\/wp-content\/uploads\/sites\/24\/2025\/09\/04135205\/Ecrire-l-histoire-couverture-web-768x1170.jpg 768w, https:\/\/www.uni.lu\/wp-content\/uploads\/sites\/24\/2025\/09\/04135205\/Ecrire-l-histoire-couverture-web.jpg 788w\"\n                style=\"object-position: 50.00% 50.00%; font-family: &quot;object-fit: contain; object-position: 50.00% 50.00%;&quot;; aspect-ratio: 3\/4; object-fit: contain; width: 75%;\"\n        loading=\"lazy\"\n\/>    <\/figure><\/div><\/section>\n","protected":false},"excerpt":{"rendered":"<p>Publication de l&rsquo;ouvrage \u00ab\u00a0Ecrire l&rsquo;histoire. Gestes et exp\u00e9riences \u00e0 l&rsquo;\u00e8re num\u00e9rique\u00a0\u00bb.<\/p>\n","protected":false},"author":57,"featured_media":1943,"template":"","format":"standard","meta":{"featured_image_focal_point":{"x":0.65,"y":0.61},"show_featured_caption":false,"ulux_newsletter_groups":"","uluxPostTitle":"","uluxPrePostTitle":"","_trash_the_other_posts":false,"_price":"","_stock":"","_tribe_ticket_header":"","_tribe_default_ticket_provider":"","_tribe_ticket_capacity":"0","_ticket_start_date":"","_ticket_end_date":"","_tribe_ticket_show_description":"","_tribe_ticket_show_not_going":false,"_tribe_ticket_use_global_stock":"","_tribe_ticket_global_stock_level":"","_global_stock_mode":"","_global_stock_cap":"","_tribe_rsvp_for_event":"","_tribe_ticket_going_count":"","_tribe_ticket_not_going_count":"","_tribe_tickets_list":"[]","_tribe_ticket_has_attendee_info_fields":false},"news-category":[],"news-topic":[16],"organisation":[541,540],"authorship":[57],"acf":[],"yoast_head":"<!-- This site is optimized with the Yoast SEO Premium plugin v22.3 (Yoast SEO v22.3) - https:\/\/yoast.com\/wordpress\/plugins\/seo\/ -->\n<title>\u00c9crire l&#039;histoire. Gestes et exp\u00e9riences \u00e0 l&#039;\u00e8re num\u00e9rique - C\u00b2DH actualit\u00e9s I Universit\u00e9 du Luxembourg<\/title>\n<meta name=\"description\" content=\"Publication de l&#039;ouvrage &quot;Ecrire l&#039;histoire. Gestes et exp\u00e9riences \u00e0 l&#039;\u00e8re num\u00e9rique&quot;.\" \/>\n<meta name=\"robots\" content=\"index, follow, max-snippet:-1, max-image-preview:large, max-video-preview:-1\" \/>\n<link rel=\"canonical\" href=\"https:\/\/www.uni.lu\/c2dh-fr\/news\/ecrire-l-histoire-gestes-et-experiences-a-l-ere-numerique\/\" \/>\n<meta property=\"og:locale\" content=\"fr_FR\" \/>\n<meta property=\"og:type\" content=\"article\" \/>\n<meta property=\"og:title\" content=\"\u00c9crire l&#039;histoire. Gestes et exp\u00e9riences \u00e0 l&#039;\u00e8re num\u00e9rique\" \/>\n<meta property=\"og:description\" content=\"Publication de l&#039;ouvrage &quot;Ecrire l&#039;histoire. Gestes et exp\u00e9riences \u00e0 l&#039;\u00e8re num\u00e9rique&quot;.\" \/>\n<meta property=\"og:url\" content=\"https:\/\/www.uni.lu\/c2dh-fr\/news\/ecrire-l-histoire-gestes-et-experiences-a-l-ere-numerique\/\" \/>\n<meta property=\"og:site_name\" content=\"C2DH FR\" \/>\n<meta property=\"article:publisher\" content=\"https:\/\/www.facebook.com\/c2dh.lu\" \/>\n<meta property=\"og:image\" content=\"https:\/\/www.uni.lu\/wp-content\/uploads\/sites\/24\/2025\/09\/04135134\/Ecrire-l-histoire-couverture-4_3.jpg\" \/>\n\t<meta property=\"og:image:width\" content=\"1500\" \/>\n\t<meta property=\"og:image:height\" content=\"1125\" \/>\n\t<meta property=\"og:image:type\" content=\"image\/jpeg\" \/>\n<meta name=\"twitter:card\" content=\"summary_large_image\" \/>\n<meta name=\"twitter:label1\" content=\"Dur\u00e9e de lecture estim\u00e9e\" \/>\n\t<meta name=\"twitter:data1\" content=\"2 minutes\" \/>\n<script type=\"application\/ld+json\" class=\"yoast-schema-graph\">{\"@context\":\"https:\/\/schema.org\",\"@graph\":[{\"@type\":\"NewsArticle\",\"@id\":\"https:\/\/www.uni.lu\/c2dh-fr\/news\/ecrire-l-histoire-gestes-et-experiences-a-l-ere-numerique\/#article\",\"isPartOf\":{\"@id\":\"https:\/\/www.uni.lu\/c2dh-fr\/news\/ecrire-l-histoire-gestes-et-experiences-a-l-ere-numerique\/\"},\"author\":{\"name\":\"nschon\",\"@id\":\"https:\/\/www.uni.lu\/c2dh-fr\/#\/schema\/person\/777c01344d3f38547453952b4a0520bc\"},\"headline\":\"\u00c9crire l&rsquo;histoire. Gestes et exp\u00e9riences \u00e0 l&rsquo;\u00e8re num\u00e9rique\",\"datePublished\":\"2025-09-04T11:54:32+00:00\",\"dateModified\":\"2025-09-04T11:54:32+00:00\",\"mainEntityOfPage\":{\"@id\":\"https:\/\/www.uni.lu\/c2dh-fr\/news\/ecrire-l-histoire-gestes-et-experiences-a-l-ere-numerique\/\"},\"wordCount\":238,\"publisher\":{\"@id\":\"https:\/\/www.uni.lu\/c2dh-fr\/#organization\"},\"image\":{\"@id\":\"https:\/\/www.uni.lu\/c2dh-fr\/news\/ecrire-l-histoire-gestes-et-experiences-a-l-ere-numerique\/#primaryimage\"},\"thumbnailUrl\":\"https:\/\/www.uni.lu\/wp-content\/uploads\/sites\/24\/2025\/09\/04135134\/Ecrire-l-histoire-couverture-4_3.jpg\",\"inLanguage\":\"fr-FR\"},{\"@type\":\"WebPage\",\"@id\":\"https:\/\/www.uni.lu\/c2dh-fr\/news\/ecrire-l-histoire-gestes-et-experiences-a-l-ere-numerique\/\",\"url\":\"https:\/\/www.uni.lu\/c2dh-fr\/news\/ecrire-l-histoire-gestes-et-experiences-a-l-ere-numerique\/\",\"name\":\"\u00c9crire l'histoire. Gestes et exp\u00e9riences \u00e0 l'\u00e8re num\u00e9rique - C\u00b2DH actualit\u00e9s I Universit\u00e9 du Luxembourg\",\"isPartOf\":{\"@id\":\"https:\/\/www.uni.lu\/c2dh-fr\/#website\"},\"primaryImageOfPage\":{\"@id\":\"https:\/\/www.uni.lu\/c2dh-fr\/news\/ecrire-l-histoire-gestes-et-experiences-a-l-ere-numerique\/#primaryimage\"},\"image\":{\"@id\":\"https:\/\/www.uni.lu\/c2dh-fr\/news\/ecrire-l-histoire-gestes-et-experiences-a-l-ere-numerique\/#primaryimage\"},\"thumbnailUrl\":\"https:\/\/www.uni.lu\/wp-content\/uploads\/sites\/24\/2025\/09\/04135134\/Ecrire-l-histoire-couverture-4_3.jpg\",\"datePublished\":\"2025-09-04T11:54:32+00:00\",\"dateModified\":\"2025-09-04T11:54:32+00:00\",\"description\":\"Publication de l'ouvrage \\\"Ecrire l'histoire. Gestes et exp\u00e9riences \u00e0 l'\u00e8re num\u00e9rique\\\".\",\"breadcrumb\":{\"@id\":\"https:\/\/www.uni.lu\/c2dh-fr\/news\/ecrire-l-histoire-gestes-et-experiences-a-l-ere-numerique\/#breadcrumb\"},\"inLanguage\":\"fr-FR\",\"potentialAction\":[{\"@type\":\"ReadAction\",\"target\":[\"https:\/\/www.uni.lu\/c2dh-fr\/news\/ecrire-l-histoire-gestes-et-experiences-a-l-ere-numerique\/\"]}]},{\"@type\":\"ImageObject\",\"inLanguage\":\"fr-FR\",\"@id\":\"https:\/\/www.uni.lu\/c2dh-fr\/news\/ecrire-l-histoire-gestes-et-experiences-a-l-ere-numerique\/#primaryimage\",\"url\":\"https:\/\/www.uni.lu\/wp-content\/uploads\/sites\/24\/2025\/09\/04135134\/Ecrire-l-histoire-couverture-4_3.jpg\",\"contentUrl\":\"https:\/\/www.uni.lu\/wp-content\/uploads\/sites\/24\/2025\/09\/04135134\/Ecrire-l-histoire-couverture-4_3.jpg\",\"width\":1500,\"height\":1125,\"caption\":\"\u00c9crire l'histoire. Gestes et exp\u00e9riences \u00e0 l'\u00e8re num\u00e9rique\"},{\"@type\":\"BreadcrumbList\",\"@id\":\"https:\/\/www.uni.lu\/c2dh-fr\/news\/ecrire-l-histoire-gestes-et-experiences-a-l-ere-numerique\/#breadcrumb\",\"itemListElement\":[{\"@type\":\"ListItem\",\"position\":1,\"name\":\"Home\",\"item\":\"https:\/\/www.uni.lu\/fr\"},{\"@type\":\"ListItem\",\"position\":2,\"name\":\"Luxembourg Centre for Contemporary and Digital History (C\u00b2DH)\",\"item\":\"https:\/\/www.uni.lu\/c2dh-fr\/\"},{\"@type\":\"ListItem\",\"position\":3,\"name\":\"News\",\"item\":\"https:\/\/www.uni.lu\/c2dh-fr\/news\/\"},{\"@type\":\"ListItem\",\"position\":4,\"name\":\"\u00c9crire l'histoire. Gestes et exp\u00e9riences \u00e0 l'\u00e8re num\u00e9rique\"}]},{\"@type\":\"WebSite\",\"@id\":\"https:\/\/www.uni.lu\/c2dh-fr\/#website\",\"url\":\"https:\/\/www.uni.lu\/c2dh-fr\/\",\"name\":\"C2DH\",\"description\":\"Luxembourg Centre for Contemporary and Digital History I Uni.lu\",\"publisher\":{\"@id\":\"https:\/\/www.uni.lu\/c2dh-fr\/#organization\"},\"alternateName\":\"Luxembourg Centre for Contemporary and Digital History I Universit\u00e9 du Luxembourg\",\"potentialAction\":[{\"@type\":\"SearchAction\",\"target\":{\"@type\":\"EntryPoint\",\"urlTemplate\":\"https:\/\/www.uni.lu\/c2dh-fr\/?s={search_term_string}\"},\"query-input\":\"required name=search_term_string\"}],\"inLanguage\":\"fr-FR\"},{\"@type\":\"Organization\",\"@id\":\"https:\/\/www.uni.lu\/c2dh-fr\/#organization\",\"name\":\"C\u00b2DH - Universit\u00e9 du Luxembourg I Uni.lu\",\"alternateName\":\"Luxembourg Centre for Contemporary and Digital History\",\"url\":\"https:\/\/www.uni.lu\/c2dh-fr\/\",\"logo\":{\"@type\":\"ImageObject\",\"inLanguage\":\"fr-FR\",\"@id\":\"https:\/\/www.uni.lu\/c2dh-fr\/#\/schema\/logo\/image\/\",\"url\":\"https:\/\/www.uni.lu\/wp-content\/uploads\/sites\/24\/2026\/03\/03113451\/C2DH_SM-Profile_1600x1600px-scaled.jpg\",\"contentUrl\":\"https:\/\/www.uni.lu\/wp-content\/uploads\/sites\/24\/2026\/03\/03113451\/C2DH_SM-Profile_1600x1600px-scaled.jpg\",\"width\":2560,\"height\":2560,\"caption\":\"C\u00b2DH - Universit\u00e9 du Luxembourg I Uni.lu\"},\"image\":\"https:\/\/www.uni.lu\/wp-content\/uploads\/sites\/24\/2026\/04\/24144333\/20200609-Belval-Campus_Henri-Goergen-23.jpg\",\"sameAs\":[\"https:\/\/www.facebook.com\/c2dh.lu\",\"http:\/\/www.instagram.com\/c2dh_lu\",\"http:\/\/www.linkedin.com\/showcase\/c2dh-university-of-luxembourg\"],\"email\":\"communication@uni.lu\",\"telephone\":\"+3524666441\",\"address\":{\"@type\":\"PostalAddress\",\"streetAddress\":\"11, Porte des Sciences\",\"addressLocality\":\"Esch-sur-Alzette\",\"postalCode\":\"4365\",\"addressCountry\":\"LU\"},\"description\":\"Luxembourg Centre for Contemporary and Digital History I Uni.lu\"},{\"@type\":\"Person\",\"@id\":\"https:\/\/www.uni.lu\/c2dh-fr\/#\/schema\/person\/777c01344d3f38547453952b4a0520bc\",\"name\":\"nschon\",\"image\":{\"@type\":\"ImageObject\",\"inLanguage\":\"fr-FR\",\"@id\":\"https:\/\/www.uni.lu\/c2dh-fr\/#\/schema\/person\/image\/\",\"url\":\"https:\/\/secure.gravatar.com\/avatar\/7eeda6835180130c947678523c13686f?s=96&d=mm&r=g\",\"contentUrl\":\"https:\/\/secure.gravatar.com\/avatar\/7eeda6835180130c947678523c13686f?s=96&d=mm&r=g\",\"caption\":\"nschon\"}}]}<\/script>\n<!-- \/ Yoast SEO Premium plugin. -->","yoast_head_json":{"title":"\u00c9crire l'histoire. Gestes et exp\u00e9riences \u00e0 l'\u00e8re num\u00e9rique - C\u00b2DH actualit\u00e9s I Universit\u00e9 du Luxembourg","description":"Publication de l'ouvrage \"Ecrire l'histoire. Gestes et exp\u00e9riences \u00e0 l'\u00e8re num\u00e9rique\".","robots":{"index":"index","follow":"follow","max-snippet":"max-snippet:-1","max-image-preview":"max-image-preview:large","max-video-preview":"max-video-preview:-1"},"canonical":"https:\/\/www.uni.lu\/c2dh-fr\/news\/ecrire-l-histoire-gestes-et-experiences-a-l-ere-numerique\/","og_locale":"fr_FR","og_type":"article","og_title":"\u00c9crire l'histoire. Gestes et exp\u00e9riences \u00e0 l'\u00e8re num\u00e9rique","og_description":"Publication de l'ouvrage \"Ecrire l'histoire. Gestes et exp\u00e9riences \u00e0 l'\u00e8re num\u00e9rique\".","og_url":"https:\/\/www.uni.lu\/c2dh-fr\/news\/ecrire-l-histoire-gestes-et-experiences-a-l-ere-numerique\/","og_site_name":"C2DH FR","article_publisher":"https:\/\/www.facebook.com\/c2dh.lu","og_image":[{"width":1500,"height":1125,"url":"https:\/\/www.uni.lu\/wp-content\/uploads\/sites\/24\/2025\/09\/04135134\/Ecrire-l-histoire-couverture-4_3.jpg","type":"image\/jpeg"}],"twitter_card":"summary_large_image","twitter_misc":{"Dur\u00e9e de lecture estim\u00e9e":"2 minutes"},"schema":{"@context":"https:\/\/schema.org","@graph":[{"@type":"NewsArticle","@id":"https:\/\/www.uni.lu\/c2dh-fr\/news\/ecrire-l-histoire-gestes-et-experiences-a-l-ere-numerique\/#article","isPartOf":{"@id":"https:\/\/www.uni.lu\/c2dh-fr\/news\/ecrire-l-histoire-gestes-et-experiences-a-l-ere-numerique\/"},"author":{"name":"nschon","@id":"https:\/\/www.uni.lu\/c2dh-fr\/#\/schema\/person\/777c01344d3f38547453952b4a0520bc"},"headline":"\u00c9crire l&rsquo;histoire. Gestes et exp\u00e9riences \u00e0 l&rsquo;\u00e8re num\u00e9rique","datePublished":"2025-09-04T11:54:32+00:00","dateModified":"2025-09-04T11:54:32+00:00","mainEntityOfPage":{"@id":"https:\/\/www.uni.lu\/c2dh-fr\/news\/ecrire-l-histoire-gestes-et-experiences-a-l-ere-numerique\/"},"wordCount":238,"publisher":{"@id":"https:\/\/www.uni.lu\/c2dh-fr\/#organization"},"image":{"@id":"https:\/\/www.uni.lu\/c2dh-fr\/news\/ecrire-l-histoire-gestes-et-experiences-a-l-ere-numerique\/#primaryimage"},"thumbnailUrl":"https:\/\/www.uni.lu\/wp-content\/uploads\/sites\/24\/2025\/09\/04135134\/Ecrire-l-histoire-couverture-4_3.jpg","inLanguage":"fr-FR"},{"@type":"WebPage","@id":"https:\/\/www.uni.lu\/c2dh-fr\/news\/ecrire-l-histoire-gestes-et-experiences-a-l-ere-numerique\/","url":"https:\/\/www.uni.lu\/c2dh-fr\/news\/ecrire-l-histoire-gestes-et-experiences-a-l-ere-numerique\/","name":"\u00c9crire l'histoire. Gestes et exp\u00e9riences \u00e0 l'\u00e8re num\u00e9rique - C\u00b2DH actualit\u00e9s I Universit\u00e9 du Luxembourg","isPartOf":{"@id":"https:\/\/www.uni.lu\/c2dh-fr\/#website"},"primaryImageOfPage":{"@id":"https:\/\/www.uni.lu\/c2dh-fr\/news\/ecrire-l-histoire-gestes-et-experiences-a-l-ere-numerique\/#primaryimage"},"image":{"@id":"https:\/\/www.uni.lu\/c2dh-fr\/news\/ecrire-l-histoire-gestes-et-experiences-a-l-ere-numerique\/#primaryimage"},"thumbnailUrl":"https:\/\/www.uni.lu\/wp-content\/uploads\/sites\/24\/2025\/09\/04135134\/Ecrire-l-histoire-couverture-4_3.jpg","datePublished":"2025-09-04T11:54:32+00:00","dateModified":"2025-09-04T11:54:32+00:00","description":"Publication de l'ouvrage \"Ecrire l'histoire. Gestes et exp\u00e9riences \u00e0 l'\u00e8re num\u00e9rique\".","breadcrumb":{"@id":"https:\/\/www.uni.lu\/c2dh-fr\/news\/ecrire-l-histoire-gestes-et-experiences-a-l-ere-numerique\/#breadcrumb"},"inLanguage":"fr-FR","potentialAction":[{"@type":"ReadAction","target":["https:\/\/www.uni.lu\/c2dh-fr\/news\/ecrire-l-histoire-gestes-et-experiences-a-l-ere-numerique\/"]}]},{"@type":"ImageObject","inLanguage":"fr-FR","@id":"https:\/\/www.uni.lu\/c2dh-fr\/news\/ecrire-l-histoire-gestes-et-experiences-a-l-ere-numerique\/#primaryimage","url":"https:\/\/www.uni.lu\/wp-content\/uploads\/sites\/24\/2025\/09\/04135134\/Ecrire-l-histoire-couverture-4_3.jpg","contentUrl":"https:\/\/www.uni.lu\/wp-content\/uploads\/sites\/24\/2025\/09\/04135134\/Ecrire-l-histoire-couverture-4_3.jpg","width":1500,"height":1125,"caption":"\u00c9crire l'histoire. Gestes et exp\u00e9riences \u00e0 l'\u00e8re num\u00e9rique"},{"@type":"BreadcrumbList","@id":"https:\/\/www.uni.lu\/c2dh-fr\/news\/ecrire-l-histoire-gestes-et-experiences-a-l-ere-numerique\/#breadcrumb","itemListElement":[{"@type":"ListItem","position":1,"name":"Home","item":"https:\/\/www.uni.lu\/fr"},{"@type":"ListItem","position":2,"name":"Luxembourg Centre for Contemporary and Digital History (C\u00b2DH)","item":"https:\/\/www.uni.lu\/c2dh-fr\/"},{"@type":"ListItem","position":3,"name":"News","item":"https:\/\/www.uni.lu\/c2dh-fr\/news\/"},{"@type":"ListItem","position":4,"name":"\u00c9crire l'histoire. Gestes et exp\u00e9riences \u00e0 l'\u00e8re num\u00e9rique"}]},{"@type":"WebSite","@id":"https:\/\/www.uni.lu\/c2dh-fr\/#website","url":"https:\/\/www.uni.lu\/c2dh-fr\/","name":"C2DH","description":"Luxembourg Centre for Contemporary and Digital History I Uni.lu","publisher":{"@id":"https:\/\/www.uni.lu\/c2dh-fr\/#organization"},"alternateName":"Luxembourg Centre for Contemporary and Digital History I Universit\u00e9 du Luxembourg","potentialAction":[{"@type":"SearchAction","target":{"@type":"EntryPoint","urlTemplate":"https:\/\/www.uni.lu\/c2dh-fr\/?s={search_term_string}"},"query-input":"required name=search_term_string"}],"inLanguage":"fr-FR"},{"@type":"Organization","@id":"https:\/\/www.uni.lu\/c2dh-fr\/#organization","name":"C\u00b2DH - Universit\u00e9 du Luxembourg I Uni.lu","alternateName":"Luxembourg Centre for Contemporary and Digital History","url":"https:\/\/www.uni.lu\/c2dh-fr\/","logo":{"@type":"ImageObject","inLanguage":"fr-FR","@id":"https:\/\/www.uni.lu\/c2dh-fr\/#\/schema\/logo\/image\/","url":"https:\/\/www.uni.lu\/wp-content\/uploads\/sites\/24\/2026\/03\/03113451\/C2DH_SM-Profile_1600x1600px-scaled.jpg","contentUrl":"https:\/\/www.uni.lu\/wp-content\/uploads\/sites\/24\/2026\/03\/03113451\/C2DH_SM-Profile_1600x1600px-scaled.jpg","width":2560,"height":2560,"caption":"C\u00b2DH - Universit\u00e9 du Luxembourg I Uni.lu"},"image":"https:\/\/www.uni.lu\/wp-content\/uploads\/sites\/24\/2026\/04\/24144333\/20200609-Belval-Campus_Henri-Goergen-23.jpg","sameAs":["https:\/\/www.facebook.com\/c2dh.lu","http:\/\/www.instagram.com\/c2dh_lu","http:\/\/www.linkedin.com\/showcase\/c2dh-university-of-luxembourg"],"email":"communication@uni.lu","telephone":"+3524666441","address":{"@type":"PostalAddress","streetAddress":"11, Porte des Sciences","addressLocality":"Esch-sur-Alzette","postalCode":"4365","addressCountry":"LU"},"description":"Luxembourg Centre for Contemporary and Digital History I Uni.lu"},{"@type":"Person","@id":"https:\/\/www.uni.lu\/c2dh-fr\/#\/schema\/person\/777c01344d3f38547453952b4a0520bc","name":"nschon","image":{"@type":"ImageObject","inLanguage":"fr-FR","@id":"https:\/\/www.uni.lu\/c2dh-fr\/#\/schema\/person\/image\/","url":"https:\/\/secure.gravatar.com\/avatar\/7eeda6835180130c947678523c13686f?s=96&d=mm&r=g","contentUrl":"https:\/\/secure.gravatar.com\/avatar\/7eeda6835180130c947678523c13686f?s=96&d=mm&r=g","caption":"nschon"}}]}},"blog_id":24,"_links":{"self":[{"href":"https:\/\/www.uni.lu\/c2dh-fr\/wp-json\/wp\/v2\/news\/1942"}],"collection":[{"href":"https:\/\/www.uni.lu\/c2dh-fr\/wp-json\/wp\/v2\/news"}],"about":[{"href":"https:\/\/www.uni.lu\/c2dh-fr\/wp-json\/wp\/v2\/types\/news"}],"author":[{"embeddable":true,"href":"https:\/\/www.uni.lu\/c2dh-fr\/wp-json\/wp\/v2\/users\/57"}],"version-history":[{"count":1,"href":"https:\/\/www.uni.lu\/c2dh-fr\/wp-json\/wp\/v2\/news\/1942\/revisions"}],"predecessor-version":[{"id":1945,"href":"https:\/\/www.uni.lu\/c2dh-fr\/wp-json\/wp\/v2\/news\/1942\/revisions\/1945"}],"wp:authorship":[{"embeddable":true,"href":"https:\/\/www.uni.lu\/c2dh-fr\/wp-json\/wp\/v2\/users\/57"}],"wp:featuredmedia":[{"embeddable":true,"href":"https:\/\/www.uni.lu\/c2dh-fr\/wp-json\/wp\/v2\/media\/1943"}],"wp:attachment":[{"href":"https:\/\/www.uni.lu\/c2dh-fr\/wp-json\/wp\/v2\/media?parent=1942"}],"wp:term":[{"taxonomy":"news-category","embeddable":true,"href":"https:\/\/www.uni.lu\/c2dh-fr\/wp-json\/wp\/v2\/news-category?post=1942"},{"taxonomy":"news-topic","embeddable":true,"href":"https:\/\/www.uni.lu\/c2dh-fr\/wp-json\/wp\/v2\/news-topic?post=1942"},{"taxonomy":"organisation","embeddable":true,"href":"https:\/\/www.uni.lu\/c2dh-fr\/wp-json\/wp\/v2\/organisation?post=1942"}],"curies":[{"name":"wp","href":"https:\/\/api.w.org\/{rel}","templated":true}]}}