{"id":965,"date":"2025-05-12T14:00:45","date_gmt":"2025-05-12T12:00:45","guid":{"rendered":"https:\/\/www.uni.lu\/c2dh-de\/?post_type=news&#038;p=965"},"modified":"2025-11-05T10:07:47","modified_gmt":"2025-11-05T09:07:47","slug":"tragen-sie-zum-forschungsprojekt-das-vermachtnis-der-family-of-man-bei","status":"publish","type":"news","link":"https:\/\/www.uni.lu\/c2dh-de\/news\/tragen-sie-zum-forschungsprojekt-das-vermachtnis-der-family-of-man-bei\/","title":{"rendered":"Tragen Sie zum Forschungsprojekt \u201eDas Verm\u00e4chtnis der Family of Man\u201c bei"},"content":{"rendered":"\n<section class=\"wp-block-unilux-blocks-free-section section\"><div class=\"container xl:max-w-screen-xl\">\n<p>Das C\u00b2DH f\u00fchrt ein Forschungsprojekt mit dem Titel&nbsp;<em><a href=\"https:\/\/www.uni.lu\/c2dh-en\/research-projects\/fomleg\/\">FoMLEG<\/a> (The Legacy of The Family of Man \/ Das Verm\u00e4chtnis der Family of Man)<\/em>&nbsp;durch. Ziel dieses Projekts ist es, Edward Steichens ikonische Fotoausstellung neu zu beleuchten, indem ihre internationale Tournee w\u00e4hrend des Kalten Krieges (1955\u20131963) sowie ihre Geschichte in Luxemburg seit 1965 erforscht werden.<\/p>\n\n\n\n<p>Im Rahmen dieser Forschung sammeln wir pers\u00f6nliche Geschichten, Erinnerungen und Erfahrungen im Zusammenhang mit&nbsp;<em>The Family of Man<\/em>. Ganz gleich, ob Sie die Ausstellung w\u00e4hrend ihrer urspr\u00fcnglichen Welttournee besucht haben, ihr in Clervaux begegnet sind oder sich auf pers\u00f6nlicher oder kultureller Ebene mit ihren Themen verbunden f\u00fchlen \u2013 Ihre Perspektive ist uns wichtig.<\/p>\n\n\n\n<p>Wir laden Sie ein, Folgendes mit uns zu teilen:<br>\u2022 Pers\u00f6nliche Erinnerungen an den Besuch der Ausstellung<br>\u2022 Fotografien, Briefe oder Erinnerungsst\u00fccke zur Ausstellung<br>\u2022 Gedanken dar\u00fcber, wie die Ausstellung Ihr Verst\u00e4ndnis von Fotografie, Menschlichkeit oder kultureller Identit\u00e4t gepr\u00e4gt hat<\/p>\n\n\n\n<div class=\"wp-block-columns is-layout-flex wp-block-columns-is-layout-flex\">\n<div class=\"wp-block-column is-layout-flow wp-block-column-is-layout-flow\"><figure class=\"wp-block-dev4-reusable-blocks-image  object-fit--cover\">\n    \n<img decoding=\"async\" class=\"wp-block-image unilux-custom-image-block\"\n                alt=\"Eine Gruppe von Kindern bei der Er\u00f6ffnung der Family of Man Ausstellung in Paris, 1956. \"\n            src=\"https:\/\/www.uni.lu\/wp-content\/uploads\/sites\/23\/2025\/05\/FoM-Paris-1x1-1.jpg\"\n                srcset=\"https:\/\/www.uni.lu\/wp-content\/uploads\/sites\/23\/2025\/05\/FoM-Paris-1x1-1-300x300.jpg 300w, https:\/\/www.uni.lu\/wp-content\/uploads\/sites\/23\/2025\/05\/FoM-Paris-1x1-1-1024x1024.jpg 1024w, https:\/\/www.uni.lu\/wp-content\/uploads\/sites\/23\/2025\/05\/FoM-Paris-1x1-1-150x150.jpg 150w, https:\/\/www.uni.lu\/wp-content\/uploads\/sites\/23\/2025\/05\/FoM-Paris-1x1-1-768x768.jpg 768w, https:\/\/www.uni.lu\/wp-content\/uploads\/sites\/23\/2025\/05\/FoM-Paris-1x1-1.jpg 1200w\"\n                style=\"object-position: 50.00% 50.00%; font-family: &quot;object-fit: cover; object-position: 50.00% 50.00%;&quot;; aspect-ratio: 1\/1; object-fit: cover; width: 100%;\"\n        loading=\"lazy\"\n\/>            <p class=\"wp-block-dev4-reusable-blocks-image-caption\">\n            Eine Gruppe von Kindern bei der Er\u00f6ffnung der Ausstellung in Paris, 1956. U.S. National Archives and Records Administration, Foto Nr. 286-MP-par-08682        <\/p>\n    <\/figure><\/div>\n\n\n\n<div class=\"wp-block-column is-layout-flow wp-block-column-is-layout-flow\"><figure class=\"wp-block-dev4-reusable-blocks-image  object-fit--cover\">\n    \n<img decoding=\"async\" class=\"wp-block-image unilux-custom-image-block\"\n                alt=\"Taschenbuchkatalog von \u201eThe Family of Man\u201c, herausgegeben von der Maco Magazine Corporation f\u00fcr das MoMA im Jahr 1955\"\n            src=\"https:\/\/www.uni.lu\/wp-content\/uploads\/sites\/23\/2025\/05\/FoM_Original-Catalogue-Cover-1955-1x1-1.jpg\"\n                srcset=\"https:\/\/www.uni.lu\/wp-content\/uploads\/sites\/23\/2025\/05\/FoM_Original-Catalogue-Cover-1955-1x1-1-300x300.jpg 300w, https:\/\/www.uni.lu\/wp-content\/uploads\/sites\/23\/2025\/05\/FoM_Original-Catalogue-Cover-1955-1x1-1-150x150.jpg 150w, https:\/\/www.uni.lu\/wp-content\/uploads\/sites\/23\/2025\/05\/FoM_Original-Catalogue-Cover-1955-1x1-1-768x768.jpg 768w, https:\/\/www.uni.lu\/wp-content\/uploads\/sites\/23\/2025\/05\/FoM_Original-Catalogue-Cover-1955-1x1-1.jpg 820w\"\n                style=\"object-position: 50.00% 50.00%; font-family: &quot;object-fit: cover; object-position: 50.00% 50.00%;&quot;; aspect-ratio: 1\/1; object-fit: cover; width: 100%;\"\n        loading=\"lazy\"\n\/>            <p class=\"wp-block-dev4-reusable-blocks-image-caption\">\n            Taschenbuchkatalog von \u201eThe Family of Man\u201c, herausgegeben von der Maco Magazine Corporation f\u00fcr das MoMA im Jahr 1955        <\/p>\n    <\/figure><\/div>\n<\/div>\n\n\n\n<p>Ihre Beitr\u00e4ge helfen uns dabei, besser zu verstehen, auf welch vielf\u00e4ltige Weise&nbsp;<em>The Family of Man<\/em>&nbsp;Menschen und Gemeinschaften im Laufe der Zeit ber\u00fchrt hat. Ausgew\u00e4hlte Geschichten k\u00f6nnten in zuk\u00fcnftigen Publikationen, Ausstellungen oder einem digitalen Archiv vorgestellt werden und so zu einem inklusiveren und vielf\u00e4ltigeren kollektiven Ged\u00e4chtnis beitragen.<\/p>\n\n\n\n<ul class=\"ulux-list\">\n<li class=\"ulux-list-item\"><a href=\"mailto:emilia.sanchez@uni.lu\">emilia.sanchez@uni.lu<\/a>&nbsp;f\u00fcr die internationale Tournee<\/li>\n\n\n\n<li class=\"ulux-list-item\"><a href=\"mailto:claude.ewert@uni.lu\">claude.ewert@uni.lu<\/a>&nbsp;f\u00fcr alles rund um&nbsp;<em>The Family of Man<\/em>&nbsp;in Luxemburg<\/li>\n<\/ul>\n\n\n\n<p>Vielen Dank, dass Sie Teil dieses kollektiven Erbes von&nbsp;<em>The Family of Man<\/em>&nbsp;werden wollen.<\/p>\n\n\n<div class=\"wp-block-unilux-blocks-spacer is-spacer-size-sm\"><\/div>\n\n\n<ul class=\"wp-block-unilux-blocks-button-list-v2\">\n<li class=\"wp-block-unilux-blocks-button-list-item-v2\"><a class=\"quick-link\" href=\"https:\/\/www.uni.lu\/wp-content\/uploads\/sites\/23\/2025\/07\/07103700\/Crowdsourcing-FoM_Espanol.pdf\" target=\"_blank\" role=\"link\" rel=\"noopener\" tabindex=\"0\"><span class=\"quick-link__container\">\n<div class=\"wp-block-unilux-blocks-block-inserter quick-link__img\">\n<div class=\"icon--primary icon--secondary-2 icon--xl wp-block-unilux-blocks-icon-picker\">\n    <svg aria-hidden=\"true\" focusable=\"false\" class=\"icon icon-outline icon--download-link \"><use xlink:href=\"https:\/\/www.uni.lu\/wp-content\/themes\/unilux-theme\/assets\/images\/icons\/icons-outline.svg#icon--download-link\"><\/use><\/svg><\/div><\/div>\n\n\n\n<span class=\"quick-link__name wp-block-unilux-blocks-plain-text\">Laden Sie den Aufruf in Spanisch runter<\/span>\n\n<svg aria-hidden=\"true\" focusable=\"false\" class=\"icon icon-outline icon--download \"><use xlink:href=\"https:\/\/www.uni.lu\/wp-content\/themes\/unilux-theme\/assets\/images\/icons\/icons-outline.svg#icon--download\"><\/use><\/svg><\/span><\/a><\/li>\n\n\n\n<li class=\"wp-block-unilux-blocks-button-list-item-v2\"><a class=\"quick-link\" href=\"https:\/\/www.uni.lu\/wp-content\/uploads\/sites\/23\/2025\/07\/07103527\/Crowdsourcing-FoM_Serbian.pdf\" target=\"_blank\" role=\"link\" rel=\"noopener\" tabindex=\"0\"><span class=\"quick-link__container\">\n<div class=\"wp-block-unilux-blocks-block-inserter quick-link__img\">\n<div class=\"icon--primary icon--secondary-2 icon--xl wp-block-unilux-blocks-icon-picker\">\n    <svg aria-hidden=\"true\" focusable=\"false\" class=\"icon icon-outline icon--download-link \"><use xlink:href=\"https:\/\/www.uni.lu\/wp-content\/themes\/unilux-theme\/assets\/images\/icons\/icons-outline.svg#icon--download-link\"><\/use><\/svg><\/div><\/div>\n\n\n\n<span class=\"quick-link__name wp-block-unilux-blocks-plain-text\">Laden Sie den Aufruf in Serbisch runter<\/span>\n\n<svg aria-hidden=\"true\" focusable=\"false\" class=\"icon icon-outline icon--download \"><use xlink:href=\"https:\/\/www.uni.lu\/wp-content\/themes\/unilux-theme\/assets\/images\/icons\/icons-outline.svg#icon--download\"><\/use><\/svg><\/span><\/a><\/li>\n\n\n\n<li class=\"wp-block-unilux-blocks-button-list-item-v2\"><a class=\"quick-link\" href=\"https:\/\/www.uni.lu\/wp-content\/uploads\/sites\/23\/2025\/07\/07103614\/Crowdsourcing-FoM_Bahasa.pdf\" target=\"_blank\" role=\"link\" rel=\"noopener\" tabindex=\"0\"><span class=\"quick-link__container\">\n<div class=\"wp-block-unilux-blocks-block-inserter quick-link__img\">\n<div class=\"icon--primary icon--secondary-2 icon--xl wp-block-unilux-blocks-icon-picker\">\n    <svg aria-hidden=\"true\" focusable=\"false\" class=\"icon icon-outline icon--download-link \"><use xlink:href=\"https:\/\/www.uni.lu\/wp-content\/themes\/unilux-theme\/assets\/images\/icons\/icons-outline.svg#icon--download-link\"><\/use><\/svg><\/div><\/div>\n\n\n\n<span class=\"quick-link__name wp-block-unilux-blocks-plain-text\">Laden Sie den Aufruf in Bahasa runter<\/span>\n\n<svg aria-hidden=\"true\" focusable=\"false\" class=\"icon icon-outline icon--download \"><use xlink:href=\"https:\/\/www.uni.lu\/wp-content\/themes\/unilux-theme\/assets\/images\/icons\/icons-outline.svg#icon--download\"><\/use><\/svg><\/span><\/a><\/li>\n\n\n\n<li class=\"wp-block-unilux-blocks-button-list-item-v2\"><a class=\"quick-link\" href=\"https:\/\/www.uni.lu\/wp-content\/uploads\/sites\/7\/2025\/08\/06090611\/Crowdsourcing-FoM_arabic.pdf\" target=\"_blank\" role=\"link\" rel=\"noopener\" tabindex=\"0\"><span class=\"quick-link__container\">\n<div class=\"wp-block-unilux-blocks-block-inserter quick-link__img\">\n<div class=\"icon--primary icon--secondary-2 icon--xl wp-block-unilux-blocks-icon-picker\">\n    <svg aria-hidden=\"true\" focusable=\"false\" class=\"icon icon-outline icon--download-link \"><use xlink:href=\"https:\/\/www.uni.lu\/wp-content\/themes\/unilux-theme\/assets\/images\/icons\/icons-outline.svg#icon--download-link\"><\/use><\/svg><\/div><\/div>\n\n\n\n<span class=\"quick-link__name wp-block-unilux-blocks-plain-text\">Laden Sie den Aufruf in Arabisch runter<\/span>\n\n<svg aria-hidden=\"true\" focusable=\"false\" class=\"icon icon-outline icon--download \"><use xlink:href=\"https:\/\/www.uni.lu\/wp-content\/themes\/unilux-theme\/assets\/images\/icons\/icons-outline.svg#icon--download\"><\/use><\/svg><\/span><\/a><\/li>\n\n\n\n<li class=\"wp-block-unilux-blocks-button-list-item-v2\"><a class=\"quick-link\" href=\"https:\/\/www.uni.lu\/wp-content\/uploads\/sites\/23\/2025\/07\/14121852\/Crowdsourcing-FoM_Luxembourgish.pdf\" target=\"_blank\" role=\"link\" rel=\"noopener\" tabindex=\"0\"><span class=\"quick-link__container\">\n<div class=\"wp-block-unilux-blocks-block-inserter quick-link__img\">\n<div class=\"icon--primary icon--secondary-2 icon--xl wp-block-unilux-blocks-icon-picker\">\n    <svg aria-hidden=\"true\" focusable=\"false\" class=\"icon icon-outline icon--download-link \"><use xlink:href=\"https:\/\/www.uni.lu\/wp-content\/themes\/unilux-theme\/assets\/images\/icons\/icons-outline.svg#icon--download-link\"><\/use><\/svg><\/div><\/div>\n\n\n\n<span class=\"quick-link__name wp-block-unilux-blocks-plain-text\">Laden Sie den Aufruf in Luxemburgisch runter<\/span>\n\n<svg aria-hidden=\"true\" focusable=\"false\" class=\"icon icon-outline icon--download \"><use xlink:href=\"https:\/\/www.uni.lu\/wp-content\/themes\/unilux-theme\/assets\/images\/icons\/icons-outline.svg#icon--download\"><\/use><\/svg><\/span><\/a><\/li>\n\n\n\n<li class=\"wp-block-unilux-blocks-button-list-item-v2\"><a class=\"quick-link\" href=\"https:\/\/www.uni.lu\/wp-content\/uploads\/sites\/7\/2025\/08\/06090744\/Crowdsourcing-FoM_farsi.pdf\" target=\"_blank\" role=\"link\" rel=\"noopener\" tabindex=\"0\"><span class=\"quick-link__container\">\n<div class=\"wp-block-unilux-blocks-block-inserter quick-link__img\">\n<div class=\"icon--primary icon--secondary-2 icon--xl wp-block-unilux-blocks-icon-picker\">\n    <svg aria-hidden=\"true\" focusable=\"false\" class=\"icon icon-outline icon--download-link \"><use xlink:href=\"https:\/\/www.uni.lu\/wp-content\/themes\/unilux-theme\/assets\/images\/icons\/icons-outline.svg#icon--download-link\"><\/use><\/svg><\/div><\/div>\n\n\n\n<span class=\"quick-link__name wp-block-unilux-blocks-plain-text\">Laden Sie den Aufruf in Farsi runter<\/span>\n\n<svg aria-hidden=\"true\" focusable=\"false\" class=\"icon icon-outline icon--download \"><use xlink:href=\"https:\/\/www.uni.lu\/wp-content\/themes\/unilux-theme\/assets\/images\/icons\/icons-outline.svg#icon--download\"><\/use><\/svg><\/span><\/a><\/li>\n\n\n\n<li class=\"wp-block-unilux-blocks-button-list-item-v2\"><a class=\"quick-link\" href=\"https:\/\/www.uni.lu\/wp-content\/uploads\/sites\/23\/2025\/09\/23141524\/Crowdsourcing-FoM_-Japanese.pdf\" target=\"_blank\" role=\"link\" rel=\"noopener\" tabindex=\"0\"><span class=\"quick-link__container\">\n<div class=\"wp-block-unilux-blocks-block-inserter quick-link__img\">\n<div class=\"icon--primary icon--secondary-2 icon--xl wp-block-unilux-blocks-icon-picker\">\n    <svg aria-hidden=\"true\" focusable=\"false\" class=\"icon icon-outline icon--download-link \"><use xlink:href=\"https:\/\/www.uni.lu\/wp-content\/themes\/unilux-theme\/assets\/images\/icons\/icons-outline.svg#icon--download-link\"><\/use><\/svg><\/div><\/div>\n\n\n\n<span class=\"quick-link__name wp-block-unilux-blocks-plain-text\">Laden Sie den Aufruf auf Japanisch runter<\/span>\n\n<svg aria-hidden=\"true\" focusable=\"false\" class=\"icon icon-outline icon--download \"><use xlink:href=\"https:\/\/www.uni.lu\/wp-content\/themes\/unilux-theme\/assets\/images\/icons\/icons-outline.svg#icon--download\"><\/use><\/svg><\/span><\/a><\/li>\n\n\n\n<li class=\"wp-block-unilux-blocks-button-list-item-v2\"><a class=\"quick-link\" href=\"https:\/\/www.uni.lu\/wp-content\/uploads\/sites\/23\/2025\/10\/06144634\/Crowdsourcing_FoM_Tagalog.pdf\" target=\"_blank\" role=\"link\" rel=\"noopener\" tabindex=\"0\"><span class=\"quick-link__container\">\n<div class=\"wp-block-unilux-blocks-block-inserter quick-link__img\">\n<div class=\"icon--primary icon--secondary-2 icon--xl wp-block-unilux-blocks-icon-picker\">\n    <svg aria-hidden=\"true\" focusable=\"false\" class=\"icon icon-outline icon--download-link \"><use xlink:href=\"https:\/\/www.uni.lu\/wp-content\/themes\/unilux-theme\/assets\/images\/icons\/icons-outline.svg#icon--download-link\"><\/use><\/svg><\/div><\/div>\n\n\n\n<span class=\"quick-link__name wp-block-unilux-blocks-plain-text\">Laden Sie den Aufruf in Tagalog runter<\/span>\n\n<svg aria-hidden=\"true\" focusable=\"false\" class=\"icon icon-outline icon--download \"><use xlink:href=\"https:\/\/www.uni.lu\/wp-content\/themes\/unilux-theme\/assets\/images\/icons\/icons-outline.svg#icon--download\"><\/use><\/svg><\/span><\/a><\/li>\n<\/ul>\n\n\n<div class=\"wp-block-unilux-blocks-spacer is-spacer-size-sm\"><\/div>\n\n<figure class=\"wp-block-dev4-reusable-blocks-image  object-fit--cover\">\n    \n<img decoding=\"async\" class=\"wp-block-image unilux-custom-image-block\"\n                alt=\"\"\n            src=\"https:\/\/www.uni.lu\/wp-content\/uploads\/sites\/23\/2025\/05\/FOM_world-map-16_9.jpg\"\n                srcset=\"https:\/\/www.uni.lu\/wp-content\/uploads\/sites\/23\/2025\/05\/FOM_world-map-16_9-300x169.jpg 300w, https:\/\/www.uni.lu\/wp-content\/uploads\/sites\/23\/2025\/05\/FOM_world-map-16_9-1024x576.jpg 1024w, https:\/\/www.uni.lu\/wp-content\/uploads\/sites\/23\/2025\/05\/FOM_world-map-16_9-768x432.jpg 768w, https:\/\/www.uni.lu\/wp-content\/uploads\/sites\/23\/2025\/05\/FOM_world-map-16_9.jpg 1500w\"\n                style=\"object-position: 50.00% 50.00%; font-family: &quot;object-fit: cover; object-position: 50.00% 50.00%;&quot;; aspect-ratio: 16\/9; object-fit: cover; width: 100%;\"\n        loading=\"lazy\"\n\/>            <p class=\"wp-block-dev4-reusable-blocks-image-caption\">\n            Die internationale Tournee der Family of Man 1955\u20131965. Karte erstellt vom CNA        <\/p>\n    <\/figure>\n\n<div class=\"py-48 first:pt-0 last:pb-0 wp-block-unilux-blocks-people-list\">\n    \n<h2 class=\"has-text-align-left wp-block-unilux-blocks-heading\"        id=\"die-projekt-forscher\"\n    >\nDie Projekt-Forscher<\/h2>\n<ul class=\"flex flex-wrap -mx-16 wp-block-unilux-blocks-people-item-wrapper\">\n    <li class=\"w-full md:w-1\/2 p-16 wp-block-unilux-blocks-people-item-automated\"><div class=\"ulux-card card-people bg-theme\"><div class=\"list-people bg-theme\">\n    <div class=\"list-people__container\">\n        <div class=\"list-people__visual\">\n            <figure class=\"wp-block-dev4-reusable-blocks-image\">\n                <!-- Template Image Component: default -->\n<img decoding=\"async\" class=\"w-full\" width=\"\" height=\"\" rel=\"\" alt=\"Emilia SANCHEZ GONZALEZ\" src=\"https:\/\/www.uni.lu\/en\/person-image\/NTAwODY4NjVfX0VtaWxpYSBTQU5DSEVaIEdPTlpBTEVa\" srcset=\"https:\/\/www.uni.lu\/en\/person-image\/NTAwODY4NjVfX0VtaWxpYSBTQU5DSEVaIEdPTlpBTEVa--thumbnail 150w,https:\/\/www.uni.lu\/en\/person-image\/NTAwODY4NjVfX0VtaWxpYSBTQU5DSEVaIEdPTlpBTEVa--medium 300w,https:\/\/www.uni.lu\/en\/person-image\/NTAwODY4NjVfX0VtaWxpYSBTQU5DSEVaIEdPTlpBTEVa--medium_large 768w,https:\/\/www.uni.lu\/en\/person-image\/NTAwODY4NjVfX0VtaWxpYSBTQU5DSEVaIEdPTlpBTEVa--large 1024w,https:\/\/www.uni.lu\/en\/person-image\/NTAwODY4NjVfX0VtaWxpYSBTQU5DSEVaIEdPTlpBTEVa--1536x1536 1536w,https:\/\/www.uni.lu\/en\/person-image\/NTAwODY4NjVfX0VtaWxpYSBTQU5DSEVaIEdPTlpBTEVa--2048x2048 2048w\" loading=\"lazy\" \/><!-- end Image Component -->\n            <\/figure>\n        <\/div>\n        <div class=\"list-people__body\">\n            <h3 class=\"list-people__title\">Emilia SANCHEZ GONZALEZ<\/h3>\n            <p class=\"list-people__description\">Doctoral researcher<\/p>\n            <div class=\"wp-block-unilux-blocks-simple-cta wp-block-unilux-blocks-people-item-automated\">\n    <a\n        href=\"https:\/\/www.uni.lu\/c2dh-en\/people\/emilia-sanchez-gonzalez\/\"\n        title=\"Emilia SANCHEZ GONZALEZ\"\n        class=\"link-text link-text--icon list-people__link link-absolute\"\n        target=\"\"\n    >\n        <span class=\"link-text__body\">\n            <span class=\"link-text__name\">Profil anzeigen<\/span>\n        <\/span>\n        <svg aria-hidden=\"true\" focusable=\"false\" class=\"icon icon-outline icon--arrow-right \"><use xlink:href=\"https:\/\/www.uni.lu\/wp-content\/themes\/unilux-theme\/assets\/images\/icons\/icons-outline.svg#icon--arrow-right\"><\/use><\/svg>    <\/a>\n<\/div>\n        <\/div>\n    <\/div>\n<\/div>\n<\/div><\/li><li class=\"w-full md:w-1\/2 p-16 wp-block-unilux-blocks-people-item-automated\"><div class=\"ulux-card card-people bg-theme\"><div class=\"list-people bg-theme\">\n    <div class=\"list-people__container\">\n        <div class=\"list-people__visual\">\n            <figure class=\"wp-block-dev4-reusable-blocks-image\">\n                <!-- Template Image Component: default -->\n<img decoding=\"async\" class=\"w-full\" width=\"\" height=\"\" rel=\"\" alt=\"Dr. Claude EWERT\" src=\"https:\/\/www.uni.lu\/en\/person-image\/NTAwMTU0OTZfX0NsYXVkZSBFV0VSVA==\" srcset=\"https:\/\/www.uni.lu\/en\/person-image\/NTAwMTU0OTZfX0NsYXVkZSBFV0VSVA==--thumbnail 150w,https:\/\/www.uni.lu\/en\/person-image\/NTAwMTU0OTZfX0NsYXVkZSBFV0VSVA==--medium 300w,https:\/\/www.uni.lu\/en\/person-image\/NTAwMTU0OTZfX0NsYXVkZSBFV0VSVA==--medium_large 768w,https:\/\/www.uni.lu\/en\/person-image\/NTAwMTU0OTZfX0NsYXVkZSBFV0VSVA==--large 1024w,https:\/\/www.uni.lu\/en\/person-image\/NTAwMTU0OTZfX0NsYXVkZSBFV0VSVA==--1536x1536 1536w,https:\/\/www.uni.lu\/en\/person-image\/NTAwMTU0OTZfX0NsYXVkZSBFV0VSVA==--2048x2048 2048w\" loading=\"lazy\" \/><!-- end Image Component -->\n            <\/figure>\n        <\/div>\n        <div class=\"list-people__body\">\n            <h3 class=\"list-people__title\">Dr. Claude EWERT<\/h3>\n            <p class=\"list-people__description\">Postdoctoral researcher<\/p>\n            <div class=\"wp-block-unilux-blocks-simple-cta wp-block-unilux-blocks-people-item-automated\">\n    <a\n        href=\"https:\/\/www.uni.lu\/c2dh-en\/people\/claude-ewert\/\"\n        title=\"Dr. Claude EWERT\"\n        class=\"link-text link-text--icon list-people__link link-absolute\"\n        target=\"\"\n    >\n        <span class=\"link-text__body\">\n            <span class=\"link-text__name\">Profil anzeigen<\/span>\n        <\/span>\n        <svg aria-hidden=\"true\" focusable=\"false\" class=\"icon icon-outline icon--arrow-right \"><use xlink:href=\"https:\/\/www.uni.lu\/wp-content\/themes\/unilux-theme\/assets\/images\/icons\/icons-outline.svg#icon--arrow-right\"><\/use><\/svg>    <\/a>\n<\/div>\n        <\/div>\n    <\/div>\n<\/div>\n<\/div><\/li><\/ul>\n\n<\/div>\n\n<\/div><\/section>\n","protected":false},"excerpt":{"rendered":"<p>Das C\u00b2DH sammelt pers\u00f6nliche Geschichten, Erinnerungen und Erfahrungen im Zusammenhang mit der Ausstellung \u201eThe Family of Man\u201c.<\/p>\n","protected":false},"author":57,"featured_media":966,"template":"","format":"standard","meta":{"featured_image_focal_point":[],"show_featured_caption":true,"ulux_newsletter_groups":"","uluxPostTitle":"","uluxPrePostTitle":"","_trash_the_other_posts":false,"_price":"","_stock":"","_tribe_ticket_header":"","_tribe_default_ticket_provider":"","_tribe_ticket_capacity":"0","_ticket_start_date":"","_ticket_end_date":"","_tribe_ticket_show_description":"","_tribe_ticket_show_not_going":false,"_tribe_ticket_use_global_stock":"","_tribe_ticket_global_stock_level":"","_global_stock_mode":"","_global_stock_cap":"","_tribe_rsvp_for_event":"","_tribe_ticket_going_count":"","_tribe_ticket_not_going_count":"","_tribe_tickets_list":"[]","_tribe_ticket_has_attendee_info_fields":false},"news-category":[6],"news-topic":[16],"organisation":[544,542],"authorship":[57],"acf":[],"yoast_head":"<!-- This site is optimized with the Yoast SEO Premium plugin v22.3 (Yoast SEO v22.3) - https:\/\/yoast.com\/wordpress\/plugins\/seo\/ -->\n<title>Tragen Sie zum Forschungsprojekt \u201eDas Verm\u00e4chtnis der Family of Man\u201c bei - C\u00b2DH Aktualit\u00e4ten I Universit\u00e4t Luxemburg<\/title>\n<meta name=\"description\" content=\"Das C\u00b2DH sammelt pers\u00f6nliche Geschichten, Erinnerungen und Erfahrungen im Zusammenhang mit der Ausstellung \u201eThe Family of Man\u201c.\" \/>\n<meta name=\"robots\" content=\"index, follow, max-snippet:-1, max-image-preview:large, max-video-preview:-1\" \/>\n<link rel=\"canonical\" href=\"https:\/\/www.uni.lu\/c2dh-de\/news\/tragen-sie-zum-forschungsprojekt-das-vermachtnis-der-family-of-man-bei\/\" \/>\n<meta property=\"og:locale\" content=\"de_DE\" \/>\n<meta property=\"og:type\" content=\"article\" \/>\n<meta property=\"og:title\" content=\"Tragen Sie zum Forschungsprojekt \u201eDas Verm\u00e4chtnis der Family of Man\u201c bei\" \/>\n<meta property=\"og:description\" content=\"Das C\u00b2DH sammelt pers\u00f6nliche Geschichten, Erinnerungen und Erfahrungen im Zusammenhang mit der Ausstellung \u201eThe Family of Man\u201c.\" \/>\n<meta property=\"og:url\" content=\"https:\/\/www.uni.lu\/c2dh-de\/news\/tragen-sie-zum-forschungsprojekt-das-vermachtnis-der-family-of-man-bei\/\" \/>\n<meta property=\"og:site_name\" content=\"C2DH DE\" \/>\n<meta property=\"article:publisher\" content=\"https:\/\/www.facebook.com\/c2dh.lu\" \/>\n<meta property=\"article:modified_time\" content=\"2025-11-05T09:07:47+00:00\" \/>\n<meta property=\"og:image\" content=\"https:\/\/www.uni.lu\/wp-content\/uploads\/sites\/23\/2025\/05\/Family_of_Man__Exhibit_Opening_Day_-_DPLA_-_2882adf2084b87d5105cccf267f28b78-1-scaled.jpg\" \/>\n\t<meta property=\"og:image:width\" content=\"2560\" \/>\n\t<meta property=\"og:image:height\" content=\"2093\" \/>\n\t<meta property=\"og:image:type\" content=\"image\/jpeg\" \/>\n<meta name=\"twitter:card\" content=\"summary_large_image\" \/>\n<meta name=\"twitter:label1\" content=\"Gesch\u00e4tzte Lesezeit\" \/>\n\t<meta name=\"twitter:data1\" content=\"2 Minuten\" \/>\n<script type=\"application\/ld+json\" class=\"yoast-schema-graph\">{\"@context\":\"https:\/\/schema.org\",\"@graph\":[{\"@type\":\"NewsArticle\",\"@id\":\"https:\/\/www.uni.lu\/c2dh-de\/news\/tragen-sie-zum-forschungsprojekt-das-vermachtnis-der-family-of-man-bei\/#article\",\"isPartOf\":{\"@id\":\"https:\/\/www.uni.lu\/c2dh-de\/news\/tragen-sie-zum-forschungsprojekt-das-vermachtnis-der-family-of-man-bei\/\"},\"author\":{\"name\":\"nschon\",\"@id\":\"https:\/\/www.uni.lu\/c2dh-de\/#\/schema\/person\/777c01344d3f38547453952b4a0520bc\"},\"headline\":\"Tragen Sie zum Forschungsprojekt \u201eDas Verm\u00e4chtnis der Family of Man\u201c bei\",\"datePublished\":\"2025-05-12T12:00:45+00:00\",\"dateModified\":\"2025-11-05T09:07:47+00:00\",\"mainEntityOfPage\":{\"@id\":\"https:\/\/www.uni.lu\/c2dh-de\/news\/tragen-sie-zum-forschungsprojekt-das-vermachtnis-der-family-of-man-bei\/\"},\"wordCount\":273,\"publisher\":{\"@id\":\"https:\/\/www.uni.lu\/c2dh-de\/#organization\"},\"image\":{\"@id\":\"https:\/\/www.uni.lu\/c2dh-de\/news\/tragen-sie-zum-forschungsprojekt-das-vermachtnis-der-family-of-man-bei\/#primaryimage\"},\"thumbnailUrl\":\"https:\/\/www.uni.lu\/wp-content\/uploads\/sites\/23\/2025\/05\/Family_of_Man__Exhibit_Opening_Day_-_DPLA_-_2882adf2084b87d5105cccf267f28b78-1-scaled.jpg\",\"inLanguage\":\"de-DE\"},{\"@type\":\"WebPage\",\"@id\":\"https:\/\/www.uni.lu\/c2dh-de\/news\/tragen-sie-zum-forschungsprojekt-das-vermachtnis-der-family-of-man-bei\/\",\"url\":\"https:\/\/www.uni.lu\/c2dh-de\/news\/tragen-sie-zum-forschungsprojekt-das-vermachtnis-der-family-of-man-bei\/\",\"name\":\"Tragen Sie zum Forschungsprojekt \u201eDas Verm\u00e4chtnis der Family of Man\u201c bei - C\u00b2DH Aktualit\u00e4ten I Universit\u00e4t Luxemburg\",\"isPartOf\":{\"@id\":\"https:\/\/www.uni.lu\/c2dh-de\/#website\"},\"primaryImageOfPage\":{\"@id\":\"https:\/\/www.uni.lu\/c2dh-de\/news\/tragen-sie-zum-forschungsprojekt-das-vermachtnis-der-family-of-man-bei\/#primaryimage\"},\"image\":{\"@id\":\"https:\/\/www.uni.lu\/c2dh-de\/news\/tragen-sie-zum-forschungsprojekt-das-vermachtnis-der-family-of-man-bei\/#primaryimage\"},\"thumbnailUrl\":\"https:\/\/www.uni.lu\/wp-content\/uploads\/sites\/23\/2025\/05\/Family_of_Man__Exhibit_Opening_Day_-_DPLA_-_2882adf2084b87d5105cccf267f28b78-1-scaled.jpg\",\"datePublished\":\"2025-05-12T12:00:45+00:00\",\"dateModified\":\"2025-11-05T09:07:47+00:00\",\"description\":\"Das C\u00b2DH sammelt pers\u00f6nliche Geschichten, Erinnerungen und Erfahrungen im Zusammenhang mit der Ausstellung \u201eThe Family of Man\u201c.\",\"breadcrumb\":{\"@id\":\"https:\/\/www.uni.lu\/c2dh-de\/news\/tragen-sie-zum-forschungsprojekt-das-vermachtnis-der-family-of-man-bei\/#breadcrumb\"},\"inLanguage\":\"de-DE\",\"potentialAction\":[{\"@type\":\"ReadAction\",\"target\":[\"https:\/\/www.uni.lu\/c2dh-de\/news\/tragen-sie-zum-forschungsprojekt-das-vermachtnis-der-family-of-man-bei\/\"]}]},{\"@type\":\"ImageObject\",\"inLanguage\":\"de-DE\",\"@id\":\"https:\/\/www.uni.lu\/c2dh-de\/news\/tragen-sie-zum-forschungsprojekt-das-vermachtnis-der-family-of-man-bei\/#primaryimage\",\"url\":\"https:\/\/www.uni.lu\/wp-content\/uploads\/sites\/23\/2025\/05\/Family_of_Man__Exhibit_Opening_Day_-_DPLA_-_2882adf2084b87d5105cccf267f28b78-1-scaled.jpg\",\"contentUrl\":\"https:\/\/www.uni.lu\/wp-content\/uploads\/sites\/23\/2025\/05\/Family_of_Man__Exhibit_Opening_Day_-_DPLA_-_2882adf2084b87d5105cccf267f28b78-1-scaled.jpg\",\"width\":2560,\"height\":2093,\"caption\":\"Er\u00f6ffnung der Ausstellung in Paris, 1956. U.S. National Archives and Records Administration, Foto Nr. 286-MP-par-08673\"},{\"@type\":\"BreadcrumbList\",\"@id\":\"https:\/\/www.uni.lu\/c2dh-de\/news\/tragen-sie-zum-forschungsprojekt-das-vermachtnis-der-family-of-man-bei\/#breadcrumb\",\"itemListElement\":[{\"@type\":\"ListItem\",\"position\":1,\"name\":\"Home\",\"item\":\"https:\/\/www.uni.lu\/de\"},{\"@type\":\"ListItem\",\"position\":2,\"name\":\"Luxembourg Centre for Contemporary and Digital History (C\u00b2DH)\",\"item\":\"https:\/\/www.uni.lu\/c2dh-de\/\"},{\"@type\":\"ListItem\",\"position\":3,\"name\":\"News\",\"item\":\"https:\/\/www.uni.lu\/c2dh-de\/news\/\"},{\"@type\":\"ListItem\",\"position\":4,\"name\":\"Tragen Sie zum Forschungsprojekt \u201eDas Verm\u00e4chtnis der Family of Man\u201c bei\"}]},{\"@type\":\"WebSite\",\"@id\":\"https:\/\/www.uni.lu\/c2dh-de\/#website\",\"url\":\"https:\/\/www.uni.lu\/c2dh-de\/\",\"name\":\"C2DH\",\"description\":\"Luxemburg Centre for Contemporary and Digital History I Uni.lu\",\"publisher\":{\"@id\":\"https:\/\/www.uni.lu\/c2dh-de\/#organization\"},\"alternateName\":\"Luxemburg Centre for Contemporary and Digital History I Universit\u00e4t Luxemburg\",\"potentialAction\":[{\"@type\":\"SearchAction\",\"target\":{\"@type\":\"EntryPoint\",\"urlTemplate\":\"https:\/\/www.uni.lu\/c2dh-de\/?s={search_term_string}\"},\"query-input\":\"required name=search_term_string\"}],\"inLanguage\":\"de-DE\"},{\"@type\":\"Organization\",\"@id\":\"https:\/\/www.uni.lu\/c2dh-de\/#organization\",\"name\":\"C\u00b2DH - Universit\u00e4t Luxemburg I Uni.lu\",\"alternateName\":\"Luxembourg Centre for Contemporary and Digital History\",\"url\":\"https:\/\/www.uni.lu\/c2dh-de\/\",\"logo\":{\"@type\":\"ImageObject\",\"inLanguage\":\"de-DE\",\"@id\":\"https:\/\/www.uni.lu\/c2dh-de\/#\/schema\/logo\/image\/\",\"url\":\"https:\/\/www.uni.lu\/wp-content\/uploads\/sites\/23\/2026\/03\/03113256\/C2DH_SM-Profile_1600x1600px-scaled.jpg\",\"contentUrl\":\"https:\/\/www.uni.lu\/wp-content\/uploads\/sites\/23\/2026\/03\/03113256\/C2DH_SM-Profile_1600x1600px-scaled.jpg\",\"width\":2560,\"height\":2560,\"caption\":\"C\u00b2DH - Universit\u00e4t Luxemburg I Uni.lu\"},\"image\":\"https:\/\/www.uni.lu\/wp-content\/uploads\/sites\/23\/2026\/04\/24144333\/20200609-Belval-Campus_Henri-Goergen-23.jpg\",\"sameAs\":[\"https:\/\/www.facebook.com\/c2dh.lu\",\"http:\/\/www.instagram.com\/c2dh_lu\",\"http:\/\/www.linkedin.com\/showcase\/c2dh-university-of-luxembourg\"],\"email\":\"communication@uni.lu\",\"telephone\":\"+3524666441\",\"address\":{\"@type\":\"PostalAddress\",\"streetAddress\":\"11, Porte des Sciences\",\"addressLocality\":\"Esch-sur-Alzette\",\"postalCode\":\"4365\",\"addressCountry\":\"LU\"},\"description\":\"Luxemburg Centre for Contemporary and Digital History I Uni.lu\"},{\"@type\":\"Person\",\"@id\":\"https:\/\/www.uni.lu\/c2dh-de\/#\/schema\/person\/777c01344d3f38547453952b4a0520bc\",\"name\":\"nschon\",\"image\":{\"@type\":\"ImageObject\",\"inLanguage\":\"de-DE\",\"@id\":\"https:\/\/www.uni.lu\/c2dh-de\/#\/schema\/person\/image\/\",\"url\":\"https:\/\/secure.gravatar.com\/avatar\/7eeda6835180130c947678523c13686f?s=96&d=mm&r=g\",\"contentUrl\":\"https:\/\/secure.gravatar.com\/avatar\/7eeda6835180130c947678523c13686f?s=96&d=mm&r=g\",\"caption\":\"nschon\"}}]}<\/script>\n<!-- \/ Yoast SEO Premium plugin. -->","yoast_head_json":{"title":"Tragen Sie zum Forschungsprojekt \u201eDas Verm\u00e4chtnis der Family of Man\u201c bei - C\u00b2DH Aktualit\u00e4ten I Universit\u00e4t Luxemburg","description":"Das C\u00b2DH sammelt pers\u00f6nliche Geschichten, Erinnerungen und Erfahrungen im Zusammenhang mit der Ausstellung \u201eThe Family of Man\u201c.","robots":{"index":"index","follow":"follow","max-snippet":"max-snippet:-1","max-image-preview":"max-image-preview:large","max-video-preview":"max-video-preview:-1"},"canonical":"https:\/\/www.uni.lu\/c2dh-de\/news\/tragen-sie-zum-forschungsprojekt-das-vermachtnis-der-family-of-man-bei\/","og_locale":"de_DE","og_type":"article","og_title":"Tragen Sie zum Forschungsprojekt \u201eDas Verm\u00e4chtnis der Family of Man\u201c bei","og_description":"Das C\u00b2DH sammelt pers\u00f6nliche Geschichten, Erinnerungen und Erfahrungen im Zusammenhang mit der Ausstellung \u201eThe Family of Man\u201c.","og_url":"https:\/\/www.uni.lu\/c2dh-de\/news\/tragen-sie-zum-forschungsprojekt-das-vermachtnis-der-family-of-man-bei\/","og_site_name":"C2DH DE","article_publisher":"https:\/\/www.facebook.com\/c2dh.lu","article_modified_time":"2025-11-05T09:07:47+00:00","og_image":[{"width":2560,"height":2093,"url":"https:\/\/www.uni.lu\/wp-content\/uploads\/sites\/23\/2025\/05\/Family_of_Man__Exhibit_Opening_Day_-_DPLA_-_2882adf2084b87d5105cccf267f28b78-1-scaled.jpg","type":"image\/jpeg"}],"twitter_card":"summary_large_image","twitter_misc":{"Gesch\u00e4tzte Lesezeit":"2 Minuten"},"schema":{"@context":"https:\/\/schema.org","@graph":[{"@type":"NewsArticle","@id":"https:\/\/www.uni.lu\/c2dh-de\/news\/tragen-sie-zum-forschungsprojekt-das-vermachtnis-der-family-of-man-bei\/#article","isPartOf":{"@id":"https:\/\/www.uni.lu\/c2dh-de\/news\/tragen-sie-zum-forschungsprojekt-das-vermachtnis-der-family-of-man-bei\/"},"author":{"name":"nschon","@id":"https:\/\/www.uni.lu\/c2dh-de\/#\/schema\/person\/777c01344d3f38547453952b4a0520bc"},"headline":"Tragen Sie zum Forschungsprojekt \u201eDas Verm\u00e4chtnis der Family of Man\u201c bei","datePublished":"2025-05-12T12:00:45+00:00","dateModified":"2025-11-05T09:07:47+00:00","mainEntityOfPage":{"@id":"https:\/\/www.uni.lu\/c2dh-de\/news\/tragen-sie-zum-forschungsprojekt-das-vermachtnis-der-family-of-man-bei\/"},"wordCount":273,"publisher":{"@id":"https:\/\/www.uni.lu\/c2dh-de\/#organization"},"image":{"@id":"https:\/\/www.uni.lu\/c2dh-de\/news\/tragen-sie-zum-forschungsprojekt-das-vermachtnis-der-family-of-man-bei\/#primaryimage"},"thumbnailUrl":"https:\/\/www.uni.lu\/wp-content\/uploads\/sites\/23\/2025\/05\/Family_of_Man__Exhibit_Opening_Day_-_DPLA_-_2882adf2084b87d5105cccf267f28b78-1-scaled.jpg","inLanguage":"de-DE"},{"@type":"WebPage","@id":"https:\/\/www.uni.lu\/c2dh-de\/news\/tragen-sie-zum-forschungsprojekt-das-vermachtnis-der-family-of-man-bei\/","url":"https:\/\/www.uni.lu\/c2dh-de\/news\/tragen-sie-zum-forschungsprojekt-das-vermachtnis-der-family-of-man-bei\/","name":"Tragen Sie zum Forschungsprojekt \u201eDas Verm\u00e4chtnis der Family of Man\u201c bei - C\u00b2DH Aktualit\u00e4ten I Universit\u00e4t Luxemburg","isPartOf":{"@id":"https:\/\/www.uni.lu\/c2dh-de\/#website"},"primaryImageOfPage":{"@id":"https:\/\/www.uni.lu\/c2dh-de\/news\/tragen-sie-zum-forschungsprojekt-das-vermachtnis-der-family-of-man-bei\/#primaryimage"},"image":{"@id":"https:\/\/www.uni.lu\/c2dh-de\/news\/tragen-sie-zum-forschungsprojekt-das-vermachtnis-der-family-of-man-bei\/#primaryimage"},"thumbnailUrl":"https:\/\/www.uni.lu\/wp-content\/uploads\/sites\/23\/2025\/05\/Family_of_Man__Exhibit_Opening_Day_-_DPLA_-_2882adf2084b87d5105cccf267f28b78-1-scaled.jpg","datePublished":"2025-05-12T12:00:45+00:00","dateModified":"2025-11-05T09:07:47+00:00","description":"Das C\u00b2DH sammelt pers\u00f6nliche Geschichten, Erinnerungen und Erfahrungen im Zusammenhang mit der Ausstellung \u201eThe Family of Man\u201c.","breadcrumb":{"@id":"https:\/\/www.uni.lu\/c2dh-de\/news\/tragen-sie-zum-forschungsprojekt-das-vermachtnis-der-family-of-man-bei\/#breadcrumb"},"inLanguage":"de-DE","potentialAction":[{"@type":"ReadAction","target":["https:\/\/www.uni.lu\/c2dh-de\/news\/tragen-sie-zum-forschungsprojekt-das-vermachtnis-der-family-of-man-bei\/"]}]},{"@type":"ImageObject","inLanguage":"de-DE","@id":"https:\/\/www.uni.lu\/c2dh-de\/news\/tragen-sie-zum-forschungsprojekt-das-vermachtnis-der-family-of-man-bei\/#primaryimage","url":"https:\/\/www.uni.lu\/wp-content\/uploads\/sites\/23\/2025\/05\/Family_of_Man__Exhibit_Opening_Day_-_DPLA_-_2882adf2084b87d5105cccf267f28b78-1-scaled.jpg","contentUrl":"https:\/\/www.uni.lu\/wp-content\/uploads\/sites\/23\/2025\/05\/Family_of_Man__Exhibit_Opening_Day_-_DPLA_-_2882adf2084b87d5105cccf267f28b78-1-scaled.jpg","width":2560,"height":2093,"caption":"Er\u00f6ffnung der Ausstellung in Paris, 1956. U.S. National Archives and Records Administration, Foto Nr. 286-MP-par-08673"},{"@type":"BreadcrumbList","@id":"https:\/\/www.uni.lu\/c2dh-de\/news\/tragen-sie-zum-forschungsprojekt-das-vermachtnis-der-family-of-man-bei\/#breadcrumb","itemListElement":[{"@type":"ListItem","position":1,"name":"Home","item":"https:\/\/www.uni.lu\/de"},{"@type":"ListItem","position":2,"name":"Luxembourg Centre for Contemporary and Digital History (C\u00b2DH)","item":"https:\/\/www.uni.lu\/c2dh-de\/"},{"@type":"ListItem","position":3,"name":"News","item":"https:\/\/www.uni.lu\/c2dh-de\/news\/"},{"@type":"ListItem","position":4,"name":"Tragen Sie zum Forschungsprojekt \u201eDas Verm\u00e4chtnis der Family of Man\u201c bei"}]},{"@type":"WebSite","@id":"https:\/\/www.uni.lu\/c2dh-de\/#website","url":"https:\/\/www.uni.lu\/c2dh-de\/","name":"C2DH","description":"Luxemburg Centre for Contemporary and Digital History I Uni.lu","publisher":{"@id":"https:\/\/www.uni.lu\/c2dh-de\/#organization"},"alternateName":"Luxemburg Centre for Contemporary and Digital History I Universit\u00e4t Luxemburg","potentialAction":[{"@type":"SearchAction","target":{"@type":"EntryPoint","urlTemplate":"https:\/\/www.uni.lu\/c2dh-de\/?s={search_term_string}"},"query-input":"required name=search_term_string"}],"inLanguage":"de-DE"},{"@type":"Organization","@id":"https:\/\/www.uni.lu\/c2dh-de\/#organization","name":"C\u00b2DH - Universit\u00e4t Luxemburg I Uni.lu","alternateName":"Luxembourg Centre for Contemporary and Digital History","url":"https:\/\/www.uni.lu\/c2dh-de\/","logo":{"@type":"ImageObject","inLanguage":"de-DE","@id":"https:\/\/www.uni.lu\/c2dh-de\/#\/schema\/logo\/image\/","url":"https:\/\/www.uni.lu\/wp-content\/uploads\/sites\/23\/2026\/03\/03113256\/C2DH_SM-Profile_1600x1600px-scaled.jpg","contentUrl":"https:\/\/www.uni.lu\/wp-content\/uploads\/sites\/23\/2026\/03\/03113256\/C2DH_SM-Profile_1600x1600px-scaled.jpg","width":2560,"height":2560,"caption":"C\u00b2DH - Universit\u00e4t Luxemburg I Uni.lu"},"image":"https:\/\/www.uni.lu\/wp-content\/uploads\/sites\/23\/2026\/04\/24144333\/20200609-Belval-Campus_Henri-Goergen-23.jpg","sameAs":["https:\/\/www.facebook.com\/c2dh.lu","http:\/\/www.instagram.com\/c2dh_lu","http:\/\/www.linkedin.com\/showcase\/c2dh-university-of-luxembourg"],"email":"communication@uni.lu","telephone":"+3524666441","address":{"@type":"PostalAddress","streetAddress":"11, Porte des Sciences","addressLocality":"Esch-sur-Alzette","postalCode":"4365","addressCountry":"LU"},"description":"Luxemburg Centre for Contemporary and Digital History I Uni.lu"},{"@type":"Person","@id":"https:\/\/www.uni.lu\/c2dh-de\/#\/schema\/person\/777c01344d3f38547453952b4a0520bc","name":"nschon","image":{"@type":"ImageObject","inLanguage":"de-DE","@id":"https:\/\/www.uni.lu\/c2dh-de\/#\/schema\/person\/image\/","url":"https:\/\/secure.gravatar.com\/avatar\/7eeda6835180130c947678523c13686f?s=96&d=mm&r=g","contentUrl":"https:\/\/secure.gravatar.com\/avatar\/7eeda6835180130c947678523c13686f?s=96&d=mm&r=g","caption":"nschon"}}]}},"blog_id":23,"_links":{"self":[{"href":"https:\/\/www.uni.lu\/c2dh-de\/wp-json\/wp\/v2\/news\/965"}],"collection":[{"href":"https:\/\/www.uni.lu\/c2dh-de\/wp-json\/wp\/v2\/news"}],"about":[{"href":"https:\/\/www.uni.lu\/c2dh-de\/wp-json\/wp\/v2\/types\/news"}],"author":[{"embeddable":true,"href":"https:\/\/www.uni.lu\/c2dh-de\/wp-json\/wp\/v2\/users\/57"}],"version-history":[{"count":5,"href":"https:\/\/www.uni.lu\/c2dh-de\/wp-json\/wp\/v2\/news\/965\/revisions"}],"predecessor-version":[{"id":1243,"href":"https:\/\/www.uni.lu\/c2dh-de\/wp-json\/wp\/v2\/news\/965\/revisions\/1243"}],"wp:authorship":[{"embeddable":true,"href":"https:\/\/www.uni.lu\/c2dh-de\/wp-json\/wp\/v2\/users\/57"}],"wp:featuredmedia":[{"embeddable":true,"href":"https:\/\/www.uni.lu\/c2dh-de\/wp-json\/wp\/v2\/media\/966"}],"wp:attachment":[{"href":"https:\/\/www.uni.lu\/c2dh-de\/wp-json\/wp\/v2\/media?parent=965"}],"wp:term":[{"taxonomy":"news-category","embeddable":true,"href":"https:\/\/www.uni.lu\/c2dh-de\/wp-json\/wp\/v2\/news-category?post=965"},{"taxonomy":"news-topic","embeddable":true,"href":"https:\/\/www.uni.lu\/c2dh-de\/wp-json\/wp\/v2\/news-topic?post=965"},{"taxonomy":"organisation","embeddable":true,"href":"https:\/\/www.uni.lu\/c2dh-de\/wp-json\/wp\/v2\/organisation?post=965"}],"curies":[{"name":"wp","href":"https:\/\/api.w.org\/{rel}","templated":true}]}}